{"id":646961,"date":"2026-01-07T11:33:10","date_gmt":"2026-01-07T11:33:10","guid":{"rendered":"https:\/\/www.europesays.com\/fr\/646961\/"},"modified":"2026-01-07T11:33:10","modified_gmt":"2026-01-07T11:33:10","slug":"leclub-golf-elargit-son-reseau-avec-28-nouveaux-golfs-et-hotels-en-2026","status":"publish","type":"post","link":"https:\/\/www.europesays.com\/fr\/646961\/","title":{"rendered":"LeClub Golf \u00e9largit son r\u00e9seau avec 28 nouveaux golfs et h\u00f4tels en 2026"},"content":{"rendered":"<p>\t\t\t\t\t\t<img width=\"770\" height=\"556\" src=\"https:\/\/www.europesays.com\/fr\/wp-content\/uploads\/2026\/01\/michlifen-golf-country-club--770x556.jpg\" class=\"img-responsive wp-post-image\" alt=\"\" decoding=\"async\" fetchpriority=\"high\"  \/>\t\t\t\t\t<\/p>\n<p>\t\t\t\t\t\t Partager cet article <\/p>\n<p class=\"screen-reader-text juiz_sps_maybe_hidden_text\">Partager la publication \u00ab\u00a0LeClub Golf \u00e9largit son r\u00e9seau avec 28 nouveaux golfs et h\u00f4tels en 2026\u00a0\u00bb<\/p>\n<p><strong>LeClub Golf d\u00e9bute l\u2019ann\u00e9e 2026 avec l\u2019int\u00e9gration de 28 nouveaux \u00e9tablissements qui viennent enrichir l\u2019offre du premier r\u00e9seau fran\u00e7ais, en France comme \u00e0 l\u2019international.<\/strong><\/p>\n<p>&#13;<br \/>\nQuinze nouveaux parcours et treize h\u00f4tels rejoignent ainsi un r\u00e9seau qui compte d\u00e9sormais plus de 240 golfs partenaires en France et pr\u00e8s de 1 000 \u00e0 travers le monde, au service de plus de 100 000 membres. L\u2019Hexagone accueille sept nouveaux parcours partenaires.<\/p>\n<p>Le <strong>Golf de Roches d\u2019Azur<\/strong>, le <strong>Golf Grand Avignon<\/strong>, le <strong>Golf de Saint-Samson<\/strong>, le <strong>Golf de Nan\u00e7ay Sologne<\/strong>, le<strong> Golf du Perche<\/strong>, le <strong>OffGolf de Villennes-sur-Seine<\/strong> et le<strong> Golf de Dinan-La Corbinais<\/strong> viennent renforcer une offre d\u00e9j\u00e0 dense, couvrant aussi bien les zones urbaines que les destinations plus touristiques.<\/p>\n<blockquote data-service=\"instagram\" data-category=\"marketing\" data-placeholder-image=\"https:\/\/www.golfplanete.com\/wp-content\/plugins\/complianz-gdpr-premium\/assets\/images\/placeholders\/instagram-minimal.jpg\" class=\"cmplz-placeholder-element instagram-media\" style=\"background: #FFF; border: 0; border-radius: 3px; box-shadow: 0 0 1px 0 rgba(0,0,0,0.5),0 1px 10px 0 rgba(0,0,0,0.15); margin: 1px; max-width: 540px; min-width: 326px; padding: 0; width: calc(100% - 2px);\" data-instgrm-captioned=\"\" data-instgrm-permalink=\"https:\/\/www.instagram.com\/p\/DTI2XpYjBS_\/?utm_source=ig_embed&amp;utm_campaign=loading\" data-instgrm-version=\"14\"><p>&#13;<br \/>\n&#13;\n<\/p><\/blockquote>\n<p>Une pr\u00e9sence europ\u00e9enne renforc\u00e9e<\/p>\n<p>\u00c0 l\u2019\u00e9chelle europ\u00e9enne, <strong>LeClub Golf<\/strong> poursuit \u00e9galement son d\u00e9veloppement. En Belgique, le <strong>Golf de Virton<\/strong> et le <strong>Golf Club de Palingbeek<\/strong> int\u00e8grent le r\u00e9seau. En Espagne, le<strong> Fontanals Golf Club <\/strong>et le<strong> Golf Los Lagos<\/strong> compl\u00e8tent l\u2019offre existante, offrant de nouvelles options aux golfeurs en d\u00e9placement.<\/p>\n<p>L\u2019ann\u00e9e 2026 marque \u00e9galement l\u2019entr\u00e9e de <strong>LeClub Golf<\/strong> au Portugal, avec l\u2019int\u00e9gration du <strong>Penha Longa Resort <\/strong>et du<strong> Quinta do Peru<\/strong>. Par ailleurs, six golfs sont d\u00e9sormais accessibles exclusivement en ligne au Portugal et aux \u00eeles Canaries, ouvrant deux nouvelles destinations au sein du r\u00e9seau. Au Maroc, le <strong>Akenza Golf <\/strong>et le<strong> Michlifen Golf &amp; Country Club<\/strong> (photo) rejoignent \u00e9galement la s\u00e9lection internationale.<\/p>\n<p>Des h\u00f4tels partenaires pour prolonger l\u2019exp\u00e9rience<\/p>\n<p>Treize nouveaux h\u00f4tels viennent compl\u00e9ter l\u2019offre golfique, parmi lesquels le r\u00e9seau <strong>HappyCulture<\/strong>, le<strong> Manoir des 2 Sources<\/strong>, le<strong> Best Western Plus Le Conqu\u00e9rant 4*<\/strong>, l\u2019<strong>H\u00f4tel Restaurant Spa La Rob\u00e9y\u00e8re 4*<\/strong>, <strong>Afred Hotels<\/strong>, les<strong> Cabanes des Grands Ch\u00eanes <\/strong>ou encore le <strong>Hilton Taghazout Bay Resort<\/strong> au Maroc.<\/p>\n<p>Le programme <strong>LeClub Golf<\/strong> repose sur des formules Classic et Gold, permettant aux membres de b\u00e9n\u00e9ficier de r\u00e9ductions de 20 \u00e0 50 % sur les green-fees, tout en cumulant des points \u00e0 chaque r\u00e9servation. Le r\u00e9seau propose \u00e9galement une comp\u00e9tition amateur internationale annuelle, offrant aux participants la possibilit\u00e9 de d\u00e9crocher un titre mondial, sur le parcours du <strong>Somabay Golf Club<\/strong>, en \u00c9gypte.<\/p>\n<p><a href=\"https:\/\/leclub-golf.com\/fr\" target=\"_blank\" rel=\"noopener\">Plus d\u2019informations ici.<\/a><\/p>\n<p>\u00a0<\/p>\n<p>\u00a0<\/p>\n<p>\u00a9Alan Keohane<\/p>\n<p>\t\t\t<script async src=\"\/\/www.instagram.com\/embed.js\"><\/script><\/p>\n","protected":false},"excerpt":{"rendered":"Partager cet article Partager la publication \u00ab\u00a0LeClub Golf \u00e9largit son r\u00e9seau avec 28 nouveaux golfs et h\u00f4tels en&hellip;\n","protected":false},"author":2,"featured_media":646962,"comment_status":"","ping_status":"","sticky":false,"template":"","format":"standard","meta":{"footnotes":""},"categories":[1418],"tags":[1011,27,1472,60],"class_list":{"0":"post-646961","1":"post","2":"type-post","3":"status-publish","4":"format-standard","5":"has-post-thumbnail","7":"category-golf","8":"tag-fr","9":"tag-france","10":"tag-golf","11":"tag-sports"},"share_on_mastodon":{"url":"https:\/\/pubeurope.com\/@fr\/115853603841491403","error":""},"_links":{"self":[{"href":"https:\/\/www.europesays.com\/fr\/wp-json\/wp\/v2\/posts\/646961","targetHints":{"allow":["GET"]}}],"collection":[{"href":"https:\/\/www.europesays.com\/fr\/wp-json\/wp\/v2\/posts"}],"about":[{"href":"https:\/\/www.europesays.com\/fr\/wp-json\/wp\/v2\/types\/post"}],"author":[{"embeddable":true,"href":"https:\/\/www.europesays.com\/fr\/wp-json\/wp\/v2\/users\/2"}],"replies":[{"embeddable":true,"href":"https:\/\/www.europesays.com\/fr\/wp-json\/wp\/v2\/comments?post=646961"}],"version-history":[{"count":0,"href":"https:\/\/www.europesays.com\/fr\/wp-json\/wp\/v2\/posts\/646961\/revisions"}],"wp:featuredmedia":[{"embeddable":true,"href":"https:\/\/www.europesays.com\/fr\/wp-json\/wp\/v2\/media\/646962"}],"wp:attachment":[{"href":"https:\/\/www.europesays.com\/fr\/wp-json\/wp\/v2\/media?parent=646961"}],"wp:term":[{"taxonomy":"category","embeddable":true,"href":"https:\/\/www.europesays.com\/fr\/wp-json\/wp\/v2\/categories?post=646961"},{"taxonomy":"post_tag","embeddable":true,"href":"https:\/\/www.europesays.com\/fr\/wp-json\/wp\/v2\/tags?post=646961"}],"curies":[{"name":"wp","href":"https:\/\/api.w.org\/{rel}","templated":true}]}}