{"id":646988,"date":"2026-01-07T11:52:10","date_gmt":"2026-01-07T11:52:10","guid":{"rendered":"https:\/\/www.europesays.com\/fr\/646988\/"},"modified":"2026-01-07T11:52:10","modified_gmt":"2026-01-07T11:52:10","slug":"le-verrier-arc-france-demande-son-placement-en-redressement-judiciaire","status":"publish","type":"post","link":"https:\/\/www.europesays.com\/fr\/646988\/","title":{"rendered":"Le verrier Arc France demande son placement en redressement judiciaire"},"content":{"rendered":"<p>\n    Le fabricant de vaisselle en verre, qui emploie encore plus de 3000 salari\u00e9s \u00e0 Arques, est en difficult\u00e9 depuis plusieurs ann\u00e9es.<\/p>\n<p class=\"fig-paragraph\">Arc France, fabricant fran\u00e7ais historique de produits en verre pour les arts de la table, annonce ce mercredi 7 janvier avoir demand\u00e9 son placement en redressement judiciaire en raison d\u2019une \u00abd\u00e9gradation s\u00e9v\u00e8re et continue\u00bb de son environnement de march\u00e9. Ce groupe bicentenaire, qui emploie encore plus de 3000 salari\u00e9s dans son usine \u00e0 Arques (Pas-de-Calais), a b\u00e9n\u00e9fici\u00e9\u00a0<a href=\"http:\/\/www.lefigaro.fr\/flash-eco\/le-plan-de-refinancement-du-verrier-arc-valide-par-la-justice-20250414\" data-fig-type=\"NewsFlash\" data-gtm-custom-categorie=\"navigation\" data-gtm-custom-action=\"crossclick\" data-gtm-custom-label=\"Contextuel\" data-gtm-event=\"customEventSPE\" data-fig-domain=\"LEFIGARO\" target=\"_blank\" rel=\"noopener\">de nombreux plans de refinancement<\/a>\u00a0soutenus par l\u2019\u00c9tat, le dernier il y a un an.<\/p>\n<p class=\"fig-paragraph\">Le tribunal de commerce de Lille M\u00e9tropole doit statuer mercredi sur sa demande de placement en redressement judiciaire, pr\u00e9cise le groupe dans un communiqu\u00e9. Cette proc\u00e9dure est \u00able seul cadre l\u00e9gal et possible pour permettre \u00e0 Arc de s\u2019adapter durablement \u00e0 un environnement de march\u00e9 profond\u00e9ment d\u00e9grad\u00e9\u00bb, estime le directeur g\u00e9n\u00e9ral d\u2019Arc France Nick Hodler, cit\u00e9 dans le communiqu\u00e9. Malgr\u00e9 un \u00e9ni\u00e8me plan de refinancement et de relance valid\u00e9 en avril dernier par la justice, \u00abnotre mod\u00e8le doit encore se transformer en profondeur (&#8230;), en revoyant notre sch\u00e9ma industriel et donc en r\u00e9duisant nos effectifs\u00bb, pr\u00e9vient Nick Hodler.<\/p>\n<p>                                            <a class=\"fig-a11y-skip\" href=\"#fig-a11y-skip-main-inarticle\" data-module=\"a11y-skip\" data-context=\"was @visible\"><br \/>\n    Passer la publicit\u00e9<br \/>\n<\/a>            <\/p>\n<p class=\"fig-paragraph\">Timoth\u00e9e Durand, membre d\u2019une famille de propri\u00e9taires historiques d\u2019Arc o\u00f9 il a pass\u00e9 la majeure partie de sa carri\u00e8re jusqu\u2019en 2024, va pr\u00e9senter un projet de reprise de la soci\u00e9t\u00e9, ajoute l\u2019entreprise dans son communiqu\u00e9, qualifiant cette offre de \u00abs\u00e9rieuse\u00bb et \u00abr\u00e9aliste\u00bb. \u00abL\u2019\u00c9tat sera attentif aux cons\u00e9quences humaines et sociales\u00bb de cette nouvelle proc\u00e9dure pour Arc, \u00abdans la continuit\u00e9 du soutien apport\u00e9 par l\u2019\u00c9tat \u00e0 ce groupe depuis plusieurs ann\u00e9es\u00bb, a r\u00e9agi le ministre d\u00e9l\u00e9gu\u00e9 \u00e0 l\u2019Industrie S\u00e9bastien Martin.<\/p>\n","protected":false},"excerpt":{"rendered":"Le fabricant de vaisselle en verre, qui emploie encore plus de 3000 salari\u00e9s \u00e0 Arques, est en difficult\u00e9&hellip;\n","protected":false},"author":2,"featured_media":646989,"comment_status":"","ping_status":"","sticky":false,"template":"","format":"standard","meta":{"footnotes":""},"categories":[6],"tags":[35,33,34,1011,27,693],"class_list":{"0":"post-646988","1":"post","2":"type-post","3":"status-publish","4":"format-standard","5":"has-post-thumbnail","7":"category-economie","8":"tag-business","9":"tag-economie","10":"tag-economy","11":"tag-fr","12":"tag-france","13":"tag-industrie"},"share_on_mastodon":{"url":"https:\/\/pubeurope.com\/@fr\/115853678609539485","error":""},"_links":{"self":[{"href":"https:\/\/www.europesays.com\/fr\/wp-json\/wp\/v2\/posts\/646988","targetHints":{"allow":["GET"]}}],"collection":[{"href":"https:\/\/www.europesays.com\/fr\/wp-json\/wp\/v2\/posts"}],"about":[{"href":"https:\/\/www.europesays.com\/fr\/wp-json\/wp\/v2\/types\/post"}],"author":[{"embeddable":true,"href":"https:\/\/www.europesays.com\/fr\/wp-json\/wp\/v2\/users\/2"}],"replies":[{"embeddable":true,"href":"https:\/\/www.europesays.com\/fr\/wp-json\/wp\/v2\/comments?post=646988"}],"version-history":[{"count":0,"href":"https:\/\/www.europesays.com\/fr\/wp-json\/wp\/v2\/posts\/646988\/revisions"}],"wp:featuredmedia":[{"embeddable":true,"href":"https:\/\/www.europesays.com\/fr\/wp-json\/wp\/v2\/media\/646989"}],"wp:attachment":[{"href":"https:\/\/www.europesays.com\/fr\/wp-json\/wp\/v2\/media?parent=646988"}],"wp:term":[{"taxonomy":"category","embeddable":true,"href":"https:\/\/www.europesays.com\/fr\/wp-json\/wp\/v2\/categories?post=646988"},{"taxonomy":"post_tag","embeddable":true,"href":"https:\/\/www.europesays.com\/fr\/wp-json\/wp\/v2\/tags?post=646988"}],"curies":[{"name":"wp","href":"https:\/\/api.w.org\/{rel}","templated":true}]}}