{"id":646990,"date":"2026-01-07T11:53:11","date_gmt":"2026-01-07T11:53:11","guid":{"rendered":"https:\/\/www.europesays.com\/fr\/646990\/"},"modified":"2026-01-07T11:53:11","modified_gmt":"2026-01-07T11:53:11","slug":"la-chine-repete-que-le-venezuela-est-un-pays-souverain","status":"publish","type":"post","link":"https:\/\/www.europesays.com\/fr\/646990\/","title":{"rendered":"la Chine r\u00e9p\u00e8te que le Venezuela est \u00ab\u00a0un pays souverain\u00a0\u00bb"},"content":{"rendered":"<p>   \u00ab\u00a0Seuls les V\u00e9n\u00e9zu\u00e9liens peuvent d\u00e9cider de leur destin\u00a0\u00bb, rappelle la ministre des affaires \u00e9trang\u00e8res colombienne             <\/p>\n<p class=\"post__live-container--answer-text post__space-node\">La Colombie a affirm\u00e9 mardi reconna\u00eetre Delcy Rodriguez comme pr\u00e9sidente par int\u00e9rim du Venezuela.<\/p>\n<p class=\"post__live-container--answer-text post__space-node\">\u00ab\u00a0Seuls les V\u00e9n\u00e9zu\u00e9liens, exer\u00e7ant leur souverainet\u00e9, peuvent d\u00e9cider de leur destin. En l\u2019absence du pr\u00e9sident Maduro, le vice-pr\u00e9sident a \u00e9t\u00e9 \u00e9lu et demeure en fonction. Ceci est conforme au cadre juridique interne du pays. Nous respectons les d\u00e9cisions souveraines de ce syst\u00e8me juridique\u00a0\u00bb, a d\u00e9clar\u00e9 la ministre des affaires \u00e9trang\u00e8res colombienne, Rosa Yolanda Villavicencio, dans des propos rapport\u00e9s par <a href=\"https:\/\/www.eluniversal.com\/internacional\/223690\/colombia-respeta-posesion-de-delcy-rodriguez-como-presidenta-encargada-de-venezuela\" target=\"_blank\" rel=\"noopener\" title=\"Nouvelle fen\u00eatre\">El Universal<\/a>.<\/p>\n<p class=\"post__live-container--answer-text post__space-node\">La ministre a critiqu\u00e9 les agressions de l\u2019administration Trump contre le Venezuela, ainsi que les menaces prof\u00e9r\u00e9es par le pr\u00e9sident am\u00e9ricain contre le pr\u00e9sident colombien Gustavo Petro. \u00ab\u00a0Nous rejetons toutes les menaces prof\u00e9r\u00e9es contre quelque pays que ce soit. Et nous rejetons les administrations de type colonialiste\u00a0\u00bb, a-t-elle dit.<\/p>\n<p class=\"post__live-container--answer-text post__space-node\">Selon le quotidien v\u00e9n\u00e9zu\u00e9lien, elle a rencontr\u00e9 mardi le charg\u00e9 des affaires am\u00e9ricain en Colombie, John McNamara, afin de lui remettre une note diplomatique de \u00ab\u00a0rejet de ces insultes, de ces menaces, qui ne sont pas seulement dirig\u00e9es contre le pr\u00e9sident Gustavo Petro\u00a0\u00bb.<\/p>\n<p class=\"post__live-container--answer-text post__space-node\">\u00ab\u00a0Nous voulons qu\u2019ils comprennent, et que la soci\u00e9t\u00e9 sache, qu\u2019il est notre pr\u00e9sident d\u00e9mocratiquement \u00e9lu, qu\u2019il est le chef des forces de s\u00e9curit\u00e9 et de l\u2019Etat\u00a0\u00bb, a conclu Rosa Yolanda Villavicencio.<\/p>\n","protected":false},"excerpt":{"rendered":"\u00ab\u00a0Seuls les V\u00e9n\u00e9zu\u00e9liens peuvent d\u00e9cider de leur destin\u00a0\u00bb, rappelle la ministre des affaires \u00e9trang\u00e8res colombienne La Colombie a&hellip;\n","protected":false},"author":2,"featured_media":646991,"comment_status":"","ping_status":"","sticky":false,"template":"","format":"standard","meta":{"footnotes":""},"categories":[5],"tags":[11,1011,27,14,12,28],"class_list":{"0":"post-646990","1":"post","2":"type-post","3":"status-publish","4":"format-standard","5":"has-post-thumbnail","7":"category-international","8":"tag-actualites","9":"tag-fr","10":"tag-france","11":"tag-international","12":"tag-news","13":"tag-world"},"share_on_mastodon":{"url":"https:\/\/pubeurope.com\/@fr\/115853682564435055","error":""},"_links":{"self":[{"href":"https:\/\/www.europesays.com\/fr\/wp-json\/wp\/v2\/posts\/646990","targetHints":{"allow":["GET"]}}],"collection":[{"href":"https:\/\/www.europesays.com\/fr\/wp-json\/wp\/v2\/posts"}],"about":[{"href":"https:\/\/www.europesays.com\/fr\/wp-json\/wp\/v2\/types\/post"}],"author":[{"embeddable":true,"href":"https:\/\/www.europesays.com\/fr\/wp-json\/wp\/v2\/users\/2"}],"replies":[{"embeddable":true,"href":"https:\/\/www.europesays.com\/fr\/wp-json\/wp\/v2\/comments?post=646990"}],"version-history":[{"count":0,"href":"https:\/\/www.europesays.com\/fr\/wp-json\/wp\/v2\/posts\/646990\/revisions"}],"wp:featuredmedia":[{"embeddable":true,"href":"https:\/\/www.europesays.com\/fr\/wp-json\/wp\/v2\/media\/646991"}],"wp:attachment":[{"href":"https:\/\/www.europesays.com\/fr\/wp-json\/wp\/v2\/media?parent=646990"}],"wp:term":[{"taxonomy":"category","embeddable":true,"href":"https:\/\/www.europesays.com\/fr\/wp-json\/wp\/v2\/categories?post=646990"},{"taxonomy":"post_tag","embeddable":true,"href":"https:\/\/www.europesays.com\/fr\/wp-json\/wp\/v2\/tags?post=646990"}],"curies":[{"name":"wp","href":"https:\/\/api.w.org\/{rel}","templated":true}]}}