{"id":647000,"date":"2026-01-07T11:58:09","date_gmt":"2026-01-07T11:58:09","guid":{"rendered":"https:\/\/www.europesays.com\/fr\/647000\/"},"modified":"2026-01-07T11:58:09","modified_gmt":"2026-01-07T11:58:09","slug":"un-salarie-dune-scierie-heliporte-vers-nancy","status":"publish","type":"post","link":"https:\/\/www.europesays.com\/fr\/647000\/","title":{"rendered":"un salari\u00e9 d&rsquo;une scierie h\u00e9liport\u00e9 vers Nancy"},"content":{"rendered":"<p>                    Par<br \/>\n        <strong><br \/>\n            <a href=\"https:\/\/actu.fr\/auteur\/pierre-emile-bouchy-actu-fr\" title=\"Consulter tous les articles de Paul-Emile Bouchy\" target=\"_blank\" rel=\"noopener\">Paul-Emile Bouchy<\/a><br \/>\n                    <\/strong><\/p>\n<p>        Publi\u00e9 le<\/p>\n<p>            7 janv. 2026 \u00e0 11h26        <\/p>\n<p>Mardi matin, vers 10h30, un <a href=\"https:\/\/actu.fr\/tag\/accident\" target=\"_blank\" rel=\"noopener\">accident<\/a> de travail a eu lieu dans <strong>une scierie situ\u00e9e \u00e0 Remomeix<\/strong>, pr\u00e8s de Saint-Di\u00e9-des-Vosges.<\/p>\n<p class=\" wall-content\"><strong>L\u2019avant-bras d\u2019un ouvrier \u00e2g\u00e9 de 30\u00a0ans s\u2019est coinc\u00e9 dans une machine<\/strong>, d\u2019apr\u00e8s une information de<a href=\"https:\/\/www.vosgesmatin.fr\/faits-divers-justice\/2026\/01\/06\/un-employe-de-scierie-se-coince-l-avant-bras-dans-une-machine-a-remomeix\" target=\"_blank\" rel=\"noopener\"> Vosges Matin <\/a>confirm\u00e9e par Lorraine Actu.<\/p>\n<p>L\u2019ouvrier transport\u00e9 en h\u00e9licopt\u00e8re vers Nancy<\/p>\n<p class=\" wall-content\">Selon le Service d\u00e9partemental d\u2019incendie et de secours, huit <a href=\"https:\/\/actu.fr\/tag\/pompiers\" target=\"_blank\" rel=\"noopener\">pompiers<\/a> ont \u00e9t\u00e9 mobilis\u00e9s. Malgr\u00e9 le port de protection, <strong>l\u2019avant-bras de l\u2019ouvrier a \u00e9t\u00e9 tr\u00e8s endommag\u00e9<\/strong>.<\/p>\n<p class=\" wall-content\">La victime a \u00e9t\u00e9 <strong>h\u00e9liport\u00e9e en urgence vers le CHRU de Nancy<\/strong>.<\/p>\n<p class=\" wall-content\">Personnalisez votre actualit\u00e9 en ajoutant vos villes et m\u00e9dias en favori avec <a href=\"https:\/\/moncompte.actu.fr\" title=\"D\u00e9couvez Mon Actu\" rel=\"nofollow noopener\" data-trk=\"{&quot;cta&quot;:{&quot;action&quot;:&quot;https:\\\/\\\/moncompte.actu.fr&quot;,&quot;category&quot;:&quot;mon compte&quot;,&quot;from&quot;:&quot;article footer&quot;,&quot;name&quot;:&quot;Mon actu&quot;,&quot;type&quot;:&quot;cta&quot;}}\" target=\"_blank\">Mon Actu<\/a>.<\/p>\n","protected":false},"excerpt":{"rendered":"Par Paul-Emile Bouchy Publi\u00e9 le 7 janv. 2026 \u00e0 11h26 Mardi matin, vers 10h30, un accident de travail&hellip;\n","protected":false},"author":2,"featured_media":647001,"comment_status":"","ping_status":"","sticky":false,"template":"","format":"standard","meta":{"footnotes":""},"categories":[9635],"tags":[119,1111,11,1777,674,118,1011,27,775,1702,12,1311,25],"class_list":{"0":"post-647000","1":"post","2":"type-post","3":"status-publish","4":"format-standard","5":"has-post-thumbnail","7":"category-nancy","8":"tag-accident","9":"tag-actu","10":"tag-actualites","11":"tag-eu","12":"tag-europe","13":"tag-faits-divers","14":"tag-fr","15":"tag-france","16":"tag-grand-est","17":"tag-nancy","18":"tag-news","19":"tag-pompiers","20":"tag-republique-francaise"},"share_on_mastodon":{"url":"https:\/\/pubeurope.com\/@fr\/115853702742859803","error":""},"_links":{"self":[{"href":"https:\/\/www.europesays.com\/fr\/wp-json\/wp\/v2\/posts\/647000","targetHints":{"allow":["GET"]}}],"collection":[{"href":"https:\/\/www.europesays.com\/fr\/wp-json\/wp\/v2\/posts"}],"about":[{"href":"https:\/\/www.europesays.com\/fr\/wp-json\/wp\/v2\/types\/post"}],"author":[{"embeddable":true,"href":"https:\/\/www.europesays.com\/fr\/wp-json\/wp\/v2\/users\/2"}],"replies":[{"embeddable":true,"href":"https:\/\/www.europesays.com\/fr\/wp-json\/wp\/v2\/comments?post=647000"}],"version-history":[{"count":0,"href":"https:\/\/www.europesays.com\/fr\/wp-json\/wp\/v2\/posts\/647000\/revisions"}],"wp:featuredmedia":[{"embeddable":true,"href":"https:\/\/www.europesays.com\/fr\/wp-json\/wp\/v2\/media\/647001"}],"wp:attachment":[{"href":"https:\/\/www.europesays.com\/fr\/wp-json\/wp\/v2\/media?parent=647000"}],"wp:term":[{"taxonomy":"category","embeddable":true,"href":"https:\/\/www.europesays.com\/fr\/wp-json\/wp\/v2\/categories?post=647000"},{"taxonomy":"post_tag","embeddable":true,"href":"https:\/\/www.europesays.com\/fr\/wp-json\/wp\/v2\/tags?post=647000"}],"curies":[{"name":"wp","href":"https:\/\/api.w.org\/{rel}","templated":true}]}}