{"id":647002,"date":"2026-01-07T11:59:15","date_gmt":"2026-01-07T11:59:15","guid":{"rendered":"https:\/\/www.europesays.com\/fr\/647002\/"},"modified":"2026-01-07T11:59:15","modified_gmt":"2026-01-07T11:59:15","slug":"meurthe-et-moselle-a-nancy-toul-luneville-ou-pont-a-mousson-vos-rendez-vous-culturels-en-2026","status":"publish","type":"post","link":"https:\/\/www.europesays.com\/fr\/647002\/","title":{"rendered":"Meurthe-et-Moselle. \u00c0\u00a0Nancy, Toul, Lun\u00e9ville ou Pont-\u00e0-Mousson, vos rendez-vous culturels en 2026"},"content":{"rendered":"<p>Onze dates sont pour l&rsquo;instant connues, y en aura-t-il d&rsquo;autres\u00a0? L&rsquo;\u00e9dition 2026 du <a href=\"https:\/\/www.estrepublicain.fr\/p\/zenith-du-grand-nancy\" target=\"_blank\" rel=\"noopener\">Nancy Open Air<\/a> prendra ses quartiers d&rsquo;\u00e9t\u00e9 en juin et juillet.\u00a0\u00a0<\/p>\n<p>La programmation \u00a0:<\/p>\n<ul>\n<li><strong>Vendredi 5, samedi 6 et dimanche 7 juin<\/strong> : <a href=\"https:\/\/www.estrepublicain.fr\/culture-loisirs\/2025\/11\/27\/nancy-open-air-2026-le-heavy-week-end-est-au-complet\" target=\"_blank\" rel=\"noopener\">Heavy Week-End<\/a> avec notamment Sabaton le vendredi, Gojira le samedi<\/li>\n<li><strong>Vendredi 19 et samedi 20 juin<\/strong> \u00a0: Gims<\/li>\n<li><strong>Mercredi 24 juin<\/strong> \u00a0: <a href=\"https:\/\/www.estrepublicain.fr\/culture-loisirs\/2025\/11\/21\/nancy-open-air-neil-young-et-elvis-costello-seront-sur-la-scene-du-zenith-de-nancy-en-2026\" target=\"_blank\" rel=\"noopener\">Neil Young<\/a> et Elvis Costello<\/li>\n<li><strong>Samedi 27 juin<\/strong> \u00a0: Orelsan<\/li>\n<li><strong>Mercredi 1er juillet<\/strong> \u00a0: soir\u00e9e rap avec\u00a0Dakeez, Tayc, Jok\u2019Air et Bekar<\/li>\n<li><strong>Samedi 4 juillet<\/strong>\u00a0: com\u00e9die musicale Le Roi Soleil, le retour<\/li>\n<li><strong>Dimanche 4 juillet<\/strong>\u00a0: derni\u00e8re promotion de la <a href=\"https:\/\/www.estrepublicain.fr\/culture-loisirs\/2025\/12\/21\/le-point-sur-la-programmation-du-nancy-open-air-2026?preview=true\" target=\"_blank\" rel=\"noopener\">Star Academy<\/a><\/li>\n<li><strong>Dimanche 12 juillet<\/strong> \u00a0: <a href=\"https:\/\/www.estrepublicain.fr\/culture-loisirs\/2025\/10\/27\/nancy-open-air-katy-perry-pour-un-concert-hors-norme\" target=\"_blank\" rel=\"noopener\">Katy Perry<\/a><\/li>\n<\/ul>\n<p>Festival litt\u00e9raire de la rentr\u00e9e qui draine un important flot de visiteurs place Carri\u00e8re, sous les chapiteaux, mais aussi sur <a href=\"https:\/\/www.estrepublicain.fr\/economie\/2025\/09\/14\/livre-sur-la-place-un-week-end-leader-pour-le-commerce\" target=\"_blank\" rel=\"noopener\">les terrasses des bars de la place Stanislas<\/a>, le Livre sur la place se tient traditionnellement le deuxi\u00e8me week-end de septembre.<\/p>\n<p>Rendez-vous donc les <strong>12 et 13 septembre<\/strong> pour l\u2019\u00e9dition 2026. L\u2019an dernier, Guillaume Gallienne avait pr\u00e9sid\u00e9 une \u00e9dition r\u00e9unissant David Foenkinos, <a href=\"https:\/\/www.estrepublicain.fr\/p\/raphael-quenard\" target=\"_blank\" rel=\"noopener\">Rapha\u00ebl Quenard<\/a>, <a href=\"https:\/\/www.estrepublicain.fr\/p\/emmanuel-carrere\" target=\"_blank\" rel=\"noopener\">Emmanuel Carr\u00e8re<\/a>, Anne Sinclair, etc. Qui succ\u00e9dera au soci\u00e9taire de la Com\u00e9die-Fran\u00e7aise ?<\/p>\n<p class=\"componentDescription\">Revoir Rapha\u00ebl Quenard au Livre sur la Place 2025<\/p>\n<p>                                            <img class=\"placeholder-svg\" loading=\"lazy\" decoding=\"async\" src=\"https:\/\/cdn-files.prsmedia.fr\/files\/REDAC\/images\/svg\/placeholders\/digiteka.svg\" alt=\"Digiteka PlaceHolder\"\/><\/p>\n<p>Qui succ\u00e8dera \u00e0\u00a0<a href=\"https:\/\/www.estrepublicain.fr\/culture-loisirs\/2025\/10\/18\/insubmersible-nancy-jazz-pulsations\" target=\"_blank\" rel=\"noopener\">Dee Dee Bridgewater<\/a>, Deluxe ou encore Chilly Gonzales sur les sc\u00e8nes du NJP \u00e0 l\u2019automne 2026\u00a0? Le festival de Nancy, cr\u00e9\u00e9 en 1973, donne rendez-vous cette ann\u00e9e <strong>du 3 au 17 octobre<\/strong>.<\/p>\n<p>La 21e \u00e9dition du Jardin du Michel se d\u00e9roulera du 22 au 24 mai \u00e0 Toul et Dommartin-l\u00e8s-Toul. Le festival a connu une <a href=\"https:\/\/www.estrepublicain.fr\/encadres\/2025\/12\/30\/le-jardin-du-michel-20-ans-et-toujours-debout-dans-le-toulois\" target=\"_blank\" rel=\"noopener\">\u00e9dition anniversaire heureuse<\/a> apr\u00e8s son annulation en 2024 en raison des intemp\u00e9ries.\u00a0<\/p>\n<p>Pour 2026, de premiers noms ont \u00e9t\u00e9 rendus publics par les organisateurs, Turbul\u2019lance.<\/p>\n<ul>\n<li><strong>Vendredi 22 mai<\/strong>\u00a0: Meute, Magic System, Sniper, N\u00e8g\u2019Marrons, Michel Hubert<\/li>\n<li><strong>Samedi 23 mai<\/strong>\u00a0: Biga*Ranx, Yaniss Odua, Luiza, Roland Cristal<\/li>\n<li><strong>Dimanche 24 mai<\/strong>\u00a0: Zaoui<\/li>\n<\/ul>\n<p>Bien que la programmation ne soit pas enti\u00e8rement d\u00e9voil\u00e9e, les billets sont d\u00e9j\u00e0 en vente.<\/p>\n<p>Avant le festival de printemps, deux soir\u00e9es punk-rock sont programm\u00e9es \u00e0 l\u2019Arsenal (15 avenue du Colonel-P\u00e9chot) \u00a0: c&rsquo;est le <a href=\"https:\/\/www.estrepublicain.fr\/culture-loisirs\/2025\/10\/20\/le-jardin-d-hiver-du-michel-rallume-la-flamme-du-rock-avant-le-grand-retour-du-jdm\" target=\"_blank\" rel=\"noopener\">Jardin d&rsquo;hiver<\/a>.<\/p>\n<p>La programmation, de 18\u00a0h\u00a030 \u00e0 1\u00a0h\u00a030\u00a0:<\/p>\n<ul>\n<li><strong>Vendredi 6 f\u00e9vrier<\/strong>\u00a0: \u00a0Marcel et son orchestre, Babylon Circus, Los Tres Puntos, La P&rsquo;tite S\u0153ur<\/li>\n<li><strong>Samedi 7 f\u00e9vrier<\/strong>\u00a0: The Toy Dolls, Les 3 Fromages, Sugar &amp; Tiger (avec Didier Wampas), M.O.K.O.<\/li>\n<\/ul>\n<p>Le th\u00e9\u00e2tre de Lun\u00e9ville poursuit <a href=\"https:\/\/www.estrepublicain.fr\/culture-loisirs\/2025\/06\/23\/theatre-une-saison-2025-2026-pleine-de-surprises\" target=\"_blank\" rel=\"noopener\">sa saion<\/a>, faisant la part belle \u00e0 l&rsquo;humour\u00a0: Paul de Saint Sernin le vendredi 6 f\u00e9vrier, Mathieu Madenian le mercredi 11 f\u00e9vrier, Jacques et Chirac le vendredi 13 f\u00e9vrier, Arnaud Tsamere le vendredi 29 mai ou <a href=\"https:\/\/www.estrepublicain.fr\/culture-loisirs\/2024\/05\/21\/l-humoriste-guillaume-meurice-a-luneville-ce-qui-m-amuse-c-est-de-jouer-partout\" target=\"_blank\" rel=\"noopener\">Guillaume Meurice<\/a> le samedi 13 juin.<\/p>\n<p>L&rsquo;illusionniste L\u00e9o Bri\u00e8re jouera son nouveau spectacle Existences le samedi 6 juin.\u00a0<\/p>\n<p>Ville de fonderie, o\u00f9 est n\u00e9 l&rsquo;industriel\u00a0<a href=\"https:\/\/www.estrepublicain.fr\/culture-loisirs\/2025\/05\/22\/savez-vous-qui-est-camille-cavallier-a-qui-une-place-devenue-un-square-est-dediee-a-nancy\" target=\"_blank\" rel=\"noopener\">Camille Cavallier<\/a>, patron des Hauts-Fourneaux et fonderies de Pont-\u00e0-Mousson, la ville mettra \u00e0 l&rsquo;honneur le fer en Lorraine lors d&rsquo;une exposition \u00e0 l&rsquo;abbaye des Pr\u00e9montr\u00e9s, <strong>du 21 mars au 28 juin<\/strong>.<\/p>\n<p>Dans \u00ab\u00a0Le fer en h\u00e9ritage(s)\u00a0\u00bb, c&rsquo;est son nom, seront abord\u00e9s la g\u00e9ologie, les m\u00e9thodes d&rsquo;extraction la production de fonte ou ou encore la ferronnerie d&rsquo;art.\u00a0<\/p>\n<p>Le grand rendez-vous de la litt\u00e9rature dramatique, f\u00e9d\u00e9rateur et festif, la Mousson d&rsquo;\u00e9t\u00e9 renouvelle l&rsquo;\u00e9v\u00e9nement dand l\u2019abbaye des Pr\u00e9montr\u00e9s du mardi 18 au dimanche 30 ao\u00fbt.<\/p>\n","protected":false},"excerpt":{"rendered":"Onze dates sont pour l&rsquo;instant connues, y en aura-t-il d&rsquo;autres\u00a0? L&rsquo;\u00e9dition 2026 du Nancy Open Air prendra ses&hellip;\n","protected":false},"author":2,"featured_media":647003,"comment_status":"","ping_status":"","sticky":false,"template":"","format":"standard","meta":{"footnotes":""},"categories":[9635],"tags":[1111,11,1687,3602,1707,1704,1706,1705,10174,1777,674,1011,27,775,22382,873,1702,21112,12,25],"class_list":{"0":"post-647002","1":"post","2":"type-post","3":"status-publish","4":"format-standard","5":"has-post-thumbnail","7":"category-nancy","8":"tag-actu","9":"tag-actualites","10":"tag-culture-loisirs","11":"tag-edition-bar-le-duc","12":"tag-edition-luneville","13":"tag-edition-nancy-et-agglomeration","14":"tag-edition-pont-a-mousson","15":"tag-edition-toul","16":"tag-edition-verdun","17":"tag-eu","18":"tag-europe","19":"tag-fr","20":"tag-france","21":"tag-grand-est","22":"tag-le-livre-sur-la-place","23":"tag-musique","24":"tag-nancy","25":"tag-nancy-jazz-pulsations","26":"tag-news","27":"tag-republique-francaise"},"share_on_mastodon":{"url":"https:\/\/pubeurope.com\/@fr\/115853706315744088","error":""},"_links":{"self":[{"href":"https:\/\/www.europesays.com\/fr\/wp-json\/wp\/v2\/posts\/647002","targetHints":{"allow":["GET"]}}],"collection":[{"href":"https:\/\/www.europesays.com\/fr\/wp-json\/wp\/v2\/posts"}],"about":[{"href":"https:\/\/www.europesays.com\/fr\/wp-json\/wp\/v2\/types\/post"}],"author":[{"embeddable":true,"href":"https:\/\/www.europesays.com\/fr\/wp-json\/wp\/v2\/users\/2"}],"replies":[{"embeddable":true,"href":"https:\/\/www.europesays.com\/fr\/wp-json\/wp\/v2\/comments?post=647002"}],"version-history":[{"count":0,"href":"https:\/\/www.europesays.com\/fr\/wp-json\/wp\/v2\/posts\/647002\/revisions"}],"wp:featuredmedia":[{"embeddable":true,"href":"https:\/\/www.europesays.com\/fr\/wp-json\/wp\/v2\/media\/647003"}],"wp:attachment":[{"href":"https:\/\/www.europesays.com\/fr\/wp-json\/wp\/v2\/media?parent=647002"}],"wp:term":[{"taxonomy":"category","embeddable":true,"href":"https:\/\/www.europesays.com\/fr\/wp-json\/wp\/v2\/categories?post=647002"},{"taxonomy":"post_tag","embeddable":true,"href":"https:\/\/www.europesays.com\/fr\/wp-json\/wp\/v2\/tags?post=647002"}],"curies":[{"name":"wp","href":"https:\/\/api.w.org\/{rel}","templated":true}]}}