{"id":647006,"date":"2026-01-07T12:01:16","date_gmt":"2026-01-07T12:01:16","guid":{"rendered":"https:\/\/www.europesays.com\/fr\/647006\/"},"modified":"2026-01-07T12:01:16","modified_gmt":"2026-01-07T12:01:16","slug":"le-transpi-festival-de-la-raclette-a-toulon-qui-sera-le-plus-gros-mangeur-quotidien","status":"publish","type":"post","link":"https:\/\/www.europesays.com\/fr\/647006\/","title":{"rendered":"Le Transpi &#8211; Festival de la raclette \u00e0 Toulon : qui sera le plus gros mangeur ? &#8211; Quotidien"},"content":{"rendered":"<p id=\"descriptionPanel\" class=\"text-secondary mr-2 line-clamp-2 pr-2.5 overflow-visible\">\u00c9tienne Carbonnier pr\u00e9sente sa chronique consacr\u00e9e aux recettes d&rsquo;hiver. Il commence par se moquer gentiment de l&rsquo;\u00e9mission \u00ab\u00a0La Cuisine des Monast\u00e8res\u00a0\u00bb sur KTO avec ses recettes de s\u0153urs. Le c\u0153ur du sujet porte sur le festival de la raclette \u00e0 Toulon dont c&rsquo;est la deuxi\u00e8me \u00e9dition. Il couvre le concours du plus gros mangeur de raclette remport\u00e9 par Gabriel qui impressionne tous les autres concurrents. Entre images d\u00e9cal\u00e9es et interviews spontan\u00e9es, la chronique c\u00e9l\u00e8bre avec humour cette sp\u00e9cialit\u00e9 fromag\u00e8re en plein c\u0153ur du Var.<br \/>En savoir plus sur <a class=\"text-white hover:text-blue-500\" href=\"https:\/\/www.tf1.fr\/dossier\/yann-barthes\" target=\"_blank\" rel=\"noopener\">Yann Barthes<\/a><\/p>\n<p>Afficher la version longue du r\u00e9sum\u00e9<a class=\"shrink-0\" href=\"https:\/\/www.tf1.fr\/tmc\/quotidien-avec-yann-barthes\" target=\"_blank\" rel=\"noopener\"><img decoding=\"async\" src=\"https:\/\/www.europesays.com\/fr\/wp-content\/uploads\/2025\/09\/flux-program-card-portrait-3-quotidien-2024-v2-66f2e9-01755f-dbf045-0@1x.jpg\" width=\"138\" height=\"184\" alt=\"\" loading=\"eager\" fetchpriority=\"auto\" class=\"rounded-3px aspect-[3\/4] h-24 w-auto\" aria-hidden=\"true\"\/><\/a><img alt=\"Sous-Titrage T\u00e9l\u00e9texte\" loading=\"lazy\" width=\"27\" height=\"20\" decoding=\"async\" data-nimg=\"1\" style=\"color:transparent\" src=\"https:\/\/www.tf1.fr\/public\/_next\/static\/media\/sme.b8f879c0.svg\"\/><\/p>\n<p>4m26<\/p>\n<p>6 janv. 2026 \u00e0 21:15<\/p>\n","protected":false},"excerpt":{"rendered":"\u00c9tienne Carbonnier pr\u00e9sente sa chronique consacr\u00e9e aux recettes d&rsquo;hiver. Il commence par se moquer gentiment de l&rsquo;\u00e9mission \u00ab\u00a0La&hellip;\n","protected":false},"author":2,"featured_media":647007,"comment_status":"","ping_status":"","sticky":false,"template":"","format":"standard","meta":{"footnotes":""},"categories":[9619],"tags":[1111,11,1777,674,3483,10698,59424,59423,1011,27,12,882,1404,10699,59425,51035,51039,51028,51036,51040,51033,51032,25,51037,51038,10701,51034,2310,10700,51031],"class_list":{"0":"post-647006","1":"post","2":"type-post","3":"status-publish","4":"format-standard","5":"has-post-thumbnail","7":"category-toulon","8":"tag-actu","9":"tag-actualites","10":"tag-eu","11":"tag-europe","12":"tag-extrait","13":"tag-extrait-quotidien","14":"tag-extrait-quotidien-tmc","15":"tag-extrait-tmc","16":"tag-fr","17":"tag-france","18":"tag-news","19":"tag-provence-alpes-cote-dazur","20":"tag-quotidien","21":"tag-quotidien-extrait","22":"tag-quotidien-extrait-tmc","23":"tag-quotidien-streaming","24":"tag-quotidien-streaming-gratuit","25":"tag-quotidien-tmc","26":"tag-quotidien-tmc-streaming","27":"tag-quotidien-tmc-streaming-gratuit","28":"tag-quotidien-tmc-video","29":"tag-quotidien-video","30":"tag-republique-francaise","31":"tag-streaming-gratuit-quotidien","32":"tag-streaming-gratuit-quotidien-tmc","33":"tag-streaming-quotidien","34":"tag-streaming-quotidien-tmc","35":"tag-toulon","36":"tag-video-quotidien","37":"tag-video-quotidien-tmc"},"share_on_mastodon":{"url":"","error":"Validation failed: Text character limit of 500 exceeded"},"_links":{"self":[{"href":"https:\/\/www.europesays.com\/fr\/wp-json\/wp\/v2\/posts\/647006","targetHints":{"allow":["GET"]}}],"collection":[{"href":"https:\/\/www.europesays.com\/fr\/wp-json\/wp\/v2\/posts"}],"about":[{"href":"https:\/\/www.europesays.com\/fr\/wp-json\/wp\/v2\/types\/post"}],"author":[{"embeddable":true,"href":"https:\/\/www.europesays.com\/fr\/wp-json\/wp\/v2\/users\/2"}],"replies":[{"embeddable":true,"href":"https:\/\/www.europesays.com\/fr\/wp-json\/wp\/v2\/comments?post=647006"}],"version-history":[{"count":0,"href":"https:\/\/www.europesays.com\/fr\/wp-json\/wp\/v2\/posts\/647006\/revisions"}],"wp:featuredmedia":[{"embeddable":true,"href":"https:\/\/www.europesays.com\/fr\/wp-json\/wp\/v2\/media\/647007"}],"wp:attachment":[{"href":"https:\/\/www.europesays.com\/fr\/wp-json\/wp\/v2\/media?parent=647006"}],"wp:term":[{"taxonomy":"category","embeddable":true,"href":"https:\/\/www.europesays.com\/fr\/wp-json\/wp\/v2\/categories?post=647006"},{"taxonomy":"post_tag","embeddable":true,"href":"https:\/\/www.europesays.com\/fr\/wp-json\/wp\/v2\/tags?post=647006"}],"curies":[{"name":"wp","href":"https:\/\/api.w.org\/{rel}","templated":true}]}}