{"id":647009,"date":"2026-01-07T12:03:23","date_gmt":"2026-01-07T12:03:23","guid":{"rendered":"https:\/\/www.europesays.com\/fr\/647009\/"},"modified":"2026-01-07T12:03:23","modified_gmt":"2026-01-07T12:03:23","slug":"falstaff-lopera-burlesque-de-verdi-a-voir-a-montpellier","status":"publish","type":"post","link":"https:\/\/www.europesays.com\/fr\/647009\/","title":{"rendered":"Falstaff, l\u2019op\u00e9ra burlesque de Verdi \u00e0 voir \u00e0 Montpellier"},"content":{"rendered":"<p itemprop=\"description\">Falstaff, op\u00e9ra burlesque de Verdi, sera jou\u00e9 dimanche \u00e0 Montpellier avec une mise en sc\u00e8ne tr\u00e8s moderne. \u00c0 Lyon, Europarc propose une f\u00eate foraine en int\u00e9rieur avec une journ\u00e9e br\u00e9silienne. Dans l\u2019Aude, le carnaval de Limoux lance trois mois de parades et animations.<\/p>\n<p>        C\u2019est un op\u00e9ra burlesque que vous pourrez d\u00e9couvrir ce week-end\u202f: Falstaff, chant\u00e9 en italien et surtitr\u00e9 en fran\u00e7ais. Compos\u00e9 en 1893 par Verdi, il contraste largement avec le reste de son \u0153uvre. Vous suivrez les m\u00e9saventures de Falstaff, chevalier fanfaron persuad\u00e9 de s\u00e9duire impun\u00e9ment, mais qui se heurte \u00e0 l\u2019intelligence et \u00e0 la solidarit\u00e9 des femmes. Jean-Philippe Guilois qui signe la mise en sc\u00e8ne de ce spectacle estime que le texte est toujours d\u2019actualit\u00e9\u202f: \u00ab\u202fIl est effectivement tr\u00e8s moderne et aujourd\u2019hui, c\u2019est vrai qu\u2019on va aborder ce th\u00e8me d\u2019une mani\u00e8re diff\u00e9rente d\u2019il y a 20 ou 30 ans.\u202f\u00bb Il explique avoir mis l\u2019accent sur les situations comiques\u202f: \u00ab\u202fJuste avec un regard, avec un sourire, avec une chute, avec un mouvement, parce que moi j\u2019aime aussi beaucoup travailler avec le corps, de faire comprendre vraiment ce qui se joue et de l\u2019amplifier au maximum pour que les gens aient le moins besoin de lever les yeux vers les surtitres.\u202f\u00bb<br \/>\nL\u2019op\u00e9ra Falstaff de Verdi est \u00e0 voir ce dimanche 11 \u00e0 17h \u00e0 l\u2019Op\u00e9ra-Com\u00e9die de Montpellier, en centre-ville, est accessible via l&rsquo;A709, sortie Montpellier Est, N\u00b029.<br \/>\n<a href=\"https:\/\/www.opera-orchestre-montpellier.fr\/evenements\/falstaff\/\" target=\"_blank\" rel=\"noopener noreferrer\">Plus d&rsquo;infos ici&#8230;<\/a><\/p>\n<p>\u00c0 deux pas de Lyon, \u00e0 Eurexpo, profitez d\u2019une immense f\u00eate foraine en int\u00e9rieur\u202f: Europarc. Pas de grand huit, mais des man\u00e8ges \u00e0 sensation, un train fant\u00f4me, un palais du rire et de nombreux stands pour tester son adresse. Ce dimanche, Europarc passe \u00e0 l\u2019heure br\u00e9silienne avec des danseuses dans les all\u00e9es fa\u00e7on carnaval de Rio.<br \/>&#13;<br \/>\n<a href=\"https:\/\/www.europarcloisirs.fr\/\" target=\"_blank\" rel=\"noopener noreferrer\">Plus d&rsquo;infos ici&#8230;<\/a><\/p>\n<p>Enfin, pr\u00e8s de Carcassonne, le carnaval de Limoux reprend du service pour une nouvelle \u00e9dition. C\u2019est parti pour trois mois de festivit\u00e9, tous les week-ends dans les rues de la ville. Les diff\u00e9rentes congr\u00e9gations et mouvements vont se succ\u00e9der avec leur lot de spectacles, de parades et de soir\u00e9es gourmandes.<br \/>&#13;<br \/>\n<a href=\"https:\/\/www.limouxin-tourisme.com\/decouvrir\/vivre-leffervescence\/carnaval-et-traditions\/le-carnaval-le-plus-long-du-monde\/\" target=\"_blank\" rel=\"noopener noreferrer\">Plus d&rsquo;infos ici&#8230;<\/a>    <\/p>\n","protected":false},"excerpt":{"rendered":"Falstaff, op\u00e9ra burlesque de Verdi, sera jou\u00e9 dimanche \u00e0 Montpellier avec une mise en sc\u00e8ne tr\u00e8s moderne. \u00c0&hellip;\n","protected":false},"author":2,"featured_media":647010,"comment_status":"","ping_status":"","sticky":false,"template":"","format":"standard","meta":{"footnotes":""},"categories":[9599],"tags":[1111,11,3528,6664,1777,674,14661,1011,27,16026,6352,2208,12,2680,7165,25,6690,64038,3840],"class_list":{"0":"post-647009","1":"post","2":"type-post","3":"status-publish","4":"format-standard","5":"has-post-thumbnail","7":"category-montpellier","8":"tag-actu","9":"tag-actualites","10":"tag-burlesque","11":"tag-dimanche","12":"tag-eu","13":"tag-europe","14":"tag-falstaff","15":"tag-fr","16":"tag-france","17":"tag-joue","18":"tag-mise","19":"tag-montpellier","20":"tag-news","21":"tag-occitanie","22":"tag-opera","23":"tag-republique-francaise","24":"tag-sera","25":"tag-verdi","26":"tag-voir"},"share_on_mastodon":{"url":"https:\/\/pubeurope.com\/@fr\/115853722066987231","error":""},"_links":{"self":[{"href":"https:\/\/www.europesays.com\/fr\/wp-json\/wp\/v2\/posts\/647009","targetHints":{"allow":["GET"]}}],"collection":[{"href":"https:\/\/www.europesays.com\/fr\/wp-json\/wp\/v2\/posts"}],"about":[{"href":"https:\/\/www.europesays.com\/fr\/wp-json\/wp\/v2\/types\/post"}],"author":[{"embeddable":true,"href":"https:\/\/www.europesays.com\/fr\/wp-json\/wp\/v2\/users\/2"}],"replies":[{"embeddable":true,"href":"https:\/\/www.europesays.com\/fr\/wp-json\/wp\/v2\/comments?post=647009"}],"version-history":[{"count":0,"href":"https:\/\/www.europesays.com\/fr\/wp-json\/wp\/v2\/posts\/647009\/revisions"}],"wp:featuredmedia":[{"embeddable":true,"href":"https:\/\/www.europesays.com\/fr\/wp-json\/wp\/v2\/media\/647010"}],"wp:attachment":[{"href":"https:\/\/www.europesays.com\/fr\/wp-json\/wp\/v2\/media?parent=647009"}],"wp:term":[{"taxonomy":"category","embeddable":true,"href":"https:\/\/www.europesays.com\/fr\/wp-json\/wp\/v2\/categories?post=647009"},{"taxonomy":"post_tag","embeddable":true,"href":"https:\/\/www.europesays.com\/fr\/wp-json\/wp\/v2\/tags?post=647009"}],"curies":[{"name":"wp","href":"https:\/\/api.w.org\/{rel}","templated":true}]}}