{"id":647021,"date":"2026-01-07T12:09:57","date_gmt":"2026-01-07T12:09:57","guid":{"rendered":"https:\/\/www.europesays.com\/fr\/647021\/"},"modified":"2026-01-07T12:09:57","modified_gmt":"2026-01-07T12:09:57","slug":"les-bioblitz-2026-a-rennes-deux-jours-pour-inventorier-le-vivant-ensemble","status":"publish","type":"post","link":"https:\/\/www.europesays.com\/fr\/647021\/","title":{"rendered":"Les BioBlitz 2026 \u00e0 Rennes, deux jours pour inventorier le vivant, ensemble"},"content":{"rendered":"<p>            <a href=\"https:\/\/unidivers.fr\/wp-content\/uploads\/2026\/01\/bioblitz-2026.jpg\" data-caption=\"\" target=\"_blank\" rel=\"noopener\"><img decoding=\"async\" fetchpriority=\"high\" width=\"696\" height=\"391\" class=\"entry-thumb td-modal-image\" src=\"https:\/\/www.europesays.com\/fr\/wp-content\/uploads\/2026\/01\/bioblitz-2026-696x391.jpg\"   alt=\"BioBlitz 2026\" title=\"BioBlitz 2026\" data-eio=\"p\"\/><\/a><\/p>\n<p>Un BioBlitz, c\u2019est une id\u00e9e simple et r\u00e9jouissante.<strong> Pendant un temps tr\u00e8s court (24 \u00e0 48 heures)<\/strong>, un m\u00eame territoire devient un terrain de jeu scientifique o\u00f9 <strong>naturalistes, chercheurs, \u00e9tudiants et habitants<\/strong> s\u2019allient pour recenser un maximum d\u2019esp\u00e8ces. Oiseaux, mousses, champignons, insectes, chauves-souris ; tout ce qui bouge, pousse, rampe, fleurit, se camoufle ou chante est invit\u00e9 \u00e0 passer au compteur.<\/p>\n<p>A Rennes, ces inventaires-\u00e9clairs prennent de l\u2019ampleur, \u00e0 la crois\u00e9e de la science participative et d\u2019une prise de conscience tr\u00e8s concr\u00e8te : <strong>conna\u00eetre<\/strong> le vivant, c\u2019est d\u00e9j\u00e0 mieux <strong>le prot\u00e9ger<\/strong> \u2014 et mieux am\u00e9nager nos espaces, au quotidien.<\/p>\n<p>Rendez-vous \u00e0 Rennes : BioBlitz 2026 sur les campus de l\u2019ouest rennais (29\u201330 mai)<\/p>\n<p>Le grand temps fort annonc\u00e9 pour 2026 se d\u00e9roulera \u00e0 Rennes, <strong>du vendredi 29 au samedi 30 mai 2026<\/strong>, sous la forme d\u2019un inventaire de 48h men\u00e9 sur <strong>cinq campus de l\u2019ouest rennais<\/strong>. Le principe : venir quelques heures (ou davantage), rejoindre une sortie th\u00e9matique, apprendre \u00e0 observer, identifier et saisir des donn\u00e9es avec l\u2019aide d\u2019expert\u00b7e\u00b7s.<\/p>\n<p>O\u00f9 \u00e7a se passe ?<\/p>\n<ul class=\"wp-block-list\">\n<li><strong>Universit\u00e9 Rennes 2<\/strong> : campus <strong>Villejean<\/strong> et <strong>La Harpe<\/strong><\/li>\n<li><strong>Institut Agro Rennes-Angers<\/strong><\/li>\n<li><strong>Campus Sant\u00e9<\/strong> (Universit\u00e9 de Rennes)<\/li>\n<li><strong>EHESP<\/strong><\/li>\n<\/ul>\n<p>Ce qu\u2019on y fait (concr\u00e8tement)<\/p>\n<ul class=\"wp-block-list\">\n<li><strong>Collecte et observation<\/strong> de jour et de nuit, identification et <strong>saisie des donn\u00e9es<\/strong><\/li>\n<li>De <strong>9h \u00e0 17h<\/strong>, des sp\u00e9cialistes accompagnent et initient \u00e0 l\u2019observation de diff\u00e9rents groupes (oiseaux, araign\u00e9es, mammif\u00e8res, faune du sol\u2026)<\/li>\n<li>Le vendredi soir, \u00e0 partir de <strong>21h30<\/strong>, place aux <strong>papillons de nuit<\/strong> et aux <strong>chauves-souris<\/strong><\/li>\n<\/ul>\n<p>Les grands groupes observ\u00e9s<\/p>\n<ul class=\"wp-block-list\">\n<li>Flore, lichens et mousses, champignons<\/li>\n<li>Oiseaux, mammif\u00e8res, chauves-souris<\/li>\n<li>Insectes, papillons, araign\u00e9es, invert\u00e9br\u00e9s du sol<\/li>\n<li>Amphibiens, reptiles<\/li>\n<\/ul>\n<p>Infos pratiques : deux points de rendez-vous<\/p>\n<ul class=\"wp-block-list\">\n<li><strong>Campus Villejean \u2013 Universit\u00e9 Rennes 2<\/strong><br \/>Salles F \u2013 Entr\u00e9e Avenue L\u00e9on Bernard<br \/>Acc\u00e8s : m\u00e9tro Villejean Universit\u00e9 \u2013 bus C4 (arr\u00eats Berger ou Universit\u00e9) \u2013 V\u00e9loSTAR (station Berger)<\/li>\n<li><strong>Institut Agro Rennes-Angers<\/strong><br \/>B\u00e2timent principal n\u00b011 \u2013 65 rue de Saint-Brieuc, Rennes<br \/>Acc\u00e8s : bus C4 (arr\u00eat Marbeuf) \u2013 V\u00e9loSTAR (station Berger)<\/li>\n<\/ul>\n<p>Pourquoi \u00e7a compte (au-del\u00e0 du week-end)<\/p>\n<p>Un BioBlitz n\u2019est pas qu\u2019une sortie nature sympathique. Les r\u00e9sultats servent \u00e0 <strong>mesurer la richesse du vivant<\/strong> d\u2019un lieu, puis \u00e0 <strong>ajuster<\/strong> la gestion des espaces (fauches, plantations, \u00e9clairage nocturne, continuit\u00e9s \u00e9cologiques, zones refuges). C\u2019est aussi une mani\u00e8re de transformer des espaces familiers \u2014 un campus, une prairie, une friche, un talus \u2014 en <strong>paysages \u00e0 lire<\/strong>, o\u00f9 chaque esp\u00e8ce devient un indice de sant\u00e9, de fragilit\u00e9 ou de r\u00e9silience.<\/p>\n<p>Et ailleurs en Bretagne ? Une dynamique qui essaime<\/p>\n<p>La Bretagne voit fleurir des formats proches (inventaires participatifs, sorties \u201cmarathon\u201d, sciences citoyennes) port\u00e9s par des universit\u00e9s, collectivit\u00e9s, associations ou r\u00e9seaux r\u00e9gionaux. Ces op\u00e9rations reviennent souvent <strong>au printemps<\/strong> et <strong>\u00e0 la belle saison<\/strong>, parfois en lien avec de grands temps forts nationaux.<\/p>\n<ul class=\"wp-block-list\">\n<li><strong>\u00c0 surveiller en 2026<\/strong> : la <strong>F\u00eate de la Nature<\/strong> (20\u201325 mai 2026), qui encourage partout en France des animations gratuites au contact du vivant.<\/li>\n<li><strong>Exemples r\u00e9cents en Ille-et-Vilaine<\/strong> : inventaires participatifs men\u00e9s sur des campus rennais ou sur des parcelles agricoles (format BioBlitz \/ sciences participatives).<\/li>\n<\/ul>\n<p>Conseils pour participer sans stress<\/p>\n<ul class=\"wp-block-list\">\n<li>Venez comme vous \u00eates : <strong>pas besoin d\u2019\u00eatre sp\u00e9cialiste<\/strong> (l\u2019encadrement est pr\u00e9vu pour apprendre).<\/li>\n<li>Prenez une <strong>petite loupe<\/strong> si vous en avez, un carnet, une gourde, des chaussures adapt\u00e9es.<\/li>\n<li>Pour le cr\u00e9neau nocturne : une <strong>lampe<\/strong> (id\u00e9alement frontale) et une couche chaude.<\/li>\n<li>Le mot d\u2019ordre : <strong>observer sans pr\u00e9lever<\/strong>, et laisser le lieu intact.<\/li>\n<\/ul>\n<p>\u00c0 retenir<\/p>\n<p><strong>BioBlitz 2026 (Rennes)<\/strong> : vendredi 29 et samedi 30 mai 2026, inventaire participatif sur 5 campus de l\u2019ouest rennais, avec sorties encadr\u00e9es de 9h \u00e0 17h et session nocturne d\u00e8s 21h30.<\/p>\n","protected":false},"excerpt":{"rendered":"Un BioBlitz, c\u2019est une id\u00e9e simple et r\u00e9jouissante. Pendant un temps tr\u00e8s court (24 \u00e0 48 heures), un&hellip;\n","protected":false},"author":2,"featured_media":647022,"comment_status":"","ping_status":"","sticky":false,"template":"","format":"standard","meta":{"footnotes":""},"categories":[2821],"tags":[1111,11,829,1777,674,1011,27,12,584,25],"class_list":{"0":"post-647021","1":"post","2":"type-post","3":"status-publish","4":"format-standard","5":"has-post-thumbnail","7":"category-rennes","8":"tag-actu","9":"tag-actualites","10":"tag-bretagne","11":"tag-eu","12":"tag-europe","13":"tag-fr","14":"tag-france","15":"tag-news","16":"tag-rennes","17":"tag-republique-francaise"},"share_on_mastodon":{"url":"https:\/\/pubeurope.com\/@fr\/115853749518099582","error":""},"_links":{"self":[{"href":"https:\/\/www.europesays.com\/fr\/wp-json\/wp\/v2\/posts\/647021","targetHints":{"allow":["GET"]}}],"collection":[{"href":"https:\/\/www.europesays.com\/fr\/wp-json\/wp\/v2\/posts"}],"about":[{"href":"https:\/\/www.europesays.com\/fr\/wp-json\/wp\/v2\/types\/post"}],"author":[{"embeddable":true,"href":"https:\/\/www.europesays.com\/fr\/wp-json\/wp\/v2\/users\/2"}],"replies":[{"embeddable":true,"href":"https:\/\/www.europesays.com\/fr\/wp-json\/wp\/v2\/comments?post=647021"}],"version-history":[{"count":0,"href":"https:\/\/www.europesays.com\/fr\/wp-json\/wp\/v2\/posts\/647021\/revisions"}],"wp:featuredmedia":[{"embeddable":true,"href":"https:\/\/www.europesays.com\/fr\/wp-json\/wp\/v2\/media\/647022"}],"wp:attachment":[{"href":"https:\/\/www.europesays.com\/fr\/wp-json\/wp\/v2\/media?parent=647021"}],"wp:term":[{"taxonomy":"category","embeddable":true,"href":"https:\/\/www.europesays.com\/fr\/wp-json\/wp\/v2\/categories?post=647021"},{"taxonomy":"post_tag","embeddable":true,"href":"https:\/\/www.europesays.com\/fr\/wp-json\/wp\/v2\/tags?post=647021"}],"curies":[{"name":"wp","href":"https:\/\/api.w.org\/{rel}","templated":true}]}}