{"id":647027,"date":"2026-01-07T12:13:12","date_gmt":"2026-01-07T12:13:12","guid":{"rendered":"https:\/\/www.europesays.com\/fr\/647027\/"},"modified":"2026-01-07T12:13:12","modified_gmt":"2026-01-07T12:13:12","slug":"journaux-et-services-de-presse-en-ligne-habilites-a-publier-des-annonces","status":"publish","type":"post","link":"https:\/\/www.europesays.com\/fr\/647027\/","title":{"rendered":"Journaux et services de presse en ligne habilit\u00e9s \u00e0 publier des annonces (\u2026)"},"content":{"rendered":"<p>                    <img loading=\"lazy\" decoding=\"async\" src=\"https:\/\/www.europesays.com\/fr\/wp-content\/uploads\/2026\/01\/b5c582282684bc1ac46ad8c44de3c5.png\" class=\"img-responsive post-image\" width=\"680\" height=\"510\" alt=\"Journaux et services (\u2026)\" title=\"Journaux et services de presse en ligne habilit\u00e9s \u00e0 publier des annonces l\u00e9gales pour l'ann\u00e9e 2026 pour le d\u00e9partement 06 (Alpes-Maritimes)\"\/><\/p>\n<p class=\"chapo\">Par arr\u00eat\u00e9 pr\u00e9fectoral n\u00b02026\/013 du 30 d\u00e9cembre 2025, le pr\u00e9fet des Alpes-Maritimes a fix\u00e9 la liste officielle des supports habilit\u00e9s \u00e0 publier des annonces judiciaires et l\u00e9gales (AJL) pour l\u2019ann\u00e9e 2026 dans l\u2019ensemble du d\u00e9partement.<\/p>\n<p>Conform\u00e9ment \u00e0 la r\u00e9glementation en vigueur, seuls les supports remplissant l\u2019int\u00e9gralit\u00e9 des conditions pr\u00e9vues par la loi du 4 janvier 1955 et ses d\u00e9crets d\u2019application peuvent publier ces annonces \u00e0 compter du 1er janvier 2026.<\/p>\n<p>Les Petites Affiches, journal de r\u00e9f\u00e9rence des annonces l\u00e9gales dans le 06<\/p>\n<p>Parmi les titres de presse habilit\u00e9s figure votre journal Les Petites Affiches, publication historique et sp\u00e9cialis\u00e9e des Alpes-Maritimes. Votre journal Les Petites Affiches est ainsi officiellement autoris\u00e9 \u00e0 publier les annonces judiciaires et l\u00e9gales en 2026 sur l\u2019ensemble du d\u00e9partement, confirmant son r\u00f4le central aupr\u00e8s des professionnels du droit, du chiffre et de l\u2019entreprise.<\/p>\n<p>Liste des publications de presse habilit\u00e9es dans le 06 en 2026<\/p>\n<p>L\u2019arr\u00eat\u00e9 pr\u00e9fectoral retient les publications papier suivantes\u00a0:<\/p>\n<p><strong>&#8211; <a href=\"https:\/\/www.petitesaffiches.fr\/annonces-legales-france,057\/publier-votre-annonce-legale,059\/\" target=\"_blank\" rel=\"noopener\">LES PETITES AFFICHES<\/a> <\/strong> <br class=\"autobr\"\/><br \/>\nRaison sociale\u00a0: Soci\u00e9t\u00e9 Nouvelle des Petites Affiches des Alpes-Maritimes<br class=\"autobr\"\/><br \/>\n17, rue Alexandre Mari &#8211; 06300 NICE<br class=\"autobr\"\/><br \/>\nN\u00b0\u00a0de commission paritaire des publications et agences de presse\u00a0:<br class=\"autobr\"\/><br \/>\n0728 I 79757<\/p>\n<p><strong>&#8211; LE MONITEUR DES TRAVAUX PUBLICS ET DU BATIMENT<\/strong><br class=\"autobr\"\/><br \/>\nRaison sociale\u00a0: Groupe MONITEUR<br class=\"autobr\"\/><br \/>\n10, place du G\u00e9n\u00e9ral de Gaulle &#8211; <br class=\"autobr\"\/><br \/>\nAntony Parc 211 BP 20156<br class=\"autobr\"\/><br \/>\n92186 ANTONY CEDEX<br class=\"autobr\"\/><br \/>\nN\u00b0\u00a0de commission paritaire des publications et agences de presse\u00a0:<br class=\"autobr\"\/><br \/>\n0927 T 82147<\/p>\n<p><strong>&#8211; NICE-MATIN<\/strong><br class=\"autobr\"\/><br \/>\nRaison sociale\u00a0: Groupe NICE MATIN<br class=\"autobr\"\/><br \/>\n214, boulevard du Mercantour-06290 NICE CEDEX 3<br class=\"autobr\"\/><br \/>\nN\u00b0\u00a0de commission paritaire des publications et agences de presse\u00a0:<br class=\"autobr\"\/><br \/>\n0425 C 86665<\/p>\n<p><strong>&#8211; LA TRIBUNE &#8211; L\u2019AVENIR BULLETIN COTE D\u2019AZUR<\/strong><br class=\"autobr\"\/><br \/>\nRaison sociale\u00a0: SUD EST PRESSE<br class=\"autobr\"\/><br \/>\n15, rue Alexandre Mari &#8211; 06300 NICE<br class=\"autobr\"\/><br \/>\nN\u00b0\u00a0de commission paritaire des publications et agences de presse\u00a0:<br class=\"autobr\"\/><br \/>\n0529 1 80651<\/p>\n<p>Services de presse en ligne habilit\u00e9s<\/p>\n<p>Le site petitesaffiches.fr, d\u00e9clinaison num\u00e9rique de votre journal PETITES AFFICHES, b\u00e9n\u00e9ficie lui aussi de l\u2019habilitation pr\u00e9fectoral<strong>e, offrant aux annonceurs une solution \u00e0 la fois papier et digitale.<\/strong><br class=\"autobr\"\/><br \/>\nEn compl\u00e9ment des journaux imprim\u00e9s, sont habilit\u00e9s pour 2026 les services de presse en ligne suivants,<br class=\"autobr\"\/><\/p>\n<p><b>\u2013<\/b>\u00a0lemoniteur.fr<br \/>\n<br \/><b>\u2013<\/b>\u00a0nicematin.com<br \/>\n<br \/><b>\u2013<\/b>\u00a0tribuca.net<br \/>\n<br \/><b>\u2013<\/b>\u00a0ouest-france.fr<br \/>\n<br \/><b>\u2013<\/b>\u00a0actu.fr<br \/>\n<br \/><b>\u2013<\/b>\u00a020minutes.fr<br \/>\n<br \/><b>\u2013<\/b>\u00a0bfmtv.com<br \/>\n<br \/><b>\u2013<\/b>\u00a0lefigaro.fr<br \/>\n<br \/><b>\u2013<\/b>\u00a0latribune.fr<br \/>\n<br \/><b>\u2013<\/b>\u00a0lemonde.fr<\/p>\n<p>Un cadre strict pour la publication des annonces l\u00e9gales<\/p>\n<p>L\u2019arr\u00eat\u00e9 rappelle que les annonces judiciaires et l\u00e9gales doivent imp\u00e9rativement \u00eatre publi\u00e9es dans l\u2019\u00e9dition r\u00e9guli\u00e8re des journaux, \u00e0 l\u2019exclusion de tout suppl\u00e9ment ou tirage sp\u00e9cial. Toute infraction est susceptible d\u2019entra\u00eener des sanctions, voire un retrait d\u2019habilitation.<\/p>\n<p><br class=\"autobr\"\/><br \/>\n<strong>\u00c0 noter\u00a0:<\/strong> Votre journal Les Petites Affiches est habilit\u00e9 \u00e0 publier des annonces l\u00e9gales et judiciaires pour les d\u00e9partements 06 (print et web) <a href=\"https:\/\/www.petitesaffiches.fr\/annonces-legales-formalites,098\/journaux-et-services-de-presse-en,39609.html\" target=\"_blank\" rel=\"noopener\">13 (web)<\/a> et <a href=\"https:\/\/www.petitesaffiches.fr\/annonces-legales-formalites,098\/journaux-et-services-de-presse-en,39608.html\" target=\"_blank\" rel=\"noopener\">83 (web).<\/a> Cette triple habilitation confirme sa position de support de r\u00e9f\u00e9rence des annonces l\u00e9gales en R\u00e9gion Paca, au service de la s\u00e9curit\u00e9 juridique et de l\u2019information \u00e9conomique locale.<\/p>\n","protected":false},"excerpt":{"rendered":"Par arr\u00eat\u00e9 pr\u00e9fectoral n\u00b02026\/013 du 30 d\u00e9cembre 2025, le pr\u00e9fet des Alpes-Maritimes a fix\u00e9 la liste officielle des&hellip;\n","protected":false},"author":2,"featured_media":647028,"comment_status":"","ping_status":"","sticky":false,"template":"","format":"standard","meta":{"footnotes":""},"categories":[2819],"tags":[1111,11,2408,1777,674,1011,27,12,2401,882,25],"class_list":{"0":"post-647027","1":"post","2":"type-post","3":"status-publish","4":"format-standard","5":"has-post-thumbnail","7":"category-nice","8":"tag-actu","9":"tag-actualites","10":"tag-appels-d","11":"tag-eu","12":"tag-europe","13":"tag-fr","14":"tag-france","15":"tag-news","16":"tag-nice","17":"tag-provence-alpes-cote-dazur","18":"tag-republique-francaise"},"share_on_mastodon":{"url":"https:\/\/pubeurope.com\/@fr\/115853761279762450","error":""},"_links":{"self":[{"href":"https:\/\/www.europesays.com\/fr\/wp-json\/wp\/v2\/posts\/647027","targetHints":{"allow":["GET"]}}],"collection":[{"href":"https:\/\/www.europesays.com\/fr\/wp-json\/wp\/v2\/posts"}],"about":[{"href":"https:\/\/www.europesays.com\/fr\/wp-json\/wp\/v2\/types\/post"}],"author":[{"embeddable":true,"href":"https:\/\/www.europesays.com\/fr\/wp-json\/wp\/v2\/users\/2"}],"replies":[{"embeddable":true,"href":"https:\/\/www.europesays.com\/fr\/wp-json\/wp\/v2\/comments?post=647027"}],"version-history":[{"count":0,"href":"https:\/\/www.europesays.com\/fr\/wp-json\/wp\/v2\/posts\/647027\/revisions"}],"wp:featuredmedia":[{"embeddable":true,"href":"https:\/\/www.europesays.com\/fr\/wp-json\/wp\/v2\/media\/647028"}],"wp:attachment":[{"href":"https:\/\/www.europesays.com\/fr\/wp-json\/wp\/v2\/media?parent=647027"}],"wp:term":[{"taxonomy":"category","embeddable":true,"href":"https:\/\/www.europesays.com\/fr\/wp-json\/wp\/v2\/categories?post=647027"},{"taxonomy":"post_tag","embeddable":true,"href":"https:\/\/www.europesays.com\/fr\/wp-json\/wp\/v2\/tags?post=647027"}],"curies":[{"name":"wp","href":"https:\/\/api.w.org\/{rel}","templated":true}]}}