{"id":647029,"date":"2026-01-07T12:14:13","date_gmt":"2026-01-07T12:14:13","guid":{"rendered":"https:\/\/www.europesays.com\/fr\/647029\/"},"modified":"2026-01-07T12:14:13","modified_gmt":"2026-01-07T12:14:13","slug":"meteo-les-images-de-la-neige-a-nice-et-dans-alpes-maritimes-voici-ou-les-flocons-sont-tombes","status":"publish","type":"post","link":"https:\/\/www.europesays.com\/fr\/647029\/","title":{"rendered":"M\u00e9t\u00e9o. Les images de la neige \u00e0 Nice et dans Alpes-Maritimes, voici o\u00f9 les flocons sont tomb\u00e9s"},"content":{"rendered":"<p>                    Par<br \/>\n        <strong><br \/>\n            <a href=\"https:\/\/actu.fr\/auteur\/arthur-frand\" title=\"Consulter tous les articles de Arthur Frand\" target=\"_blank\" rel=\"noopener\">Arthur Frand<\/a><br \/>\n                    <\/strong><\/p>\n<p>        Publi\u00e9 le<\/p>\n<p>            7 janv. 2026 \u00e0 11h04        <\/p>\n<p>De la neige dans les <a href=\"https:\/\/actu.fr\/provence-alpes-cote-d-azur\/alpes-maritimes_06\" target=\"_blank\" rel=\"noopener\">Alpes-Maritimes<\/a>, oui c\u2019est bien vrai. Ce mardi 6 janvier 2026 tard dans la soir\u00e9e, quelques flocons, des averses de gr\u00e9sil, sont venus v\u00eatir <strong>quelques communes<\/strong> du d\u00e9partement. Un manteau blanc qui n\u2019a logiquement pas tenu mais a permis de donner quelques jolis clich\u00e9s et vid\u00e9os.<\/p>\n<p class=\" wall-content\">Sur la C\u00f4te d\u2019Azur, quelques habitants de communes proches de <a href=\"https:\/\/actu.fr\/nice\/\" target=\"_blank\" rel=\"noopener\">Nice<\/a> ont pu appr\u00e9cier le spectacle. Voici o\u00f9 la neige est tomb\u00e9e.<\/p>\n<p>Autour et sur les hauteurs de Nice<\/p>\n<p class=\" wall-content\">Depuis ce d\u00e9but de semaine, les Azur\u00e9ens avaient pris l\u2019habitude d\u2019observer la neige \u00e0 travers les \u00e9crans. En effet, la France, notamment sa fa\u00e7ade nord-ouest, est touch\u00e9e par un \u00e9pisode neigeux tr\u00e8s important. En \u00cele-de-France, les transports sont toujours au ralenti, ce qui perturbe d\u2019ailleurs <strong>les liaisons<\/strong> au d\u00e9part et \u00e0 l\u2019arriv\u00e9e de l\u2019a\u00e9roport Nice C\u00f4te d\u2019Azur.<\/p>\n<p class=\" wall-content\">Mais hier soir, quelques chanceux ont pu observer un <strong>petit manteau blanc<\/strong> dans certaines communes des Alpes-Maritimes.\u00a0Ce mardi soir ou ce mercredi matin au r\u00e9veil.<\/p>\n<p>    <a href=\"https:\/\/www.facebook.com\/plugins\/video.php?height=476&amp;href=https%3A%2F%2Fwww.facebook.com%2Freel%2F897730552943714%2F&amp;show_text=false&amp;width=350&amp;t=0\" title=\"Ouvrie le lien\" target=\"_blank\" rel=\"noopener\">Cliquez ici pour visualiser le contenu<\/a><\/p>\n<p class=\" wall-content\">Si la neige est essentiellement tomb\u00e9e dans le d\u00e9partement voisin du Var, elle a aussi \u00e9t\u00e9 observ\u00e9e \u00e0 Saint-Roman de Bellet sur les hauteurs de Nice. Une habitante a partag\u00e9 une vid\u00e9o en fin de soir\u00e9e.<\/p>\n<p>Une fine neige dans plusieurs communes<\/p>\n<p class=\" wall-content\">C\u2019est aussi le cas \u00e0 Carros, dans la plaine du Var, o\u00f9 quelques averses de neige ont surpris habitants et automobilistes.<\/p>\n<p>Votre r\u00e9gion, votre actu !<\/p>\n<p>Recevez chaque jour les infos qui comptent pour vous.<\/p>\n<p>\t<a href=\"https:\/\/actu.fr\/newsletter\" class=\"ac-btn ac-btn--corner ac-btn--medium ac-btn--blue800\" target=\"_blank\" rel=\"noopener\">S&rsquo;incrire<\/a><\/p>\n<p>    <a href=\"https:\/\/www.facebook.com\/plugins\/video.php?height=476&amp;href=https%3A%2F%2Fwww.facebook.com%2Freel%2F771925488530508%2F&amp;show_text=false&amp;width=350&amp;t=0\" title=\"Ouvrie le lien\" target=\"_blank\" rel=\"noopener\">Cliquez ici pour visualiser le contenu<\/a><\/p>\n<p class=\" wall-content\">Des flocons sont venus <strong>d\u00e9corer<\/strong> les routes et les jardins \u00e0 Levens, sur le secteur de Contes et Drap, \u00e0 La Gaude ou encore Vence.<\/p>\n<p>    <a href=\"https:\/\/www.facebook.com\/plugins\/video.php?height=476&amp;href=https%3A%2F%2Fwww.facebook.com%2Freel%2F897730552943714%2F&amp;show_text=false&amp;width=350&amp;t=0\" title=\"Ouvrie le lien\" target=\"_blank\" rel=\"noopener\">Cliquez ici pour visualiser le contenu<\/a><\/p>\n<p>    <img   decoding=\"async\" loading=\"lazy\" src=\"https:\/\/www.europesays.com\/fr\/wp-content\/uploads\/2026\/01\/neige-la-gaude-960x640.png\" alt=\"Neige \u00e0 La Gaude\" width=\"960\" height=\"640\"\/><br \/>\n    Du gr\u00e9sil est tomb\u00e9 \u00e0 La Gaude. (\u00a9Capture d\u2019\u00e9cran Facebook)<\/p>\n<p class=\" wall-content\">Les l\u00e8ve-t\u00f4t ont le bonheur d\u2019observer de prendre quelques clich\u00e9s.\u00a0Malheureusement pour les Maralpins, cette neige tr\u00e8s fine, du gr\u00e9sil, s\u2019est <strong>vite \u00e9vapor\u00e9e<\/strong>. Et la magie laisse d\u00e9sormais place aux perturbations dans la r\u00e9gion.<\/p>\n<p class=\" wall-content\">Ce mercredi 7\u00a0janvier 2026, l\u2019autoroute A8 est ferm\u00e9e entre les Bouches-du-Rh\u00f4ne et le Var apr\u00e8s de \u00ab\u2009fortes chutes de neige\u2009\u00bb qui ont entra\u00een\u00e9 plusieurs accidents.<\/p>\n<p class=\" wall-content\">Personnalisez votre actualit\u00e9 en ajoutant vos villes et m\u00e9dias en favori avec <a href=\"https:\/\/moncompte.actu.fr\" title=\"D\u00e9couvez Mon Actu\" rel=\"nofollow noopener\" data-trk=\"{&quot;cta&quot;:{&quot;action&quot;:&quot;https:\\\/\\\/moncompte.actu.fr&quot;,&quot;category&quot;:&quot;mon compte&quot;,&quot;from&quot;:&quot;article footer&quot;,&quot;name&quot;:&quot;Mon actu&quot;,&quot;type&quot;:&quot;cta&quot;}}\" target=\"_blank\">Mon Actu<\/a>.<\/p>\n","protected":false},"excerpt":{"rendered":"Par Arthur Frand Publi\u00e9 le 7 janv. 2026 \u00e0 11h04 De la neige dans les Alpes-Maritimes, oui c\u2019est&hellip;\n","protected":false},"author":2,"featured_media":647030,"comment_status":"","ping_status":"","sticky":false,"template":"","format":"standard","meta":{"footnotes":""},"categories":[2819],"tags":[1111,11,1777,674,1011,27,2357,10584,12,2401,882,25,104],"class_list":{"0":"post-647029","1":"post","2":"type-post","3":"status-publish","4":"format-standard","5":"has-post-thumbnail","7":"category-nice","8":"tag-actu","9":"tag-actualites","10":"tag-eu","11":"tag-europe","12":"tag-fr","13":"tag-france","14":"tag-meteo-france","15":"tag-neige","16":"tag-news","17":"tag-nice","18":"tag-provence-alpes-cote-dazur","19":"tag-republique-francaise","20":"tag-societe"},"share_on_mastodon":{"url":"https:\/\/pubeurope.com\/@fr\/115853765237069790","error":""},"_links":{"self":[{"href":"https:\/\/www.europesays.com\/fr\/wp-json\/wp\/v2\/posts\/647029","targetHints":{"allow":["GET"]}}],"collection":[{"href":"https:\/\/www.europesays.com\/fr\/wp-json\/wp\/v2\/posts"}],"about":[{"href":"https:\/\/www.europesays.com\/fr\/wp-json\/wp\/v2\/types\/post"}],"author":[{"embeddable":true,"href":"https:\/\/www.europesays.com\/fr\/wp-json\/wp\/v2\/users\/2"}],"replies":[{"embeddable":true,"href":"https:\/\/www.europesays.com\/fr\/wp-json\/wp\/v2\/comments?post=647029"}],"version-history":[{"count":0,"href":"https:\/\/www.europesays.com\/fr\/wp-json\/wp\/v2\/posts\/647029\/revisions"}],"wp:featuredmedia":[{"embeddable":true,"href":"https:\/\/www.europesays.com\/fr\/wp-json\/wp\/v2\/media\/647030"}],"wp:attachment":[{"href":"https:\/\/www.europesays.com\/fr\/wp-json\/wp\/v2\/media?parent=647029"}],"wp:term":[{"taxonomy":"category","embeddable":true,"href":"https:\/\/www.europesays.com\/fr\/wp-json\/wp\/v2\/categories?post=647029"},{"taxonomy":"post_tag","embeddable":true,"href":"https:\/\/www.europesays.com\/fr\/wp-json\/wp\/v2\/tags?post=647029"}],"curies":[{"name":"wp","href":"https:\/\/api.w.org\/{rel}","templated":true}]}}