{"id":647033,"date":"2026-01-07T12:16:15","date_gmt":"2026-01-07T12:16:15","guid":{"rendered":"https:\/\/www.europesays.com\/fr\/647033\/"},"modified":"2026-01-07T12:16:15","modified_gmt":"2026-01-07T12:16:15","slug":"les-trams-circulent-la-reprise-des-bus-decalee","status":"publish","type":"post","link":"https:\/\/www.europesays.com\/fr\/647033\/","title":{"rendered":"les trams circulent, la reprise des bus d\u00e9cal\u00e9e"},"content":{"rendered":"<p>                    Par<br \/>\n        <strong><br \/>\n            <a href=\"https:\/\/actu.fr\/auteur\/thomas-bernard\" title=\"Consulter tous les articles de Thomas Bernard\" target=\"_blank\" rel=\"noopener\">Thomas Bernard<\/a><br \/>\n                    <\/strong><\/p>\n<p>        Publi\u00e9 le<\/p>\n<p>            7 janv. 2026 \u00e0 8h27<br \/>\n        ; mis \u00e0 jour le 7 janv. 2026 \u00e0 11h42    <\/p>\n<p>[Mise \u00e0 jour le mercredi 7 janvier 2026 \u00e0 11 h 40 : \u00ab\u00a0La reprise du r\u00e9seau bus est d\u00e9cal\u00e9e \u00e0 partir de 14 h, si les conditions climatiques et de circulation le permettent\u00a0\u00bb, indique la Semitan dans un communiqu\u00e9. Les lignes de tramway et de navibus fonctionnent normalement.]<\/p>\n<p class=\" wall-content\">En raison des conditions m\u00e9t\u00e9orologiques, les transports en commun <a href=\"https:\/\/actu.fr\/pays-de-la-loire\/nantes_44109\/neige-et-verglas-a-nantes-les-bus-et-les-trams-ne-circulent-pas-ce-matin_63655170.html\" target=\"_blank\" rel=\"noopener\">n\u2019ont pas pu circuler normalement<\/a>, mardi 6 janvier 2026. Le service des bus a \u00e9t\u00e9 interrompu tandis que les tramways ont pu desservir des stations dans la journ\u00e9e.<br \/>Ce mercredi 7\u00a0janvier 2026, le trafic <b>continue sa reprise progressive<\/b>. La r\u00e9daction d\u2019<a href=\"https:\/\/actu.fr\/nantes\/\" target=\"_blank\" rel=\"noopener\">actu Nantes<\/a> fait le point.<\/p>\n<p>Reprise du trafic des bus \u00e0 10\u2009h<\/p>\n<p class=\" wall-content\">Selon les \u00e9l\u00e9ments communiqu\u00e9s par Naolib sur <a href=\"https:\/\/x.com\/Naolib_Direct\/status\/2008790898776371216\">son compte X \u00e0 7\u2009h\u200940<\/a>, les trois lignes de tramway circulent\u2009:<\/p>\n<ul class=\" wall-content\">\n<li>La ligne 1 circule (<b>stations Jamet, Ranzay et Babini\u00e8re non desservies<\/b>).<\/li>\n<li>La ligne 2 reprend progressivement son service.<\/li>\n<li>La ligne 3 reprend progressivement son service.<\/li>\n<\/ul>\n<p class=\" wall-content\">Les bus et les busways devraient progressivement reprendre <b>leur service \u00e0 partir de 10\u2009h, ce mercredi 7\u00a0janvier 2026<\/b>. Une reprise soumise aux conditions m\u00e9t\u00e9o, avec le verglas, et de s\u00e9curit\u00e9.<\/p>\n<p class=\" wall-content\">Personnalisez votre actualit\u00e9 en ajoutant vos villes et m\u00e9dias en favori avec <a href=\"https:\/\/moncompte.actu.fr\" title=\"D\u00e9couvez Mon Actu\" rel=\"nofollow noopener\" data-trk=\"{&quot;cta&quot;:{&quot;action&quot;:&quot;https:\\\/\\\/moncompte.actu.fr&quot;,&quot;category&quot;:&quot;mon compte&quot;,&quot;from&quot;:&quot;article footer&quot;,&quot;name&quot;:&quot;Mon actu&quot;,&quot;type&quot;:&quot;cta&quot;}}\" target=\"_blank\">Mon Actu<\/a>.<\/p>\n","protected":false},"excerpt":{"rendered":"Par Thomas Bernard Publi\u00e9 le 7 janv. 2026 \u00e0 8h27 ; mis \u00e0 jour le 7 janv. 2026&hellip;\n","protected":false},"author":2,"featured_media":647034,"comment_status":"","ping_status":"","sticky":false,"template":"","format":"standard","meta":{"footnotes":""},"categories":[2818],"tags":[1111,11,3542,1777,674,1011,27,2487,766,10584,12,2636,25],"class_list":{"0":"post-647033","1":"post","2":"type-post","3":"status-publish","4":"format-standard","5":"has-post-thumbnail","7":"category-nantes","8":"tag-actu","9":"tag-actualites","10":"tag-circulation","11":"tag-eu","12":"tag-europe","13":"tag-fr","14":"tag-france","15":"tag-meteo","16":"tag-nantes","17":"tag-neige","18":"tag-news","19":"tag-pays-de-la-loire","20":"tag-republique-francaise"},"share_on_mastodon":{"url":"https:\/\/pubeurope.com\/@fr\/115853772984449204","error":""},"_links":{"self":[{"href":"https:\/\/www.europesays.com\/fr\/wp-json\/wp\/v2\/posts\/647033","targetHints":{"allow":["GET"]}}],"collection":[{"href":"https:\/\/www.europesays.com\/fr\/wp-json\/wp\/v2\/posts"}],"about":[{"href":"https:\/\/www.europesays.com\/fr\/wp-json\/wp\/v2\/types\/post"}],"author":[{"embeddable":true,"href":"https:\/\/www.europesays.com\/fr\/wp-json\/wp\/v2\/users\/2"}],"replies":[{"embeddable":true,"href":"https:\/\/www.europesays.com\/fr\/wp-json\/wp\/v2\/comments?post=647033"}],"version-history":[{"count":0,"href":"https:\/\/www.europesays.com\/fr\/wp-json\/wp\/v2\/posts\/647033\/revisions"}],"wp:featuredmedia":[{"embeddable":true,"href":"https:\/\/www.europesays.com\/fr\/wp-json\/wp\/v2\/media\/647034"}],"wp:attachment":[{"href":"https:\/\/www.europesays.com\/fr\/wp-json\/wp\/v2\/media?parent=647033"}],"wp:term":[{"taxonomy":"category","embeddable":true,"href":"https:\/\/www.europesays.com\/fr\/wp-json\/wp\/v2\/categories?post=647033"},{"taxonomy":"post_tag","embeddable":true,"href":"https:\/\/www.europesays.com\/fr\/wp-json\/wp\/v2\/tags?post=647033"}],"curies":[{"name":"wp","href":"https:\/\/api.w.org\/{rel}","templated":true}]}}