{"id":647035,"date":"2026-01-07T12:17:13","date_gmt":"2026-01-07T12:17:13","guid":{"rendered":"https:\/\/www.europesays.com\/fr\/647035\/"},"modified":"2026-01-07T12:17:13","modified_gmt":"2026-01-07T12:17:13","slug":"pres-de-bordeaux-un-appartement-de-70-m%c2%b2-prend-feu-une-famille-relogee","status":"publish","type":"post","link":"https:\/\/www.europesays.com\/fr\/647035\/","title":{"rendered":"Pr\u00e8s de Bordeaux, un appartement de 70 m\u00b2 prend feu : une famille relog\u00e9e"},"content":{"rendered":"<p>                    Par<br \/>\n        <strong><br \/>\n            <a href=\"https:\/\/actu.fr\/auteur\/juliette-cardinale\" title=\"Consulter tous les articles de Juliette Cardinale\" target=\"_blank\" rel=\"noopener\">Juliette Cardinale<\/a><br \/>\n                    <\/strong><\/p>\n<p>        Publi\u00e9 le<\/p>\n<p>            7 janv. 2026 \u00e0 11h16        <\/p>\n<p>Un appartement s\u2019est embras\u00e9 mardi 6 janvier 2026 dans la commune de <a href=\"https:\/\/actu.fr\/nouvelle-aquitaine\/villenave-d-ornon_33550\" target=\"_blank\" rel=\"noopener\">Villenave-d\u2019Ornon, pr\u00e8s de Bordeaux.<\/a>\u00a0Les <strong>sapeurs-pompiers<\/strong> ont \u00e9t\u00e9 appel\u00e9s peu avant 10h30 pour intervenir chemin de Leyran.<\/p>\n<p class=\" wall-content\"><a href=\"https:\/\/actu.fr\/tag\/incendie\" target=\"_blank\" rel=\"noopener\">L\u2019incendie<\/a> s\u2019est d\u00e9clar\u00e9 dans <strong>un appartement de 70 m\u00b2<\/strong> situ\u00e9 au rez-de-chauss\u00e9e d\u2019une r\u00e9sidence d\u2019un \u00e9tage. Les 19 soldats du feu engag\u00e9s sur l\u2019intervention sont parvenus \u00e0 \u00e9teindre les flammes au moyen d\u2019une lance.\u00a0<\/p>\n<p>30 m\u00b2 sinistr\u00e9s<\/p>\n<p class=\" wall-content\">Une surface de 30 m\u00b2 est <strong>sinistr\u00e9e,<\/strong> et le reste de l\u2019habitation a \u00e9t\u00e9 impact\u00e9 par les fum\u00e9es d\u2019incendie.\u00a0<\/p>\n<p class=\" wall-content\">Une famille compos\u00e9e de<strong> trois personnes<\/strong> devait<strong> se reloger<\/strong> par ses propres moyens. La <a href=\"https:\/\/actu.fr\/tag\/police\" target=\"_blank\" rel=\"noopener\">police nationale<\/a> et Enedis \u00e9taient pr\u00e9sents lors de l\u2019intervention.<\/p>\n<p class=\" wall-content\">Personnalisez votre actualit\u00e9 en ajoutant vos villes et m\u00e9dias en favori avec <a href=\"https:\/\/moncompte.actu.fr\" title=\"D\u00e9couvez Mon Actu\" rel=\"nofollow noopener\" data-trk=\"{&quot;cta&quot;:{&quot;action&quot;:&quot;https:\\\/\\\/moncompte.actu.fr&quot;,&quot;category&quot;:&quot;mon compte&quot;,&quot;from&quot;:&quot;article footer&quot;,&quot;name&quot;:&quot;Mon actu&quot;,&quot;type&quot;:&quot;cta&quot;}}\" target=\"_blank\">Mon Actu<\/a>.<\/p>\n","protected":false},"excerpt":{"rendered":"Par Juliette Cardinale Publi\u00e9 le 7 janv. 2026 \u00e0 11h16 Un appartement s\u2019est embras\u00e9 mardi 6 janvier 2026&hellip;\n","protected":false},"author":2,"featured_media":647036,"comment_status":"","ping_status":"","sticky":false,"template":"","format":"standard","meta":{"footnotes":""},"categories":[2817],"tags":[1111,11,1997,1777,674,118,1011,27,1310,12,2219,1311,25],"class_list":{"0":"post-647035","1":"post","2":"type-post","3":"status-publish","4":"format-standard","5":"has-post-thumbnail","7":"category-bordeaux","8":"tag-actu","9":"tag-actualites","10":"tag-bordeaux","11":"tag-eu","12":"tag-europe","13":"tag-faits-divers","14":"tag-fr","15":"tag-france","16":"tag-incendie","17":"tag-news","18":"tag-nouvelle-aquitaine","19":"tag-pompiers","20":"tag-republique-francaise"},"share_on_mastodon":{"url":"https:\/\/pubeurope.com\/@fr\/115853776847114686","error":""},"_links":{"self":[{"href":"https:\/\/www.europesays.com\/fr\/wp-json\/wp\/v2\/posts\/647035","targetHints":{"allow":["GET"]}}],"collection":[{"href":"https:\/\/www.europesays.com\/fr\/wp-json\/wp\/v2\/posts"}],"about":[{"href":"https:\/\/www.europesays.com\/fr\/wp-json\/wp\/v2\/types\/post"}],"author":[{"embeddable":true,"href":"https:\/\/www.europesays.com\/fr\/wp-json\/wp\/v2\/users\/2"}],"replies":[{"embeddable":true,"href":"https:\/\/www.europesays.com\/fr\/wp-json\/wp\/v2\/comments?post=647035"}],"version-history":[{"count":0,"href":"https:\/\/www.europesays.com\/fr\/wp-json\/wp\/v2\/posts\/647035\/revisions"}],"wp:featuredmedia":[{"embeddable":true,"href":"https:\/\/www.europesays.com\/fr\/wp-json\/wp\/v2\/media\/647036"}],"wp:attachment":[{"href":"https:\/\/www.europesays.com\/fr\/wp-json\/wp\/v2\/media?parent=647035"}],"wp:term":[{"taxonomy":"category","embeddable":true,"href":"https:\/\/www.europesays.com\/fr\/wp-json\/wp\/v2\/categories?post=647035"},{"taxonomy":"post_tag","embeddable":true,"href":"https:\/\/www.europesays.com\/fr\/wp-json\/wp\/v2\/tags?post=647035"}],"curies":[{"name":"wp","href":"https:\/\/api.w.org\/{rel}","templated":true}]}}