{"id":647041,"date":"2026-01-07T12:20:15","date_gmt":"2026-01-07T12:20:15","guid":{"rendered":"https:\/\/www.europesays.com\/fr\/647041\/"},"modified":"2026-01-07T12:20:15","modified_gmt":"2026-01-07T12:20:15","slug":"du-fumier-et-des-tracteurs-barrages-dagriculteurs-autour-de-toulouse-malgre-linterdiction-actualites","status":"publish","type":"post","link":"https:\/\/www.europesays.com\/fr\/647041\/","title":{"rendered":"Du fumier et des tracteurs: barrages d&rsquo;agriculteurs autour de Toulouse malgr\u00e9 l&rsquo;interdiction : Actualit\u00e9s"},"content":{"rendered":"<p class=\"lead \">A l&rsquo;aide de tracteurs, de bottes de paille et de fumier, les agriculteurs ont \u00e9rig\u00e9 une dizaine de barrages mercredi matin sur les principaux axes autour de Toulouse, malgr\u00e9 un d\u00e9ploiement important des forces de l&rsquo;ordre, dans le but de \u00ab\u00a0paralyser\u00a0\u00bb la m\u00e9tropole pour d\u00e9fendre leur m\u00e9tier en pleine crise, ont constat\u00e9 des journalistes de l&rsquo;AFP.<\/p>\n<p class=\"lead \">Epizootie de dermatose nodulaire contagieuse (DNC) chez les bovins, faible cours du bl\u00e9 et prix \u00e9lev\u00e9 des engrais, menace d&rsquo;une concurrence accrue des pays latino-am\u00e9ricains du Mercosur&#8230; les agriculteurs accentuent la pression contre le gouvernement en \u00ab\u00a0bloquant enti\u00e8rement\u00a0\u00bb Toulouse \u00ab\u00a0tant qu&rsquo;on n&rsquo;aura pas de r\u00e9ponse\u00a0\u00bb, a d\u00e9clar\u00e9 \u00e0 l&rsquo;AFP Lionel Candelon, membre de la direction nationale de la Coordination rurale (CR). <\/p>\n<p class=\"lead \">\u00ab\u00a0C\u2019est une guerre d\u2019usure. On est d\u00e9termin\u00e9s \u00e0 faire le n\u00e9cessaire pour avoir des r\u00e9ponses et \u00eatre entendus\u00a0\u00bb, lance Pierre Solana, 37 ans, \u00e9leveur du Gers sur un cort\u00e8ge d&rsquo;une centaine de v\u00e9hicules, dont une quarantaine de tracteurs et de bennes, bloqu\u00e9s en rase campagne par les forces de l&rsquo;ordre, \u00e0 une quinzaine de kilom\u00e8tres \u00e0 l&rsquo;ouest de Toulouse.<\/p>\n<p class=\"lead \">\u00ab\u00a0Il faut vraiment qu\u2019on trouve une solution pour sauver l\u2019agriculture fran\u00e7aise\u00a0\u00bb, explique au petit matin l&rsquo;agriculteur, parti vers minuit d&rsquo;Auch, \u00e0 70 km de Toulouse, dans un convoi de la CR dont l&rsquo;avanc\u00e9e a \u00e9t\u00e9 \u00ab\u00a0bloqu\u00e9e \u00e0 plusieurs reprises\u00a0\u00bb. <\/p>\n<p class=\"lead \">En pr\u00e9vision de cette mobilisation annonc\u00e9e, le pr\u00e9fet de la r\u00e9gion Occitanie et de la Haute-Garonne, Pierre-Andr\u00e9 Durand, a pris plusieurs arr\u00eat\u00e9s d&rsquo;interdiction, en raison du \u00ab\u00a0risque de troubles \u00e0 l&rsquo;ordre public\u00a0\u00bb, des \u00ab\u00a0potentielles perturbations de la circulation des services de secours ainsi que de la vie \u00e9conomique r\u00e9gionale\u00a0\u00bb.<\/p>\n<p class=\"lead \">&#8211; Interdits &#8211;<\/p>\n<p class=\"lead \">Malgr\u00e9 les interdits, des dizaines d&rsquo;agriculteurs ont perturb\u00e9 d\u00e8s l&rsquo;aube la circulation du nord au sud de Toulouse. <\/p>\n<p class=\"lead \">\u00ab\u00a0L&rsquo;id\u00e9e, c&rsquo;est de converger vers Toulouse et d&rsquo;\u00eatre dans une action de perturbation, qu&rsquo;on d\u00e9plore\u00a0\u00bb, a annonc\u00e9 \u00e0 l&rsquo;AFP, Luc Mesbah, secr\u00e9taire g\u00e9n\u00e9ral de la FDSEA de Haute-Garonne, qui appelait \u00e0 la mobilisation avec les Jeunes Agriculteurs (JA), la Coordination rurale (CR) et la Conf\u00e9d\u00e9ration paysanne. <\/p>\n<p class=\"lead \">Au nord-est de l&rsquo;agglom\u00e9ration toulousaine, l&rsquo;A68 en provenance d&rsquo;Albi a \u00e9t\u00e9 coup\u00e9e par un barrage d&rsquo;une douzaine de tracteurs au p\u00e9age de l&rsquo;Union, face aux gendarmes, provoquant des heures de  bouchons vers Toulouse, a constat\u00e9 une journaliste de l&rsquo;AFP. <\/p>\n<p class=\"lead \">Sur le p\u00e9riph\u00e9rique toulousain, les agriculteurs ont d\u00e9vers\u00e9 du fumier sur la chauss\u00e9e et allum\u00e9 un feu, bloquant enti\u00e8rement la circulation \u00e0 l&rsquo;aube, \u00e0 hauteur de Balma, entra\u00eenant des perturbations importantes jusque sur l&rsquo;A61 au sud-est de l&rsquo;agglom\u00e9ration. <\/p>\n<p class=\"lead \">Des barrages ont \u00e9galement \u00e9t\u00e9 \u00e9rig\u00e9s sur l&rsquo;A64 au sud aux portes de Toulouse et plus \u00e0 l&rsquo;ouest, o\u00f9 les agriculteurs de Haute-Garonne tiennent une portion d&rsquo;autoroute depuis d\u00e9cembre \u00e0 hauteur de Carbonne.<\/p>\n<p class=\"lead \">\u00ab\u00a0C&rsquo;est un ras-le-bol total\u00a0\u00bb, lance Enzo, agriculteur des JA sur le barrage de l&rsquo;A68. \u00ab\u00a0Aujourd&rsquo;hui, on veut que nos b\u00eates ne soient plus abattues (&#8230;) On veut que le Mercosur ne soit pas sign\u00e9 non plus. Et la taxe des engrais aussi, on ne veut pas qu&rsquo;elle passe. On nous a fait beaucoup de promesses, visiblement maintenant plus personne ne nous \u00e9coute\u00a0\u00bb, dit-il \u00e0 l&rsquo;AFP.<\/p>\n<p class=\"lead \">&#8211; Convois vers Paris &#8211;<\/p>\n<p class=\"lead \">\u00ab\u00a0On est tr\u00e8s \u00e9tonn\u00e9s d&rsquo;un tel d\u00e9ploiement de moyens parce qu&rsquo;on a dit que la manifestation \u00e9tait pacifique et on s&rsquo;est retrouv\u00e9s bloqu\u00e9s par endroits\u00a0\u00bb, a d\u00e9clar\u00e9 le pr\u00e9sident de la CR Bertrand Venteau sur France Inter. Il a \u00e9voqu\u00e9 les convois en route vers Paris o\u00f9 les agriculteurs ont pr\u00e9vu d&rsquo;entrer jeudi.<\/p>\n<p class=\"lead \">\u00ab\u00a0M\u00eame en sous-marin par la Seine, on va y arriver. On aura peut-\u00eatre perdu des troupes, mais on arrivera dans Paris sur des lieux symboliques pour porter nos dol\u00e9ances\u00a0\u00bb, a-t-il ajout\u00e9, pr\u00e9venant vouloir \u00ab\u00a0rentrer pacifiquement\u00a0\u00bb dans Paris jusqu&rsquo;\u00e0 l&rsquo;Assembl\u00e9e nationale et au S\u00e9nat.<\/p>\n<p class=\"lead \">Au moins quatre tracteurs ont forc\u00e9 un barrage de gendarmerie pr\u00e8s de La Queue-les-Yvelines (Yvelines), touchant un v\u00e9hicule des forces de l&rsquo;ordre pour ensuite prendre la direction de Paris mercredi matin, ont indiqu\u00e9 \u00e0 l&rsquo;AFP des sources concordantes.<\/p>\n<p class=\"lead \">Les agriculteurs r\u00e9clament notamment la vaccination g\u00e9n\u00e9ralis\u00e9e et l&rsquo;arr\u00eat des abattages syst\u00e9matiques lorsqu&rsquo;un cas de DNC se d\u00e9clare dans un troupeau. Ils s&rsquo;opposent \u00e9galement au projet d&rsquo;accord de libre-\u00e9change pr\u00e9par\u00e9 entre l&rsquo;UE et les pays latino-am\u00e9ricains du Mercosur, que la commission europ\u00e9enne pourrait signer le 12 janvier. <\/p>\n<p class=\"lead \">\u00ab\u00a0Le compte n&rsquo;y est pas\u00a0\u00bb du point de vue de la France, a pr\u00e9venu mercredi le ministre d\u00e9l\u00e9gu\u00e9 fran\u00e7ais charg\u00e9 de l&rsquo;Europe, Benjamin Haddad. La France a \u00ab\u00a0obtenu des am\u00e9liorations\u00a0\u00bb au profit de ses agriculteurs mais \u00ab\u00a0on continuera \u00e0 se battre\u00a0\u00bb, a-t-il pr\u00e9venu sur France 2.<\/p>\n<p class=\"small font-weight-bold text-gray3 \"> publi\u00e9 le 7 janvier \u00e0 11h57, AFP<\/p>\n<p>                             Partager<\/p>\n","protected":false},"excerpt":{"rendered":"A l&rsquo;aide de tracteurs, de bottes de paille et de fumier, les agriculteurs ont \u00e9rig\u00e9 une dizaine de&hellip;\n","protected":false},"author":2,"featured_media":647042,"comment_status":"","ping_status":"","sticky":false,"template":"","format":"standard","meta":{"footnotes":""},"categories":[2816],"tags":[39758,1111,11,327,1777,674,1011,27,2088,12,2680,25,209,801,3427,2312,2803],"class_list":{"0":"post-647041","1":"post","2":"type-post","3":"status-publish","4":"format-standard","5":"has-post-thumbnail","7":"category-toulouse","8":"tag-levage","9":"tag-actu","10":"tag-actualites","11":"tag-agriculture","12":"tag-eu","13":"tag-europe","14":"tag-fr","15":"tag-france","16":"tag-manifestation","17":"tag-news","18":"tag-occitanie","19":"tag-republique-francaise","20":"tag-route","21":"tag-social","22":"tag-syndicats","23":"tag-toulouse","24":"tag-transport"},"share_on_mastodon":{"url":"https:\/\/pubeurope.com\/@fr\/115853788814927024","error":""},"_links":{"self":[{"href":"https:\/\/www.europesays.com\/fr\/wp-json\/wp\/v2\/posts\/647041","targetHints":{"allow":["GET"]}}],"collection":[{"href":"https:\/\/www.europesays.com\/fr\/wp-json\/wp\/v2\/posts"}],"about":[{"href":"https:\/\/www.europesays.com\/fr\/wp-json\/wp\/v2\/types\/post"}],"author":[{"embeddable":true,"href":"https:\/\/www.europesays.com\/fr\/wp-json\/wp\/v2\/users\/2"}],"replies":[{"embeddable":true,"href":"https:\/\/www.europesays.com\/fr\/wp-json\/wp\/v2\/comments?post=647041"}],"version-history":[{"count":0,"href":"https:\/\/www.europesays.com\/fr\/wp-json\/wp\/v2\/posts\/647041\/revisions"}],"wp:featuredmedia":[{"embeddable":true,"href":"https:\/\/www.europesays.com\/fr\/wp-json\/wp\/v2\/media\/647042"}],"wp:attachment":[{"href":"https:\/\/www.europesays.com\/fr\/wp-json\/wp\/v2\/media?parent=647041"}],"wp:term":[{"taxonomy":"category","embeddable":true,"href":"https:\/\/www.europesays.com\/fr\/wp-json\/wp\/v2\/categories?post=647041"},{"taxonomy":"post_tag","embeddable":true,"href":"https:\/\/www.europesays.com\/fr\/wp-json\/wp\/v2\/tags?post=647041"}],"curies":[{"name":"wp","href":"https:\/\/api.w.org\/{rel}","templated":true}]}}