{"id":647043,"date":"2026-01-07T12:21:09","date_gmt":"2026-01-07T12:21:09","guid":{"rendered":"https:\/\/www.europesays.com\/fr\/647043\/"},"modified":"2026-01-07T12:21:09","modified_gmt":"2026-01-07T12:21:09","slug":"decouvrez-la-programmation-complete-du-jardin-dhiver","status":"publish","type":"post","link":"https:\/\/www.europesays.com\/fr\/647043\/","title":{"rendered":"d\u00e9couvrez la programmation compl\u00e8te du Jardin d\u2019Hiver"},"content":{"rendered":"<p>                    Par<br \/>\n        <strong><br \/>\n            <a href=\"https:\/\/actu.fr\/auteur\/amandine-vachez\" title=\"Consulter tous les articles de Amandine Vachez\" target=\"_blank\" rel=\"noopener\">Amandine Vachez<\/a><br \/>\n                    <\/strong><\/p>\n<p>        Publi\u00e9 le<\/p>\n<p>            7 janv. 2026 \u00e0 12h00        <\/p>\n<p>Enfin\u2009! Les friands de l\u2019\u00e9v\u00e9nement vont savoir quelle sera la <b>programmation <\/b>de la prochaine \u00e9dition du<b> Jardin d\u2019Hiver<\/b>, qui se tiendra<b> les 27 et 28\u00a0f\u00e9vrier 2026 <\/b>au Grand Sud \u00e0 <a href=\"https:\/\/actu.fr\/lille\/\" target=\"_blank\" rel=\"noopener\">Lille<\/a> (Nord). Deux nuits, deux ambiances, une seule exp\u00e9rience autour de la <b>musique \u00e9lectro<\/b>.<\/p>\n<p>    <a href=\"https:\/\/www.facebook.com\/plugins\/video.php?height=476&amp;href=https%3A%2F%2Fwww.facebook.com%2Freel%2F1180796310917725%2F&amp;show_text=false&amp;width=350&amp;t=0\" title=\"Ouvrie le lien\" target=\"_blank\" rel=\"noopener\">Cliquez ici pour visualiser le contenu<\/a><\/p>\n<p>\u00ab\u2009Un voyage sonore collectif\u2009\u00bb<\/p>\n<p class=\" wall-content\">Pour celles et ceux qui ne connaissent pas encore l\u2019\u00e9v\u00e9nement, il s\u2019agit d\u2019 \u00ab\u2009un rendez-vous hivernal o\u00f9 la nuit devient un <b>voyage sonore collectif, port\u00e9 par deux soir\u00e9es aux identit\u00e9s compl\u00e9mentaires<\/b>\u2009\u00bb, pr\u00e9sente l\u2019\u00e9quipe du Jardin \u00e9lectronique, aussi instigatrice de <a href=\"https:\/\/www.jardinelectronique.com\/infos-pratiques\/#:~:text=Le%20Jardin%20Electronique,Parc%20Naturel%20Urbain%20de%20Lomme.&amp;text=1%20pass%20%3D%201%20scan%20%3D%201,%C3%A0%20tou%C2%B7te%C2%B7s.\" target=\"_blank\" rel=\"noopener\">l\u2019\u00e9v\u00e9nement \u00e9ponyme en septembre \u00e0 Lomme<\/a>, et du <a href=\"https:\/\/actu.fr\/hauts-de-france\/douai_59178\/a-douai-le-plein-air-festival-change-de-date-pour-une-experience-encore-plus-agreable_63528217.html\" target=\"_blank\" rel=\"noopener\">Plein Air Festival, pr\u00e9vu en juin \u00e0 Douai<\/a>.<\/p>\n<p>Quel programme pour les deux jours\u2009?<\/p>\n<ul class=\" wall-content\">\n<li><b>Voici ce qui vous attend, le vendredi 27\u00a0f\u00e9vrier\u2009:<\/b><\/li>\n<\/ul>\n<p class=\" wall-content\">Hardcore &amp; Frapcore en collaboration avec le label 20contre1\u2009: \u00ab\u2009Von Bikrav, Todiefor, Shtelamei et Ghosty, accompagn\u00e9s des duos Kimberlaid b2b Lori Booster et Amour Oc\u00e9an b2b Claude Murder, porteront une programmation rythm\u00e9e et\u00a0intense, pens\u00e9e pour une exp\u00e9rience collective et immersive.\u2009\u00bb<\/p>\n<ul class=\" wall-content\">\n<li><b>Le programme du samedi 28\u00a0f\u00e9vrier\u2009:<\/b><\/li>\n<\/ul>\n<p class=\" wall-content\">Hard Techno et Hard Bounce\u2009: \u00ab\u2009Onlynumbers, Aisha, Megoels, Noname, Tars et Romeo guideront le public dans un voyage sonore puissant, entre pulsations appuy\u00e9es et ambiances profondes.\u2009\u00bb<\/p>\n<p>Votre r\u00e9gion, votre actu !<\/p>\n<p>Recevez chaque jour les infos qui comptent pour vous.<\/p>\n<p>\t<a href=\"https:\/\/actu.fr\/newsletter\" class=\"ac-btn ac-btn--corner ac-btn--medium ac-btn--blue800\" target=\"_blank\" rel=\"noopener\">S&rsquo;incrire<\/a><br \/>\nL\u2019acc\u00e8s \u00e0 la pr\u00e9vente ouvert en ligne<\/p>\n<p class=\" wall-content\">Le public peut d\u2019ores et d\u00e9j\u00e0 <a href=\"https:\/\/www.evntr.ee\/jardindhiver26?ref=site\" target=\"_blank\" rel=\"noopener\">s\u2019inscrire en ligne pour avoir acc\u00e8s \u00e0 la presale<\/a> (avec les tarifs les plus avantageux), qui se tiendra<b> du mardi 13\u00a0janvier \u00e0 12\u2009h au mercredi 14\u00a0janvier \u00e0 12\u2009h.<\/b><\/p>\n<p class=\" wall-content\">Pour le petit mot de la fin, l\u2019\u00e9quipe pr\u00e9cise qu\u2019elle voit le Jardin d\u2019Hiver comme \u00ab\u2009plus qu\u2019un festival\u2009: un espace o\u00f9 l\u2019hiver se transforme en \u00e9nergie et o\u00f9 la musique rassemble jusqu\u2019\u00e0 l\u2019aube.\u2009\u00bb<\/p>\n<p>Le festival se tiendra les vendredi\u00a027 et samedi 28\u00a0f\u00e9vrier 2026, les deux nuits de 22\u2009h \u00e0 6\u2009h au Grand Sud de Lille, 50, rue de l\u2019Europe. Suivez les actualit\u00e9s du Jardin <a href=\"https:\/\/www.jardinelectronique.com\/\" target=\"_blank\" rel=\"noopener\">via le site<\/a>, <a href=\"https:\/\/www.instagram.com\/lejardinelectronique\/\" target=\"_blank\" rel=\"noopener\">Instagram<\/a> ou <a href=\"https:\/\/www.facebook.com\/JardinElectronique\/?locale=fr_FR\" target=\"_blank\" rel=\"noopener\">Facebook<\/a>.<\/p>\n<p class=\" wall-content\">Personnalisez votre actualit\u00e9 en ajoutant vos villes et m\u00e9dias en favori avec <a href=\"https:\/\/moncompte.actu.fr\" title=\"D\u00e9couvez Mon Actu\" rel=\"nofollow noopener\" data-trk=\"{&quot;cta&quot;:{&quot;action&quot;:&quot;https:\\\/\\\/moncompte.actu.fr&quot;,&quot;category&quot;:&quot;mon compte&quot;,&quot;from&quot;:&quot;article footer&quot;,&quot;name&quot;:&quot;Mon actu&quot;,&quot;type&quot;:&quot;cta&quot;}}\" target=\"_blank\">Mon Actu<\/a>.<\/p>\n<p>                    <script async src=\"\/\/www.instagram.com\/embed.js\"><\/script><\/p>\n","protected":false},"excerpt":{"rendered":"Par Amandine Vachez Publi\u00e9 le 7 janv. 2026 \u00e0 12h00 Enfin\u2009! Les friands de l\u2019\u00e9v\u00e9nement vont savoir quelle&hellip;\n","protected":false},"author":2,"featured_media":647044,"comment_status":"","ping_status":"","sticky":false,"template":"","format":"standard","meta":{"footnotes":""},"categories":[2815],"tags":[1111,11,1697,1777,674,1011,27,811,1307,1652,873,12,25],"class_list":{"0":"post-647043","1":"post","2":"type-post","3":"status-publish","4":"format-standard","5":"has-post-thumbnail","7":"category-lille","8":"tag-actu","9":"tag-actualites","10":"tag-concert","11":"tag-eu","12":"tag-europe","13":"tag-fr","14":"tag-france","15":"tag-hauts-de-france","16":"tag-lille","17":"tag-loisirs-culture","18":"tag-musique","19":"tag-news","20":"tag-republique-francaise"},"share_on_mastodon":{"url":"https:\/\/pubeurope.com\/@fr\/115853792696327338","error":""},"_links":{"self":[{"href":"https:\/\/www.europesays.com\/fr\/wp-json\/wp\/v2\/posts\/647043","targetHints":{"allow":["GET"]}}],"collection":[{"href":"https:\/\/www.europesays.com\/fr\/wp-json\/wp\/v2\/posts"}],"about":[{"href":"https:\/\/www.europesays.com\/fr\/wp-json\/wp\/v2\/types\/post"}],"author":[{"embeddable":true,"href":"https:\/\/www.europesays.com\/fr\/wp-json\/wp\/v2\/users\/2"}],"replies":[{"embeddable":true,"href":"https:\/\/www.europesays.com\/fr\/wp-json\/wp\/v2\/comments?post=647043"}],"version-history":[{"count":0,"href":"https:\/\/www.europesays.com\/fr\/wp-json\/wp\/v2\/posts\/647043\/revisions"}],"wp:featuredmedia":[{"embeddable":true,"href":"https:\/\/www.europesays.com\/fr\/wp-json\/wp\/v2\/media\/647044"}],"wp:attachment":[{"href":"https:\/\/www.europesays.com\/fr\/wp-json\/wp\/v2\/media?parent=647043"}],"wp:term":[{"taxonomy":"category","embeddable":true,"href":"https:\/\/www.europesays.com\/fr\/wp-json\/wp\/v2\/categories?post=647043"},{"taxonomy":"post_tag","embeddable":true,"href":"https:\/\/www.europesays.com\/fr\/wp-json\/wp\/v2\/tags?post=647043"}],"curies":[{"name":"wp","href":"https:\/\/api.w.org\/{rel}","templated":true}]}}