{"id":647048,"date":"2026-01-07T12:24:22","date_gmt":"2026-01-07T12:24:22","guid":{"rendered":"https:\/\/www.europesays.com\/fr\/647048\/"},"modified":"2026-01-07T12:24:22","modified_gmt":"2026-01-07T12:24:22","slug":"corps-carbonise-dans-une-voiture-a-marseille-la-victime-avait-17-ans-un-suspect-mis-en-examen","status":"publish","type":"post","link":"https:\/\/www.europesays.com\/fr\/647048\/","title":{"rendered":"Corps carbonis\u00e9 dans une voiture \u00e0 Marseille : la victime avait 17 ans, un suspect mis en examen"},"content":{"rendered":"<ul class=\"jsx-862013697 ArticleChapo__List\">\n<li class=\"jsx-862013697 ArticleChapo__List_Item flex\">Un corps a \u00e9t\u00e9 retrouv\u00e9 carbonis\u00e9 dans une voiture vendredi 2 janvier \u00e0 Marseille.<\/li>\n<li class=\"jsx-862013697 ArticleChapo__List_Item flex\">Mardi soir, le parquet de Marseille a annonc\u00e9 qu&rsquo;il s&rsquo;agissait d&rsquo;un jeune homme de 17 ans.<\/li>\n<li class=\"jsx-862013697 ArticleChapo__List_Item flex\">Un homme de 23 ans, soup\u00e7onn\u00e9 d&rsquo;\u00eatre impliqu\u00e9 dans ce crime, a \u00e9t\u00e9 mis en examen.<\/li>\n<\/ul>\n<p data-module=\"article-paragraph\" class=\"jsx-157965717 Paragraph\">On en sait plus sur <a href=\"https:\/\/www.tf1info.fr\/justice-faits-divers\/marseille-narchomicide-un-corps-retrouve-dans-le-coffre-d-une-voiture-incendiee-2416263.html\" target=\"_blank\" rel=\"noopener\">le corps retrouv\u00e9 \u00e0 Marseille \u00e0 l&rsquo;arri\u00e8re d&rsquo;une voiture incendi\u00e9e dans la nuit du 1er au 2 janvier<\/a>. Il est celui d&rsquo;un adolescent de 17 ans port\u00e9 disparu, selon le parquet qui a annonc\u00e9 mardi soir la mise en examen d&rsquo;un homme de 23 ans.<\/p>\n<p data-module=\"article-paragraph\" class=\"jsx-157965717 Paragraph\">Retrouv\u00e9 dans les quartiers Nord, le corps du jeune homme \u00ab\u00a0pr\u00e9sentait des impacts de balle au niveau de la t\u00eate et des \u00e9paules\u00a0\u00bb, pr\u00e9cise le communiqu\u00e9 du parquet de Marseille dat\u00e9 de ce 6 janvier0.<\/p>\n<p data-module=\"article-paragraph\" class=\"jsx-157965717 Paragraph Paragraph__End\">L&rsquo;autopsie a confirm\u00e9 que \u00ab\u00a0la cause du d\u00e9c\u00e8s \u00e9tait bien due \u00e0 des tirs au niveau du cr\u00e2ne\u00a0\u00bb, ajoute-t-il, indiquant que des analyses ADN ont permis d&rsquo;identifier la victime : \u00ab\u00a0un jeune gar\u00e7on de 17 ans dont les parents venaient de signaler la disparition\u00a0\u00bb.<\/p>\n<p>Pas de lien \u00e0 ce stade avec le trafic de drogue<\/p>\n<p data-module=\"article-paragraph\" class=\"jsx-157965717 Paragraph\">Le parquet ne fait pas \u00e0 ce stade de lien entre cet assassinat et les violences li\u00e9es aux trafics de drogue qui gangr\u00e8nent certains quartiers de Marseille, m\u00eame si le mode op\u00e9ratoire peut le sugg\u00e9rer.<\/p>\n<p data-module=\"article-paragraph\" class=\"jsx-157965717 Paragraph\">Dans ce dossier, un homme de 23 ans, retrouv\u00e9 au volant d&rsquo;une voiture, qui pourrait correspondre \u00ab\u00a0\u00e0 la description d&rsquo;un v\u00e9hicule vu sur les lieux\u00a0\u00bb du drame, a \u00e9t\u00e9 mis en examen et plac\u00e9 en d\u00e9tention provisoire apr\u00e8s quatre jours de garde \u00e0 vue.<\/p>\n<p data-module=\"article-paragraph\" class=\"jsx-157965717 Paragraph\">Une information judiciaire a \u00e9t\u00e9 ouverte pour \u00ab\u00a0assassinat en bande organis\u00e9e, association de malfaiteurs en vue de la commission d\u2019un crime en bande organis\u00e9e, recel de vol en bande organis\u00e9e et destruction de bien par moyen dangereux en bande organis\u00e9e.\u00a0\u00bb<\/p>\n<p data-module=\"article-paragraph\" class=\"jsx-157965717 Paragraph Paragraph__End\">En un peu plus d&rsquo;un mois, trois assassinats avec un mode op\u00e9ratoire similaire, avec des corps retrouv\u00e9s carbonis\u00e9s, ont \u00e9t\u00e9 d\u00e9nombr\u00e9s \u00e0 Marseille et parmi eux deux mineurs dont un d&rsquo;\u00e0 peine 15 ans. Dimanche, en plein centre de Marseille, un homme a par ailleurs \u00e9t\u00e9 tu\u00e9 par balle dans le quartier pauvre de Belsunce, \u00e0 deux pas de la c\u00e9l\u00e8bre Canebi\u00e8re.<\/p>\n<p><a href=\"https:\/\/www.tf1info.fr\/justice-faits-divers\/marseille-deux-agentes-du-tribunal-mises-en-examen-pour-avoir-transmis-des-informations-a-la-dz-mafia-2412061.html\" rel=\"noopener\" class=\"jsx-3308031228 Link flex\" target=\"_blank\"><img decoding=\"async\" src=\"https:\/\/www.europesays.com\/fr\/wp-content\/uploads\/2026\/01\/justice-illustration-9862ee-5@1x.jpeg\" alt=\"LOIC VENANCE \/ AFP\" loading=\"lazy\" importance=\"low\" fetchpriority=\"low\" class=\"\" aria-hidden=\"true\"\/><\/p>\n<p class=\"jsx-3657663356 ReadMoreArticle__Title\">Lire aussi<\/p>\n<p class=\"jsx-3657663356\">Marseille : deux agentes du tribunal mises en examen pour avoir transmis des informations \u00e0 la DZ Mafia<\/p>\n<p><\/a><\/p>\n<p data-module=\"article-paragraph\" class=\"jsx-157965717 Paragraph Paragraph__End\">Selon un d\u00e9compte de l&rsquo;AFP, 19 personnes ont perdu la vie dans des assassinats li\u00e9s au trafic de drogue en 2025 dans le d\u00e9partement des Bouches-du-Rh\u00f4ne, la grande majorit\u00e9 \u00e0 Marseille. Le 13 novembre, la mort de Mehdi Kessaci, 20 ans, le petit fr\u00e8re du militant \u00e9cologiste et antidrogue Amine Kessaci, avait boulevers\u00e9 la ville.<\/p>\n<p>A.S avec AFP<\/p>\n","protected":false},"excerpt":{"rendered":"Un corps a \u00e9t\u00e9 retrouv\u00e9 carbonis\u00e9 dans une voiture vendredi 2 janvier \u00e0 Marseille. Mardi soir, le parquet&hellip;\n","protected":false},"author":2,"featured_media":647049,"comment_status":"","ping_status":"","sticky":false,"template":"","format":"standard","meta":{"footnotes":""},"categories":[2814],"tags":[1111,11,1921,1777,674,6017,1011,27,1922,2954,884,777,12,882,25,133,2953],"class_list":{"0":"post-647048","1":"post","2":"type-post","3":"status-publish","4":"format-standard","5":"has-post-thumbnail","7":"category-marseille","8":"tag-actu","9":"tag-actualites","10":"tag-article-video","11":"tag-eu","12":"tag-europe","13":"tag-fait-divers","14":"tag-fr","15":"tag-france","16":"tag-info","17":"tag-justice-et-faits-divers","18":"tag-marseille","19":"tag-meurtre","20":"tag-news","21":"tag-provence-alpes-cote-dazur","22":"tag-republique-francaise","23":"tag-video","24":"tag-video-police"},"share_on_mastodon":{"url":"https:\/\/pubeurope.com\/@fr\/115853804472338312","error":""},"_links":{"self":[{"href":"https:\/\/www.europesays.com\/fr\/wp-json\/wp\/v2\/posts\/647048","targetHints":{"allow":["GET"]}}],"collection":[{"href":"https:\/\/www.europesays.com\/fr\/wp-json\/wp\/v2\/posts"}],"about":[{"href":"https:\/\/www.europesays.com\/fr\/wp-json\/wp\/v2\/types\/post"}],"author":[{"embeddable":true,"href":"https:\/\/www.europesays.com\/fr\/wp-json\/wp\/v2\/users\/2"}],"replies":[{"embeddable":true,"href":"https:\/\/www.europesays.com\/fr\/wp-json\/wp\/v2\/comments?post=647048"}],"version-history":[{"count":0,"href":"https:\/\/www.europesays.com\/fr\/wp-json\/wp\/v2\/posts\/647048\/revisions"}],"wp:featuredmedia":[{"embeddable":true,"href":"https:\/\/www.europesays.com\/fr\/wp-json\/wp\/v2\/media\/647049"}],"wp:attachment":[{"href":"https:\/\/www.europesays.com\/fr\/wp-json\/wp\/v2\/media?parent=647048"}],"wp:term":[{"taxonomy":"category","embeddable":true,"href":"https:\/\/www.europesays.com\/fr\/wp-json\/wp\/v2\/categories?post=647048"},{"taxonomy":"post_tag","embeddable":true,"href":"https:\/\/www.europesays.com\/fr\/wp-json\/wp\/v2\/tags?post=647048"}],"curies":[{"name":"wp","href":"https:\/\/api.w.org\/{rel}","templated":true}]}}