{"id":647050,"date":"2026-01-07T12:25:28","date_gmt":"2026-01-07T12:25:28","guid":{"rendered":"https:\/\/www.europesays.com\/fr\/647050\/"},"modified":"2026-01-07T12:25:28","modified_gmt":"2026-01-07T12:25:28","slug":"ils-sont-les-premiers-bebes-de-lannee-2026-a-lyon","status":"publish","type":"post","link":"https:\/\/www.europesays.com\/fr\/647050\/","title":{"rendered":"ils sont les premiers b\u00e9b\u00e9s de l\u2019ann\u00e9e 2026 \u00e0 Lyon"},"content":{"rendered":"<p itemprop=\"description\"><strong>Le d\u00e9but de la nouvelle ann\u00e9e a \u00e9t\u00e9 synonyme de naissances.<\/strong><\/p>\n<p>\u00ab\u00a03 maternit\u00e9s, 3 premiers b\u00e9b\u00e9s de l\u2019ann\u00e9e 2026.\u00a0\u00bb Un peu moins d\u2019une semaine apr\u00e8s le passage \u00e0 la nouvelle ann\u00e9e, les Hospices Civils de Lyon (HCL) ont publi\u00e9 sur leurs r\u00e9seaux sociaux les photos des premiers b\u00e9b\u00e9s de 2026.<\/p>\n<p>Tous sont n\u00e9s le 1 er janvier : Valentin a vu le jour \u00e0 5h56 \u00e0 l\u2019h\u00f4pital Femme M\u00e8re Enfant, Youssra \u00e0 7h39 \u00e0 l\u2019h\u00f4pital Lyon Sud et Ka\u00efs \u00e0 7h56 \u00e0 l\u2019h\u00f4pital de la Croix-Rousse.<\/p>\n<p>\u00ab\u00a0Beaucoup de bonheur aux parents et \u00e0 leurs nouveaux-n\u00e9s. Bravo et merci \u00e0 la formidable Team HCL qui assurait la continuit\u00e9 des soins pendant les f\u00eates. Nos \u00e9quipes r\u00e9alisent plus de 10 000 accouchements par an aux HCL\u00a0\u00bb, ont comment\u00e9 les Hospices Civils de Lyon.\u00a0<\/p>\n<blockquote class=\"instagram-media\" style=\"background: #FFF; border: 0; border-radius: 3px; box-shadow: 0 0 1px 0 rgba(0,0,0,0.5),0 1px 10px 0 rgba(0,0,0,0.15); margin: 1px; max-width: 540px; min-width: 326px; padding: 0; width: calc(100% - 2px);\" data-instgrm-captioned=\"\" data-instgrm-permalink=\"https:\/\/www.instagram.com\/p\/DTLbQT4Dl17\/?utm_source=ig_embed&amp;utm_campaign=loading\" data-instgrm-version=\"14\"><p>&#13;<br \/>\n&#13;\n<\/p><\/blockquote>\n<p>\t\t  <script async src=\"\/\/www.instagram.com\/embed.js\"><\/script><\/p>\n","protected":false},"excerpt":{"rendered":"Le d\u00e9but de la nouvelle ann\u00e9e a \u00e9t\u00e9 synonyme de naissances. \u00ab\u00a03 maternit\u00e9s, 3 premiers b\u00e9b\u00e9s de l\u2019ann\u00e9e&hellip;\n","protected":false},"author":2,"featured_media":647051,"comment_status":"","ping_status":"","sticky":false,"template":"","format":"standard","meta":{"footnotes":""},"categories":[1889],"tags":[1111,11,2813,2190,2430,1109,251,1112,2811,1777,674,118,1294,4651,1011,27,1922,1110,1114,2428,4903,4902,12,241,316,25,2812,517,800],"class_list":{"0":"post-647050","1":"post","2":"type-post","3":"status-publish","4":"format-standard","5":"has-post-thumbnail","7":"category-lyon","8":"tag-actu","9":"tag-actualites","10":"tag-article","11":"tag-asvel","12":"tag-auvergne-rhone-alpes","13":"tag-breves","14":"tag-culture","15":"tag-depeches","16":"tag-economique","17":"tag-eu","18":"tag-europe","19":"tag-faits-divers","20":"tag-femme","21":"tag-femmes","22":"tag-fr","23":"tag-france","24":"tag-info","25":"tag-informations","26":"tag-infos","27":"tag-lyon","28":"tag-lyonfemme","29":"tag-lyonfemmes","30":"tag-news","31":"tag-ol","32":"tag-politique","33":"tag-republique-francaise","34":"tag-sociale","35":"tag-sport","36":"tag-transports"},"share_on_mastodon":{"url":"https:\/\/pubeurope.com\/@fr\/115853808356896272","error":""},"_links":{"self":[{"href":"https:\/\/www.europesays.com\/fr\/wp-json\/wp\/v2\/posts\/647050","targetHints":{"allow":["GET"]}}],"collection":[{"href":"https:\/\/www.europesays.com\/fr\/wp-json\/wp\/v2\/posts"}],"about":[{"href":"https:\/\/www.europesays.com\/fr\/wp-json\/wp\/v2\/types\/post"}],"author":[{"embeddable":true,"href":"https:\/\/www.europesays.com\/fr\/wp-json\/wp\/v2\/users\/2"}],"replies":[{"embeddable":true,"href":"https:\/\/www.europesays.com\/fr\/wp-json\/wp\/v2\/comments?post=647050"}],"version-history":[{"count":0,"href":"https:\/\/www.europesays.com\/fr\/wp-json\/wp\/v2\/posts\/647050\/revisions"}],"wp:featuredmedia":[{"embeddable":true,"href":"https:\/\/www.europesays.com\/fr\/wp-json\/wp\/v2\/media\/647051"}],"wp:attachment":[{"href":"https:\/\/www.europesays.com\/fr\/wp-json\/wp\/v2\/media?parent=647050"}],"wp:term":[{"taxonomy":"category","embeddable":true,"href":"https:\/\/www.europesays.com\/fr\/wp-json\/wp\/v2\/categories?post=647050"},{"taxonomy":"post_tag","embeddable":true,"href":"https:\/\/www.europesays.com\/fr\/wp-json\/wp\/v2\/tags?post=647050"}],"curies":[{"name":"wp","href":"https:\/\/api.w.org\/{rel}","templated":true}]}}