{"id":647052,"date":"2026-01-07T12:26:11","date_gmt":"2026-01-07T12:26:11","guid":{"rendered":"https:\/\/www.europesays.com\/fr\/647052\/"},"modified":"2026-01-07T12:26:11","modified_gmt":"2026-01-07T12:26:11","slug":"gregory-doucet-promet-un-pass-sport-municipal-et-de-nouveaux-equipements-de-proximite","status":"publish","type":"post","link":"https:\/\/www.europesays.com\/fr\/647052\/","title":{"rendered":"Gr\u00e9gory Doucet promet un pass sport municipal et de nouveaux \u00e9quipements de proximit\u00e9"},"content":{"rendered":"<p itemprop=\"description\"><strong>\u00c0 l\u2019approche des \u00e9lections municipales, la liste Vivre Lyon, port\u00e9e par le maire sortant <a href=\"https:\/\/www.lyonmag.com\/profil-personnalite-lyonnaise\/504\/gregory-doucet\" target=\"_blank\" rel=\"noopener\">Gr\u00e9gory Doucet<\/a>, d\u00e9voile un volet de son programme consacr\u00e9 \u00e0 la pratique sportive.<\/strong><\/p>\n<p>L&rsquo;\u00e9cologiste veut permettre aux Lyonnais de \u00ab\u00a0se d\u00e9penser sans trop d\u00e9penser\u00a0\u00bb, en levant deux freins identifi\u00e9s \u00e0 la pratique du sport : le co\u00fbt et le manque d\u2019infrastructures.<\/p>\n<p>La mesure centrale annonc\u00e9e ce mercredi est la cr\u00e9ation d\u2019un pass sport municipal. Celui-ci viendrait doubler le montant du pass sport national mis en place par l\u2019\u00c9tat, afin d\u2019offrir une r\u00e9duction imm\u00e9diate lors de l\u2019inscription dans un club, une association ou une salle de sport. Le dispositif municipal serait ouvert \u00e0 l\u2019ensemble des personnes d\u00e9j\u00e0 \u00e9ligibles au pass sport national. \u00ab\u00a0Nous souhaitons lever les freins \u00e0 la pratique du sport pour nos jeunes\u00a0\u00bb, explique Augustin Pesche, membre de la campagne et \u00e9lu PCF, mettant en avant un soutien prioritaire aux quartiers populaires.<\/p>\n<p>La liste d&rsquo;union de la gauche s\u2019appuie notamment sur un chiffre de la Cour des comptes, selon lequel le crit\u00e8re financier constitue un frein pour 30% des jeunes. Dans un contexte de pression sur le pouvoir d\u2019achat, l\u2019ex\u00e9cutif sortant estime qu\u2019un accompagnement financier renforc\u00e9 est n\u00e9cessaire pour encourager la pratique sportive d\u00e8s le plus jeune \u00e2ge.<\/p>\n<p>Au-del\u00e0 de l\u2019aide financi\u00e8re, Vivre Lyon promet \u00e9galement la cr\u00e9ation et la r\u00e9novation de nombreuses infrastructures sportives. Le programme pr\u00e9voit des \u00e9quipements de plein air r\u00e9partis dans plusieurs arrondissements : aire de fitness dans le 4\u1d49 (terrain Chazi\u00e8re), terrain de sport sur la friche du Givaudan et city stade place Mend\u00e8s France dans le 8\u1d49, plateau sportif \u00e0 la Sauvag\u00e8re dans le 9\u1d49, parcours sant\u00e9 \u00e0 Gerland dans le 7\u1d49 ou encore r\u00e9novation du terrain du Trion dans le 5\u1d49.<\/p>\n<p>Des nouveaux gymnases sont \u00e9galement annonc\u00e9s, notamment dans le 2\u1d49 arrondissement \u00e0 Confluence, au stade Marc-Vivien Fo\u00e9 dans le 3\u1d49, dans le 8\u1d49 arrondissement \u00e0 l\u2019\u00eelot Kennedy, avec une piscine municipale et un mur d\u2019escalade d\u00e9j\u00e0 lanc\u00e9s durant ce mandat, ainsi qu\u2019\u00e0 proximit\u00e9 du coll\u00e8ge Gis\u00e8le Halimi dans le 7\u1d49.<\/p>\n<p>Le programme inclut enfin des lieux d\u00e9di\u00e9s aux sports urbains, avec de nouveaux skateparks \u00e0 Gerland et Confluence, et une salle d\u2019escalade am\u00e9nag\u00e9e dans l\u2019ancienne \u00e9glise Saint-Bernard, dans le 1\u1d49\u02b3 arrondissement.<\/p>\n","protected":false},"excerpt":{"rendered":"\u00c0 l\u2019approche des \u00e9lections municipales, la liste Vivre Lyon, port\u00e9e par le maire sortant Gr\u00e9gory Doucet, d\u00e9voile un&hellip;\n","protected":false},"author":2,"featured_media":647053,"comment_status":"","ping_status":"","sticky":false,"template":"","format":"standard","meta":{"footnotes":""},"categories":[1889],"tags":[1111,11,2813,2190,2430,1109,251,1112,2811,1777,674,118,1011,27,1922,1110,1114,2428,2810,12,241,316,25,2812,517,800],"class_list":{"0":"post-647052","1":"post","2":"type-post","3":"status-publish","4":"format-standard","5":"has-post-thumbnail","7":"category-lyon","8":"tag-actu","9":"tag-actualites","10":"tag-article","11":"tag-asvel","12":"tag-auvergne-rhone-alpes","13":"tag-breves","14":"tag-culture","15":"tag-depeches","16":"tag-economique","17":"tag-eu","18":"tag-europe","19":"tag-faits-divers","20":"tag-fr","21":"tag-france","22":"tag-info","23":"tag-informations","24":"tag-infos","25":"tag-lyon","26":"tag-lyonmag","27":"tag-news","28":"tag-ol","29":"tag-politique","30":"tag-republique-francaise","31":"tag-sociale","32":"tag-sport","33":"tag-transports"},"share_on_mastodon":{"url":"https:\/\/pubeurope.com\/@fr\/115853812184941562","error":""},"_links":{"self":[{"href":"https:\/\/www.europesays.com\/fr\/wp-json\/wp\/v2\/posts\/647052","targetHints":{"allow":["GET"]}}],"collection":[{"href":"https:\/\/www.europesays.com\/fr\/wp-json\/wp\/v2\/posts"}],"about":[{"href":"https:\/\/www.europesays.com\/fr\/wp-json\/wp\/v2\/types\/post"}],"author":[{"embeddable":true,"href":"https:\/\/www.europesays.com\/fr\/wp-json\/wp\/v2\/users\/2"}],"replies":[{"embeddable":true,"href":"https:\/\/www.europesays.com\/fr\/wp-json\/wp\/v2\/comments?post=647052"}],"version-history":[{"count":0,"href":"https:\/\/www.europesays.com\/fr\/wp-json\/wp\/v2\/posts\/647052\/revisions"}],"wp:featuredmedia":[{"embeddable":true,"href":"https:\/\/www.europesays.com\/fr\/wp-json\/wp\/v2\/media\/647053"}],"wp:attachment":[{"href":"https:\/\/www.europesays.com\/fr\/wp-json\/wp\/v2\/media?parent=647052"}],"wp:term":[{"taxonomy":"category","embeddable":true,"href":"https:\/\/www.europesays.com\/fr\/wp-json\/wp\/v2\/categories?post=647052"},{"taxonomy":"post_tag","embeddable":true,"href":"https:\/\/www.europesays.com\/fr\/wp-json\/wp\/v2\/tags?post=647052"}],"curies":[{"name":"wp","href":"https:\/\/api.w.org\/{rel}","templated":true}]}}