{"id":647054,"date":"2026-01-07T12:28:09","date_gmt":"2026-01-07T12:28:09","guid":{"rendered":"https:\/\/www.europesays.com\/fr\/647054\/"},"modified":"2026-01-07T12:28:09","modified_gmt":"2026-01-07T12:28:09","slug":"fortes-chutes-de-neige-un-gagnant-au-pmu-et-le-meilleur-kebab-linfo-a-midi-en-ile-de-france","status":"publish","type":"post","link":"https:\/\/www.europesays.com\/fr\/647054\/","title":{"rendered":"Fortes chutes de neige, un gagnant au PMU et le meilleur kebab&#8230; l&rsquo;info \u00e0 midi en \u00cele-de-France"},"content":{"rendered":"<p>                    Par<br \/>\n        <strong><br \/>\n            <a href=\"https:\/\/actu.fr\/auteur\/audrey-gruaz\" title=\"Consulter tous les articles de Audrey Gruaz\" target=\"_blank\" rel=\"noopener\">Audrey Gruaz<\/a><br \/>\n                    <\/strong><\/p>\n<p>        Publi\u00e9 le<\/p>\n<p>            7 janv. 2026 \u00e0 12h15        <\/p>\n<p><b>Mercredi 7 janvier 2026,\u00a0<\/b>toute <b>l\u2019\u00cele-de-France<\/b> est sous la neige, suivez notre direct pour faire le point sur vos conditions de circulation.\u00a0<\/p>\n<p class=\" wall-content\">En <b>Seine-et-Marne<\/b>, un homme a remport\u00e9 le gros lot en pariant 2\u20ac au PMU !<\/p>\n<p class=\" wall-content\">Dans le <b>Val-de-Marne<\/b>, un classement d\u00e9voile la liste des meilleurs kebab du d\u00e9partement.<\/p>\n<p class=\" wall-content\">Dans <b>l\u2019Essonne<\/b>, une rumeur affirme que la fille cach\u00e9e du Pr\u00e9sident Fran\u00e7ois Mitterrand serait log\u00e9e gratuitement dans un ch\u00e2teau. C\u2019est faux !<\/p>\n<p class=\" wall-content\">Dans les <b>Yvelines<\/b>, la vid\u00e9o d\u2019un carambolage entre plusieurs voitures \u00e0 cause de la neige est devenue virale.<\/p>\n<p class=\" wall-content\">Voici les principales informations du mercredi 7 janvier en <b><a data-auth=\"NotApplicable\" rel=\"noopener noreferrer\" href=\"https:\/\/actu.fr\/ile-de-france\/\" title=\"https:\/\/actu.fr\/ile-de-france\/\" data-linkindex=\"6\" target=\"_blank\">\u00cele-de-France<\/a>,<\/b>\u00a0\u00e0 midi. Cliquez sur les liens si vous voulez en savoir plus sur les sujets qui font l\u2019actualit\u00e9 dans les d\u00e9partements de la r\u00e9gion francilienne.<\/p>\n<p>Les cinq infos \u00e0 retenir\u00a0<\/p>\n<p class=\" wall-content\"><b>Ile-de-France.<\/b> <a href=\"https:\/\/actu.fr\/ile-de-france\/paris_75056\/direct-meteo-alerte-neige-et-verglas-a-paris-et-en-ile-de-france-les-perturbations-en-cours-ce-mercredi_63660243.html\" target=\"_blank\" rel=\"noopener\">Alerte neige et verglas \u00e0 Paris et en \u00cele-de-France : tous les bus rappel\u00e9s \u00ab\u00a0par mesure de s\u00e9curit\u00e9\u00a0\u00bb<\/a><\/p>\n<p>Vid\u00e9os : en ce moment sur Actu<\/p>\n<p class=\" wall-content\">Paris et sa petite couronne sont plac\u00e9s en vigilance orange neige et verglas depuis 4 heures, ce mercredi 7 janvier 2026. Suivez avec nous en direct l\u2019\u00e9volution de la situation.<\/p>\n<p class=\" wall-content\"><b>Seine-et-Marne.<\/b> <a href=\"https:\/\/actu.fr\/ile-de-france\/le-chatelet-en-brie_77100\/seine-et-marne-un-retraite-mise-2-e-sur-une-course-de-chevaux-et-devient-grand-gagnant_63660870.html\" target=\"_blank\" rel=\"noopener\">Un retrait\u00e9 mise 2 \u20ac sur une course de chevaux et devient grand gagnant<\/a><\/p>\n<p>Votre r\u00e9gion, votre actu !<\/p>\n<p>Recevez chaque jour les infos qui comptent pour vous.<\/p>\n<p>\t<a href=\"https:\/\/actu.fr\/newsletter\" class=\"ac-btn ac-btn--corner ac-btn--medium ac-btn--blue800\" target=\"_blank\" rel=\"noopener\">S&rsquo;incrire<\/a><\/p>\n<p class=\" wall-content\">Un parieur du PMU\u00ae a remport\u00e9 la belle somme de 112\u2009435\u00a0\u20ac en jouant \u00e0 l\u2019Istanbul kebab, au Ch\u00e2telet-en-Brie. Il avait mis\u00e9 2\u00a0\u20ac.<\/p>\n<p class=\" wall-content\"><b>Val-de-Marne. <\/b><a href=\"https:\/\/actu.fr\/lifestyle\/classement-ce-kebab-indetronable-est-le-meilleur-du-val-de-marne-pour-la-3e-annee-d-affilee_63656918.html\" target=\"_blank\" rel=\"noopener\">Classement : ce kebab ind\u00e9tr\u00f4nable est le meilleur du d\u00e9partement pour la 3\u1d49 ann\u00e9e d\u2019affil\u00e9e<\/a><\/p>\n<p class=\" wall-content\">Avis aux amateurs de kebab : le site kebab-frites.com a sorti son classement 2026 des meilleurs \u00e9tablissements du Val-de-Marne. La premi\u00e8re place reste inchang\u00e9e depuis 2024.<\/p>\n<p class=\" wall-content\"><b>Essonne. <\/b><a href=\"https:\/\/actu.fr\/ile-de-france\/souzy-la-briche_91602\/non-mazarine-mitterrand-pingeot-n-est-pas-logee-aux-frais-de-l-etat-dans-un-chateau-en-essonne_63658646.html\" target=\"_blank\" rel=\"noopener\">Non, Mazarine Mitterrand Pingeot n\u2019est pas log\u00e9e aux frais de l\u2019\u00c9tat dans un ch\u00e2teau<\/a><\/p>\n<p class=\" wall-content\">Une publication virale sur X assure que la fille cach\u00e9e de l\u2019ancien pr\u00e9sident Fran\u00e7ois Mitterrand est log\u00e9e gratuitement au ch\u00e2teau de Souzy-la-Briche, appartenant \u00e0 l\u2019\u00c9tat.<\/p>\n<p class=\" wall-content\"><b>Yvelines.<\/b>\u00a0<a href=\"https:\/\/actu.fr\/ile-de-france\/andresy_78015\/video-impressionnant-carambolage-a-cause-de-la-neige-a-andresy_63662320.html\" target=\"_blank\" rel=\"noopener\">Vid\u00e9o. Impressionnant carambolage \u00e0 cause de la neige \u00e0 Andr\u00e9sy<\/a><\/p>\n<p class=\" wall-content\">Dans la matin\u00e9e du mardi 6\u00a0janvier 2026, \u00e0 Andr\u00e9sy (Yvelines), plusieurs v\u00e9hicules se sont encastr\u00e9s apr\u00e8s avoir d\u00e9rap\u00e9 sur la neige dans une rue en pente. Voici la vid\u00e9o.<\/p>\n<p>Suivez-nous pour en savoir plus !<\/p>\n<p class=\" wall-content\">Vous voulez plus d\u2019infos sur l\u2019\u00cele-de-France\u00a0? Vous pouvez nous retrouver sur\u00a0Actu\u00a0<b>\u00cele-de-France.<\/b><\/p>\n<p class=\" wall-content\">Pour nous suivre\u00a0<b>sur les r\u00e9seaux sociaux<\/b>, dans vos d\u00e9partements :\u00a0<\/p>\n<p class=\" wall-content\"><b>Paris<\/b>\u00a0:\u00a0retrouvez\u00a0Actu\u00a0Paris\u00a0sur\u00a0<a data-auth=\"NotApplicable\" rel=\"noopener noreferrer\" href=\"https:\/\/www.facebook.com\/actufr.paris\/\" title=\"https:\/\/www.facebook.com\/actufr.paris\/\" data-linkindex=\"17\" target=\"_blank\">Facebook<\/a>\u00a0et\u00a0<a data-auth=\"NotApplicable\" rel=\"noopener noreferrer\" href=\"https:\/\/twitter.com\/actufrparis\" title=\"https:\/\/twitter.com\/actufrparis\" data-linkindex=\"18\" target=\"_blank\">Twitter<\/a>\u00a0<b>;<\/b><br \/><b>Seine-et-Marne<\/b>\u00a0:\u00a0retrouvez\u00a0La R\u00e9publique de Seine-et-Marne\u00a0(sud) sur\u00a0<a data-auth=\"NotApplicable\" rel=\"noopener noreferrer\" href=\"https:\/\/www.facebook.com\/RepubliqueSeineMarne\/\" title=\"https:\/\/www.facebook.com\/RepubliqueSeineMarne\/\" data-linkindex=\"19\" target=\"_blank\">Facebook<\/a>\u00a0et\u00a0<a data-auth=\"NotApplicable\" rel=\"noopener noreferrer\" href=\"https:\/\/twitter.com\/LaRep77\" title=\"https:\/\/twitter.com\/LaRep77\" data-linkindex=\"20\" target=\"_blank\">Twitter<\/a>\u00a0;\u00a0\u00a0La Marne\u00a0(nord) sur\u00a0<a data-auth=\"NotApplicable\" rel=\"noopener noreferrer\" href=\"https:\/\/www.facebook.com\/journallarmarne\/?__tn__=%2Cd%2CP-R&amp;eid=ARDLZc91LaHbXzDwChLLLQJVMBLx_ABJremTC2-RG0CYvg0f4f8CLvbV5G1Lli4g_6QoXDcKkU1_LX1W\" title=\"https:\/\/www.facebook.com\/journallarmarne\/?__tn__=%2Cd%2CP-R&amp;eid=ARDLZc91LaHbXzDwChLLLQJVMBLx_ABJremTC2-RG0CYvg0f4f8CLvbV5G1Lli4g_6QoXDcKkU1_LX1W\" data-linkindex=\"21\" target=\"_blank\">Facebook<\/a>\u00a0et\u00a0<a data-auth=\"NotApplicable\" rel=\"noopener noreferrer\" href=\"https:\/\/twitter.com\/JournalLaMarne\" title=\"https:\/\/twitter.com\/JournalLaMarne\" data-linkindex=\"22\" target=\"_blank\">Twitter<\/a>\u00a0; et\u00a0Le Pays Briard\u00a0sur\u00a0<a data-auth=\"NotApplicable\" rel=\"noopener noreferrer\" href=\"https:\/\/www.facebook.com\/LePaysBriard\/?ref=bookmarks\" title=\"https:\/\/www.facebook.com\/LePaysBriard\/?ref=bookmarks\" data-linkindex=\"23\" target=\"_blank\">Facebook<\/a>\u00a0et\u00a0<a data-auth=\"NotApplicable\" rel=\"noopener noreferrer\" href=\"https:\/\/twitter.com\/LePaysBriard\" title=\"https:\/\/twitter.com\/LePaysBriard\" data-linkindex=\"24\" target=\"_blank\">Twitter<\/a>\u00a0<b>;<\/b><br \/><b>Yvelines<\/b>\u00a0:\u00a0retrouvez\u00a078Actu\u00a0sur\u00a0<a data-auth=\"NotApplicable\" rel=\"noopener noreferrer\" href=\"https:\/\/www.facebook.com\/78actu\/\" title=\"https:\/\/www.facebook.com\/78actu\/\" data-linkindex=\"25\" target=\"_blank\">Facebook<\/a>\u00a0et\u00a0<a data-auth=\"NotApplicable\" rel=\"noopener noreferrer\" href=\"https:\/\/twitter.com\/78actu\" title=\"https:\/\/twitter.com\/78actu\" data-linkindex=\"26\" target=\"_blank\">Twitter<\/a>\u00a0<b>;<\/b><br \/><b>Essonne<\/b>\u00a0:\u00a0retrouvez\u00a0Actu Essonne\u00a0sur\u00a0<a data-auth=\"NotApplicable\" rel=\"noopener noreferrer\" href=\"https:\/\/www.facebook.com\/actuessonne\/?ref=br_rs\" title=\"https:\/\/www.facebook.com\/actuessonne\/?ref=br_rs\" data-linkindex=\"27\" target=\"_blank\">Facebook<\/a>\u00a0et\u00a0<a data-auth=\"NotApplicable\" rel=\"noopener noreferrer\" href=\"https:\/\/twitter.com\/ActuEssonne\" title=\"https:\/\/twitter.com\/ActuEssonne\" data-linkindex=\"28\" target=\"_blank\">Twitter<\/a>\u00a0<b>;<\/b><br \/><b>Hauts-de-Seine<\/b>\u00a0:\u00a0retrouvez\u00a0\u00a0Actu\u00a0Hauts-de-Seine\u00a0sur\u00a0<a data-auth=\"NotApplicable\" rel=\"noopener noreferrer\" href=\"https:\/\/www.facebook.com\/actufr.hautsdeseine\/\" title=\"https:\/\/www.facebook.com\/actufr.hautsdeseine\/\" data-linkindex=\"29\" target=\"_blank\">Facebook<\/a>\u00a0et\u00a0<a data-auth=\"NotApplicable\" rel=\"noopener noreferrer\" href=\"https:\/\/twitter.com\/actufr92\" title=\"https:\/\/twitter.com\/actufr92\" data-linkindex=\"30\" target=\"_blank\">Twitter<\/a>\u00a0;\u00a0<br \/><b>Seine-Saint-Denis<\/b>\u00a0:\u00a0retrouvez\u00a0Actu\u00a0Seine-Saint-Denis\u00a0\u00a0sur\u00a0<a data-auth=\"NotApplicable\" rel=\"noopener noreferrer\" href=\"https:\/\/www.facebook.com\/actufr.seinesaintdenis\/\" title=\"https:\/\/www.facebook.com\/actufr.seinesaintdenis\/\" data-linkindex=\"31\" target=\"_blank\">Facebook<\/a>\u00a0et\u00a0<a data-auth=\"NotApplicable\" rel=\"noopener noreferrer\" href=\"https:\/\/twitter.com\/Actufr93\" title=\"https:\/\/twitter.com\/Actufr93\" data-linkindex=\"32\" target=\"_blank\">Twitter<\/a>\u00a0<b>;<\/b><br \/><b>Val-de-Marne<\/b>\u00a0:\u00a0retrouvez\u00a0Actu Val-de-Marne\u00a0\u00a0sur\u00a0<a data-auth=\"NotApplicable\" rel=\"noopener noreferrer\" href=\"https:\/\/www.facebook.com\/actu94.valdemarne\/\" title=\"https:\/\/www.facebook.com\/actu94.valdemarne\/\" data-linkindex=\"33\" target=\"_blank\">Facebook<\/a>\u00a0et\u00a0<a data-auth=\"NotApplicable\" rel=\"noopener noreferrer\" href=\"https:\/\/twitter.com\/actufr94\" title=\"https:\/\/twitter.com\/actufr94\" data-linkindex=\"34\" target=\"_blank\">Twitter<\/a><b>;<\/b><br \/><b>Val-d\u2019Oise<\/b>\u00a0: retrouvez La Gazette du Val-d\u2019Oise sur\u00a0<a data-auth=\"NotApplicable\" rel=\"noopener noreferrer\" href=\"https:\/\/www.facebook.com\/lagazetteduvaldoise\/\" title=\"https:\/\/www.facebook.com\/lagazetteduvaldoise\/\" data-linkindex=\"35\" target=\"_blank\">Facebook<\/a>\u00a0; L\u2019Echo, le r\u00e9gional sur\u00a0<a data-auth=\"NotApplicable\" rel=\"noopener noreferrer\" href=\"https:\/\/www.facebook.com\/echo.regional\" title=\"https:\/\/www.facebook.com\/echo.regional\" data-linkindex=\"36\" target=\"_blank\">Facebook<\/a>\u00a0et C\u00f4t\u00e9 Val d\u2019Oise sur\u00a0<a data-auth=\"NotApplicable\" rel=\"noopener noreferrer\" href=\"https:\/\/www.facebook.com\/Cotevaldoise\" title=\"https:\/\/www.facebook.com\/Cotevaldoise\" data-linkindex=\"37\" target=\"_blank\">Facebook<\/a>.\u00a0<\/p>\n<p class=\" wall-content\">Personnalisez votre actualit\u00e9 en ajoutant vos villes et m\u00e9dias en favori avec <a href=\"https:\/\/moncompte.actu.fr\" title=\"D\u00e9couvez Mon Actu\" rel=\"nofollow noopener\" data-trk=\"{&quot;cta&quot;:{&quot;action&quot;:&quot;https:\\\/\\\/moncompte.actu.fr&quot;,&quot;category&quot;:&quot;mon compte&quot;,&quot;from&quot;:&quot;article footer&quot;,&quot;name&quot;:&quot;Mon actu&quot;,&quot;type&quot;:&quot;cta&quot;}}\" target=\"_blank\">Mon Actu<\/a>.<\/p>\n<p>                    <script async src=\"https:\/\/platform.twitter.com\/widgets.js\" charset=\"utf-8\"><\/script><\/p>\n","protected":false},"excerpt":{"rendered":"Par Audrey Gruaz Publi\u00e9 le 7 janv. 2026 \u00e0 12h15 Mercredi 7 janvier 2026,\u00a0toute l\u2019\u00cele-de-France est sous la&hellip;\n","protected":false},"author":2,"featured_media":647055,"comment_status":"","ping_status":"","sticky":false,"template":"","format":"standard","meta":{"footnotes":""},"categories":[1592],"tags":[1111,11,1777,674,1011,27,662,10883,10584,12,626,25,104,2803],"class_list":{"0":"post-647054","1":"post","2":"type-post","3":"status-publish","4":"format-standard","5":"has-post-thumbnail","7":"category-ile-de-france","8":"tag-actu","9":"tag-actualites","10":"tag-eu","11":"tag-europe","12":"tag-fr","13":"tag-france","14":"tag-ile-de-france","15":"tag-ile-de-france-mobilites","16":"tag-neige","17":"tag-news","18":"tag-paris","19":"tag-republique-francaise","20":"tag-societe","21":"tag-transport"},"share_on_mastodon":{"url":"https:\/\/pubeurope.com\/@fr\/115853820203078194","error":""},"_links":{"self":[{"href":"https:\/\/www.europesays.com\/fr\/wp-json\/wp\/v2\/posts\/647054","targetHints":{"allow":["GET"]}}],"collection":[{"href":"https:\/\/www.europesays.com\/fr\/wp-json\/wp\/v2\/posts"}],"about":[{"href":"https:\/\/www.europesays.com\/fr\/wp-json\/wp\/v2\/types\/post"}],"author":[{"embeddable":true,"href":"https:\/\/www.europesays.com\/fr\/wp-json\/wp\/v2\/users\/2"}],"replies":[{"embeddable":true,"href":"https:\/\/www.europesays.com\/fr\/wp-json\/wp\/v2\/comments?post=647054"}],"version-history":[{"count":0,"href":"https:\/\/www.europesays.com\/fr\/wp-json\/wp\/v2\/posts\/647054\/revisions"}],"wp:featuredmedia":[{"embeddable":true,"href":"https:\/\/www.europesays.com\/fr\/wp-json\/wp\/v2\/media\/647055"}],"wp:attachment":[{"href":"https:\/\/www.europesays.com\/fr\/wp-json\/wp\/v2\/media?parent=647054"}],"wp:term":[{"taxonomy":"category","embeddable":true,"href":"https:\/\/www.europesays.com\/fr\/wp-json\/wp\/v2\/categories?post=647054"},{"taxonomy":"post_tag","embeddable":true,"href":"https:\/\/www.europesays.com\/fr\/wp-json\/wp\/v2\/tags?post=647054"}],"curies":[{"name":"wp","href":"https:\/\/api.w.org\/{rel}","templated":true}]}}