{"id":647056,"date":"2026-01-07T12:29:11","date_gmt":"2026-01-07T12:29:11","guid":{"rendered":"https:\/\/www.europesays.com\/fr\/647056\/"},"modified":"2026-01-07T12:29:11","modified_gmt":"2026-01-07T12:29:11","slug":"21-departements-restent-en-vigilance-orange-11-repassent-en-vigilance-jaune","status":"publish","type":"post","link":"https:\/\/www.europesays.com\/fr\/647056\/","title":{"rendered":"21\u00a0d\u00e9partements restent en vigilance orange, 11 repassent en vigilance jaune"},"content":{"rendered":"<br \/>\n<blockquote class=\"post__live-container--comment-blockquote\"><p>Y a t-il des perturbations sur les transports dans l&rsquo;Ouest ?<\/p><\/blockquote>\n<p>    Colombe           <\/p>\n<blockquote class=\"post__live-container--comment-blockquote\"><p>Bonjour,<br \/>\nVotre live parle beaucoup d\u2019IDF. Qu\u2019en est il des autres regions ?<\/p><\/blockquote>\n<p>    Alex                        <\/p>\n<p class=\"post__live-container--answer-text post__space-node\"><strong>La situation s\u2019est am\u00e9lior\u00e9e dans l\u2019ouest de la France,<\/strong> qui \u00e9tait d\u00e8s le d\u00e9but de semaine en vigilance orange. N\u00e9anmoins, face \u00e0 cette vague de froid et de neige, quelques d\u00e9partements ont tout de m\u00eame \u00e9t\u00e9 plac\u00e9s en vigilance orange, ce qui a entra\u00een\u00e9 des perturbations dans les transports. En raison des risques de verglas, la circulation des bus est fortement perturb\u00e9e mercredi sur le r\u00e9seau Star \u00e0 Rennes, comme le rapporte le journal <a href=\"https:\/\/www.ouest-france.fr\/meteo\/neige\/la-circulation-des-bus-est-toujours-perturbee-ce-mercredi-matin-a-rennes-a591dce4-eb92-11f0-a887-2a4cc40b8e21\" target=\"_blank\" rel=\"noopener\" title=\"Nouvelle fen\u00eatre\">Ouest-France.<\/a><\/p>\n<p class=\"post__live-container--answer-text post__space-node\">Concernant les trains, \u00ab\u00a0des interruptions de circulation sont toujours en cours dans le secteur de Saintes [Charente-Maritime]\u00a0\u00bb, avec une reprise envisag\u00e9e du trafic dans cette zone \u00ab\u00a0jeudi matin, selon les conditions climatiques\u00a0\u00bb.<\/p>\n<p class=\"post__live-container--answer-text post__space-node\">Sont toujours en place la r\u00e9duction de vitesse sur les lignes \u00e0 grande vitesse et des \u00ab\u00a0stop circulation\u00a0\u00bb (interdiction de circuler) des trains \u00e9lectriques sur les axes Tours-Saumur et Tours-Poitiers &#8211; La\u00a0Rochelle mercredi de 6\u00a0heures \u00e0 12\u00a0heures, en raison de possibles pluies vergla\u00e7antes.<\/p>\n<p class=\"post__live-container--answer-text post__space-node\">Dans le<strong> nord de la France, <\/strong>plac\u00e9 aussi en vigilance orange, les intemp\u00e9ries ont des cons\u00e9quences sur les transports en commun et sur le r\u00e9seau routier en g\u00e9n\u00e9ral. La vitesse sur les autoroutes et les routes a \u00e9t\u00e9 r\u00e9duite \u2013\u00a0comme dans la majorit\u00e9 des d\u00e9partements concern\u00e9s par la vigilance orange. Dans la matin\u00e9e, certaines art\u00e8res \u00e9taient impraticables, <a href=\"https:\/\/www.francebleu.fr\/infos\/meteo\/neige-et-verglas-le-situation-ce-mercredi-dans-le-nord-et-le-pas-de-calais-8588620\" target=\"_blank\" rel=\"noopener\" title=\"Nouvelle fen\u00eatre\">comme l\u2019expliquent plusieurs journaux locaux<\/a>.<\/p>\n<p class=\"post__live-container--answer-text post__space-node\">Localement, des perturbations sont annonc\u00e9es sur les lignes de bus g\u00e9r\u00e9es par le r\u00e9seau Il\u00e9via dans la m\u00e9tropole lilloise, sur le r\u00e9seau Tadao, o\u00f9 aucune ligne ne circulait t\u00f4t dans la matin\u00e9e, ou encore dans le Douaisis, o\u00f9 aucune ligne ne circulera sur le r\u00e9seau Eveole jusqu\u2019\u00e0 midi.<\/p>\n<p class=\"post__live-container--answer-text post__space-node\">Avec plusieurs d\u00e9partements en vigilance orange, l\u2019Auvergne et le Limousin sont aussi concern\u00e9s par les intemp\u00e9ries. \u00ab\u00a0La vigilance est de mise ce matin en raison des temp\u00e9ratures tr\u00e8s basses qui figent l\u2019humidit\u00e9 sur les chauss\u00e9es\u00a0\u00bb, annonce\u00a0<a href=\"https:\/\/www.puy-de-dome.fr\/routes-deplacements\/inforoute-63.html\" target=\"_blank\" rel=\"noopener\" title=\"Nouvelle fen\u00eatre\">le service des routes du d\u00e9partement<\/a> du Puy-de-D\u00f4me. La m\u00eame prudence a \u00e9t\u00e9 demand\u00e9e dans l\u2019Allier, en Haute-Loire, en Corr\u00e8ze et dans la Creuse.<\/p>\n","protected":false},"excerpt":{"rendered":"Y a t-il des perturbations sur les transports dans l&rsquo;Ouest ? Colombe Bonjour, Votre live parle beaucoup d\u2019IDF.&hellip;\n","protected":false},"author":2,"featured_media":647057,"comment_status":"","ping_status":"","sticky":false,"template":"","format":"standard","meta":{"footnotes":""},"categories":[1888],"tags":[1111,1928,11,1927,1777,674,1011,27,12,1926,626,1925,25],"class_list":{"0":"post-647056","1":"post","2":"type-post","3":"status-publish","4":"format-standard","5":"has-post-thumbnail","7":"category-paris","8":"tag-actu","9":"tag-actu-paris","10":"tag-actualites","11":"tag-actualites-paris","12":"tag-eu","13":"tag-europe","14":"tag-fr","15":"tag-france","16":"tag-news","17":"tag-news-paris","18":"tag-paris","19":"tag-paris-news","20":"tag-republique-francaise"},"share_on_mastodon":{"url":"https:\/\/pubeurope.com\/@fr\/115853824140096445","error":""},"_links":{"self":[{"href":"https:\/\/www.europesays.com\/fr\/wp-json\/wp\/v2\/posts\/647056","targetHints":{"allow":["GET"]}}],"collection":[{"href":"https:\/\/www.europesays.com\/fr\/wp-json\/wp\/v2\/posts"}],"about":[{"href":"https:\/\/www.europesays.com\/fr\/wp-json\/wp\/v2\/types\/post"}],"author":[{"embeddable":true,"href":"https:\/\/www.europesays.com\/fr\/wp-json\/wp\/v2\/users\/2"}],"replies":[{"embeddable":true,"href":"https:\/\/www.europesays.com\/fr\/wp-json\/wp\/v2\/comments?post=647056"}],"version-history":[{"count":0,"href":"https:\/\/www.europesays.com\/fr\/wp-json\/wp\/v2\/posts\/647056\/revisions"}],"wp:featuredmedia":[{"embeddable":true,"href":"https:\/\/www.europesays.com\/fr\/wp-json\/wp\/v2\/media\/647057"}],"wp:attachment":[{"href":"https:\/\/www.europesays.com\/fr\/wp-json\/wp\/v2\/media?parent=647056"}],"wp:term":[{"taxonomy":"category","embeddable":true,"href":"https:\/\/www.europesays.com\/fr\/wp-json\/wp\/v2\/categories?post=647056"},{"taxonomy":"post_tag","embeddable":true,"href":"https:\/\/www.europesays.com\/fr\/wp-json\/wp\/v2\/tags?post=647056"}],"curies":[{"name":"wp","href":"https:\/\/api.w.org\/{rel}","templated":true}]}}