{"id":647058,"date":"2026-01-07T12:30:13","date_gmt":"2026-01-07T12:30:13","guid":{"rendered":"https:\/\/www.europesays.com\/fr\/647058\/"},"modified":"2026-01-07T12:30:13","modified_gmt":"2026-01-07T12:30:13","slug":"des-tracteurs-forcent-un-barrage-de-gendarmerie-pour-rejoindre-paris","status":"publish","type":"post","link":"https:\/\/www.europesays.com\/fr\/647058\/","title":{"rendered":"des tracteurs forcent un barrage de gendarmerie pour rejoindre Paris"},"content":{"rendered":"<p>\n    <strong>INFO LE FIGARO &#8211;<\/strong> Plusieurs arr\u00eat\u00e9s pr\u00e9fectoraux interdisent les mouvements de tracteurs dans la majeure partie de la France afin d\u2019emp\u00eacher les vell\u00e9it\u00e9s de bloquer la capitale avec les engins.<\/p>\n<p class=\"fig-paragraph\">Quatre\u00a0<a href=\"http:\/\/www.lefigaro.fr\/actualite-france\/lot-et-garonne-un-convoi-d-une-quarantaine-d-agriculteurs-se-dirige-vers-paris-pour-faire-entendre-leurs-solutions-20260106\" target=\"_blank\" data-fig-type=\"NewsFlash\" rel=\"noopener\" data-gtm-custom-categorie=\"navigation\" data-gtm-custom-action=\"crossclick\" data-gtm-custom-label=\"Contextuel\" data-gtm-event=\"customEventSPE\" data-fig-domain=\"LEFIGARO\">tracteurs d\u2019agriculteurs<\/a>\u00a0ont forc\u00e9 ce mercredi matin, vers 10h00, un barrage de gendarmerie sur une nationale \u00e0 La Queue-les-Yvelines afin de rejoindre Paris, a appris Le Figaro de sources concordantes. Une voiture de gendarmerie a \u00e9t\u00e9 touch\u00e9e par un tracteur sans faire de bless\u00e9s ni de d\u00e9g\u00e2ts mat\u00e9riels graves. \u00abLes agriculteurs ont fait un d\u00e9p\u00f4t de neige pour bloquer l\u2019acc\u00e8s \u00e0 la nationale 12\u00bb, pr\u00e9cise la gendarmerie. Le convoi a \u00e9t\u00e9 stopp\u00e9 14 kilom\u00e8tres plus loin \u00e0 Beynes, selon nos informations.<\/p>\n<p class=\"fig-paragraph\">En d\u00e9but de semaine, plusieurs arr\u00eat\u00e9s pr\u00e9fectoraux ont \u00e9t\u00e9 pris pour interdire les mouvements et convois de tracteurs dans la majeure partie de la France. Le but est d\u2019emp\u00eacher les vell\u00e9it\u00e9s de bloquer la capitale avec les engins.<\/p>\n<p class=\"fig-paragraph\">\u00abCes arr\u00eat\u00e9s zonaux sont pris dans le cadre d\u2019une mesure nationale pour interdire la circulation et le transport d\u2019engins agricoles dans le cadre de l\u2019appel \u00e0 manifestation de la Coordination rurale annonc\u00e9e le 8\u00bb, a-t-on comment\u00e9 au minist\u00e8re de l\u2019Int\u00e9rieur.<\/p>\n<p class=\"fig-premium-paywall__infos\">\n        Cet article est r\u00e9serv\u00e9 aux abonn\u00e9s.        Il vous reste 29% \u00e0 d\u00e9couvrir.\n    <\/p>\n<p>                <img  data- alt=\"Le Figaro\" class=\"fig-img--complete fig-img\"\/><\/p>\n<p class=\"fig-premium-paywall__title\">Vous avez envie de lire la suite ?<\/p>\n<p class=\"fig-premium-paywall__subtitle\">D\u00e9bloquez tous les articles imm\u00e9diatement.<\/p>\n<p class=\"fig-premium-paywall__connect\">\n                D\u00e9j\u00e0 abonn\u00e9\u00a0?                <a class=\"fig-premium-paywall__connect-link\" href=\"https:\/\/connect.lefigaro.fr\/login?client=horizon_web&amp;type=main&amp;redirect_uri=https%3A%2F%2Fwww.lefigaro.fr%2Factualite-france%2Fyvelines-des-tracteurs-forcent-un-barrage-de-gendarmerie-pour-rejoindre-paris-20260107\" data-js-gtm=\"{&quot;customCategorie&quot;: &quot;conversion&quot;, &quot;customAction&quot;: &quot;before_Landing_Connexion_paywall_auto&quot;, &quot;customLabel&quot;: &quot;bGVmaWdhcm8uZnJfXzFmMGViYTljLTYwODUtNjUwNC1hMzIwLWJkOGIxYjdjNjU4Y19fTmV3c0ZsYXNo_Yvelines\u00a0: des tracteurs forcent un barrage de gendarmerie pour rejoindre Paris_259&quot;, &quot;customIDSPE&quot;: &quot;bGVmaWdhcm8uZnJfXzFmMGViYTljLTYwODUtNjUwNC1hMzIwLWJkOGIxYjdjNjU4Y19fTmV3c0ZsYXNo&quot;, &quot;event&quot;: &quot;customEventSPE&quot;}\" target=\"_blank\" rel=\"noopener\"><br \/>\n                    Connectez-vous<br \/>\n                <\/a>\n            <\/p>\n","protected":false},"excerpt":{"rendered":"INFO LE FIGARO &#8211; Plusieurs arr\u00eat\u00e9s pr\u00e9fectoraux interdisent les mouvements de tracteurs dans la majeure partie de la&hellip;\n","protected":false},"author":2,"featured_media":647059,"comment_status":"","ping_status":"","sticky":false,"template":"","format":"standard","meta":{"footnotes":""},"categories":[1888],"tags":[1111,1928,47,1058,1054,1059,1060,1055,11,1927,1057,1777,674,118,1011,27,1061,303,12,1926,626,1925,1062,25,656,104,1056,809],"class_list":{"0":"post-647058","1":"post","2":"type-post","3":"status-publish","4":"format-standard","5":"has-post-thumbnail","7":"category-paris","8":"tag-actu","9":"tag-actu-paris","10":"tag-actualite","11":"tag-actualite-education","12":"tag-actualite-france","13":"tag-actualite-justice","14":"tag-actualite-securite","15":"tag-actualite-societe","16":"tag-actualites","17":"tag-actualites-paris","18":"tag-education","19":"tag-eu","20":"tag-europe","21":"tag-faits-divers","22":"tag-fr","23":"tag-france","24":"tag-immigration","25":"tag-justice","26":"tag-news","27":"tag-news-paris","28":"tag-paris","29":"tag-paris-news","30":"tag-polemique","31":"tag-republique-francaise","32":"tag-securite","33":"tag-societe","34":"tag-societe-francaise","35":"tag-violence"},"share_on_mastodon":{"url":"https:\/\/pubeurope.com\/@fr\/115853828065891046","error":""},"_links":{"self":[{"href":"https:\/\/www.europesays.com\/fr\/wp-json\/wp\/v2\/posts\/647058","targetHints":{"allow":["GET"]}}],"collection":[{"href":"https:\/\/www.europesays.com\/fr\/wp-json\/wp\/v2\/posts"}],"about":[{"href":"https:\/\/www.europesays.com\/fr\/wp-json\/wp\/v2\/types\/post"}],"author":[{"embeddable":true,"href":"https:\/\/www.europesays.com\/fr\/wp-json\/wp\/v2\/users\/2"}],"replies":[{"embeddable":true,"href":"https:\/\/www.europesays.com\/fr\/wp-json\/wp\/v2\/comments?post=647058"}],"version-history":[{"count":0,"href":"https:\/\/www.europesays.com\/fr\/wp-json\/wp\/v2\/posts\/647058\/revisions"}],"wp:featuredmedia":[{"embeddable":true,"href":"https:\/\/www.europesays.com\/fr\/wp-json\/wp\/v2\/media\/647059"}],"wp:attachment":[{"href":"https:\/\/www.europesays.com\/fr\/wp-json\/wp\/v2\/media?parent=647058"}],"wp:term":[{"taxonomy":"category","embeddable":true,"href":"https:\/\/www.europesays.com\/fr\/wp-json\/wp\/v2\/categories?post=647058"},{"taxonomy":"post_tag","embeddable":true,"href":"https:\/\/www.europesays.com\/fr\/wp-json\/wp\/v2\/tags?post=647058"}],"curies":[{"name":"wp","href":"https:\/\/api.w.org\/{rel}","templated":true}]}}