{"id":647068,"date":"2026-01-07T12:35:11","date_gmt":"2026-01-07T12:35:11","guid":{"rendered":"https:\/\/www.europesays.com\/fr\/647068\/"},"modified":"2026-01-07T12:35:11","modified_gmt":"2026-01-07T12:35:11","slug":"donnees-biometriques-contre-exemptions-de-visas-le-deal-bancal-que-la-commission-sapprete-a-passer-avec-les-etats-unis","status":"publish","type":"post","link":"https:\/\/www.europesays.com\/fr\/647068\/","title":{"rendered":"Donn\u00e9es biom\u00e9triques contre exemptions de visas\u00a0: le deal bancal que la Commission s\u2019appr\u00eate \u00e0 passer avec les \u00c9tats-Unis"},"content":{"rendered":"<p>En d\u00e9pit <a href=\"https:\/\/www.humanite.fr\/monde\/detournement-de-fonds\/proces-du-rn-pour-detournement-de-fonds-le-tribunal-met-en-garde-contre-une-ingerence-americaine-apres-des-menaces-contre-des-magistrats\" target=\"_blank\" rel=\"noopener\">des rapports actuellement tr\u00e8s tendus avec les \u00c9tats-Unis<\/a>, l\u2019Union europ\u00e9enne\u00a0se pr\u00e9pare \u00e0\u00a0autoriser ces derniers \u00e0 acc\u00e9der aux bases de donn\u00e9es biom\u00e9triques, dont les empreintes digitales et les\u00a0caract\u00e9ristiques faciales\u00a0de la population de ses \u00c9tats membres. En \u00e9change, les citoyens europ\u00e9ens\u00a0resteraient exempt\u00e9s de visa, selon une information d\u2019Euractiv, un\u00a0site d\u2019information europ\u00e9en ax\u00e9 sur les politiques de l\u2019UE.<\/p>\n<p>En 2022, Washington avait exig\u00e9\u00a0que\u00a0cet acc\u00e8s\u00a0soit corr\u00e9l\u00e9\u00a0au maintien de l\u2019exemption de visa aux citoyens europ\u00e9ens qu\u2019il accorde \u00e0 tous les pays de l\u2019UE, \u00e0 l\u2019exception de la Roumanie, de la Bulgarie et de Chypre.\u00a0Un syst\u00e8me que les \u00c9tats-Unis nomment \u00ab\u00a0Enhanced\u00a0Border Security Partnerships\u00a0\u00bb (EBSP), des\u00a0partenariats renforc\u00e9s pour la s\u00e9curit\u00e9 aux fronti\u00e8res.<\/p>\n<p>Concr\u00e8tement, <a href=\"https:\/\/www.humanite.fr\/monde\/donnees-personnelles\/avec-lomnibus-numerique-la-vie-privee-sacrifiee-au-nom-des-profits-et-de-lia\" target=\"_blank\" rel=\"noopener\">la Commission europ\u00e9enne\u00a0pr\u00e9voit de\u00a0mener\u00a0en 2026\u00a0des discussions<\/a> \u00ab\u00a0cadres\u00a0\u00bb avec les \u00c9tats-Unis afin de d\u00e9finir les r\u00e8gles g\u00e9n\u00e9rales r\u00e9gissant le fonctionnement de\u00a0ces \u00ab\u00a0partenariats\u00a0\u00bb.\u00a0Ensuite, les pays de l\u2019UE\u00a0devront engager\u00a0des discussions directes avec l\u2019administration Trump pour conclure leurs propres accords.<\/p>\n<p>Les\u00a0gouvernements europ\u00e9ens\u00a0ont donn\u00e9 leur feu vert<\/p>\n<p>On parle l\u00e0 de donn\u00e9es sensibles concernant des millions d\u2019Europ\u00e9ens. <a href=\"https:\/\/www.humanite.fr\/monde\/donnees-personnelles\/avec-lomnibus-numerique-la-vie-privee-sacrifiee-au-nom-des-profits-et-de-lia\" target=\"_blank\" rel=\"noopener\">Mais cela ne semble pas inqui\u00e9ter les gouvernements de l\u2019UE qui, en d\u00e9cembre, ont accord\u00e9 \u00e0 la\u00a0Commission europ\u00e9enne un mandat de n\u00e9gociation<\/a>.<\/p>\n<p>Toujours selon le site\u00a0Euractiv, un document de la Commission d\u00e9crivant sa position de n\u00e9gociation\u00a0\u00e9voque que les donn\u00e9es sur les origines ethniques, les opinions politiques, les croyances religieuses ou philosophiques, en plus des informations g\u00e9n\u00e9tiques ou biom\u00e9triques, pourraient \u00eatre transf\u00e9r\u00e9es dans le cadre de cet accord-cadre.<\/p>\n<p>Ce document pr\u00e9cise que ces donn\u00e9es ne\u00a0devraient \u00eatre transf\u00e9r\u00e9es que \u00ab\u00a0lorsque\u00a0cela est strictement n\u00e9cessaire et proportionn\u00e9\u00a0\u00bb pour pr\u00e9venir les infractions criminelles ou terroristes, avec des garanties, notamment sur la dur\u00e9e de stockage des informations.<\/p>\n<p>De grosses interrogations<\/p>\n<p>Alors que les \u00c9tats-Unis, en plus d\u2019avoir <a href=\"https:\/\/www.humanite.fr\/monde\/venezuela\/capture-de-nicolas-maduro-loperation-absolute-resolve-un-message-aux-ennemis-de-washington\" target=\"_blank\" rel=\"noopener\">enlev\u00e9 le pr\u00e9sident v\u00e9n\u00e9zu\u00e9lien<\/a> il y a quelques jours, ont r\u00e9cemment sanctionn\u00e9 des fonctionnaires de la Commission et des citoyens de l\u2019UE\u00a0impliqu\u00e9s dans l\u2019\u00e9laboration de lois ou de plaidoyers, un tel projet suscite de\u00a0grosses interrogations. D\u2019autant que le gouvernement Trump envisagerait d\u2019exiger des visiteurs exempt\u00e9s de visa qu\u2019ils\u00a0fournissent\u00a05\u00a0ans de publications sur les r\u00e9seaux sociaux pour pouvoir entrer sur le territoire am\u00e9ricain.<\/p>\n<p>Pour\u00a0le Contr\u00f4leur europ\u00e9en de la protection des donn\u00e9es (CEPD), Wojciech\u00a0Wiewi\u00f3rowski, qui supervise le respect des r\u00e8gles de protection des donn\u00e9es par la Commission, <a href=\"https:\/\/www.humanite.fr\/monde\/emmanuel-macron\/guerre-en-ukraine-a-paris-macron-starmer-et-zelensky-signent-une-declaration-dintention-sans-les-etats-unis\" target=\"_blank\" rel=\"noopener\">cet accord de partenariat<\/a> cr\u00e9erait un \u00ab\u00a0pr\u00e9c\u00e9dent important\u00a0\u00bb en tant que premier accord de l\u2019UE visant \u00e0 transf\u00e9rer de grands volumes de donn\u00e9es personnelles aux autorit\u00e9s frontali\u00e8res d\u2019un autre pays.<\/p>\n<p>Selon\u00a0un document du Conseil\u00a0qui a fait l\u2019objet d\u2019une fuite, pr\u00e9cise\u00a0Euractiv, les \u00c9tats-Unis pr\u00e9voient un acc\u00e8s aux donn\u00e9es d\u2019ici fin 2026.<\/p>\n<p>Le journal des intelligences libres<\/p>\n<p>\u00ab C\u2019est par des informations \u00e9tendues et exactes que nous voudrions donner \u00e0 toutes les intelligences libres <strong>le moyen de comprendre et de juger elles-m\u00eames les \u00e9v\u00e9nements du monde<\/strong>. \u00bb<br \/>Tel \u00e9tait <strong>\u00ab\u00a0Notre but\u00a0\u00bb<\/strong>, comme l\u2019\u00e9crivait Jean Jaur\u00e8s dans le premier \u00e9ditorial de l\u2019Humanit\u00e9.<br \/><strong>120 ans plus tard, il n\u2019a pas chang\u00e9. <br \/>Gr\u00e2ce \u00e0 vous. <\/strong><br \/>Soutenez-nous\u00a0! Votre don sera d\u00e9fiscalis\u00e9\u00a0: donner 5\u20ac vous reviendra \u00e0 1.65\u20ac. Le prix d\u2019un caf\u00e9.<br \/><a href=\"https:\/\/www.humanite.fr\/lhumanite-cest-vous\" target=\"_blank\" rel=\"noopener\">Je veux en savoir plus\u00a0!<\/a><\/p>\n","protected":false},"excerpt":{"rendered":"En d\u00e9pit des rapports actuellement tr\u00e8s tendus avec les \u00c9tats-Unis, l\u2019Union europ\u00e9enne\u00a0se pr\u00e9pare \u00e0\u00a0autoriser ces derniers \u00e0 acc\u00e9der&hellip;\n","protected":false},"author":2,"featured_media":647069,"comment_status":"","ping_status":"","sticky":false,"template":"","format":"standard","meta":{"footnotes":""},"categories":[1589],"tags":[11,73,1866,12,1864,1865,1863,308],"class_list":{"0":"post-647068","1":"post","2":"type-post","3":"status-publish","4":"format-standard","5":"has-post-thumbnail","7":"category-etats-unis","8":"tag-actualites","9":"tag-etats-unis","10":"tag-etats-unis-damerique","11":"tag-news","12":"tag-united-states","13":"tag-united-states-of-america","14":"tag-us","15":"tag-usa"},"share_on_mastodon":{"url":"https:\/\/pubeurope.com\/@fr\/115853848058931075","error":""},"_links":{"self":[{"href":"https:\/\/www.europesays.com\/fr\/wp-json\/wp\/v2\/posts\/647068","targetHints":{"allow":["GET"]}}],"collection":[{"href":"https:\/\/www.europesays.com\/fr\/wp-json\/wp\/v2\/posts"}],"about":[{"href":"https:\/\/www.europesays.com\/fr\/wp-json\/wp\/v2\/types\/post"}],"author":[{"embeddable":true,"href":"https:\/\/www.europesays.com\/fr\/wp-json\/wp\/v2\/users\/2"}],"replies":[{"embeddable":true,"href":"https:\/\/www.europesays.com\/fr\/wp-json\/wp\/v2\/comments?post=647068"}],"version-history":[{"count":0,"href":"https:\/\/www.europesays.com\/fr\/wp-json\/wp\/v2\/posts\/647068\/revisions"}],"wp:featuredmedia":[{"embeddable":true,"href":"https:\/\/www.europesays.com\/fr\/wp-json\/wp\/v2\/media\/647069"}],"wp:attachment":[{"href":"https:\/\/www.europesays.com\/fr\/wp-json\/wp\/v2\/media?parent=647068"}],"wp:term":[{"taxonomy":"category","embeddable":true,"href":"https:\/\/www.europesays.com\/fr\/wp-json\/wp\/v2\/categories?post=647068"},{"taxonomy":"post_tag","embeddable":true,"href":"https:\/\/www.europesays.com\/fr\/wp-json\/wp\/v2\/tags?post=647068"}],"curies":[{"name":"wp","href":"https:\/\/api.w.org\/{rel}","templated":true}]}}