{"id":647072,"date":"2026-01-07T12:37:10","date_gmt":"2026-01-07T12:37:10","guid":{"rendered":"https:\/\/www.europesays.com\/fr\/647072\/"},"modified":"2026-01-07T12:37:10","modified_gmt":"2026-01-07T12:37:10","slug":"le-parquet-allemand-enquete-pour-terrorisme-et-sabotage-apres-une-coupure-delectricite-massive-a-berlin","status":"publish","type":"post","link":"https:\/\/www.europesays.com\/fr\/647072\/","title":{"rendered":"Le parquet allemand enqu\u00eate pour \u00ab\u00a0terrorisme\u00a0\u00bb et \u00ab\u00a0sabotage\u00a0\u00bb apr\u00e8s une coupure d&rsquo;\u00e9lectricit\u00e9 massive \u00e0 Berlin"},"content":{"rendered":"<p>Un incendie de c\u00e2bles sur une installation \u00e9lectrique, survenue samedi dernier, a provoqu\u00e9 une coupure d&rsquo;\u00e9lectricit\u00e9 massive dans une partie de Berlin, en Allemagne.<\/p>\n<p>Le parquet f\u00e9d\u00e9ral allemand, comp\u00e9tent pour l&rsquo;antiterrorisme, a annonc\u00e9 ce mardi 6 janvier \u00e0 l&rsquo;AFP se saisir de l&rsquo;enqu\u00eate sur la <a href=\"https:\/\/www.bfmtv.com\/international\/europe\/allemagne\/video-allemagne-la-chasse-a-l-homme-continue-pour-retrouver-les-auteurs-du-braquage-spectaculaire-d-une-banque_VN-202512310250.html\" title=\"Allemagne: la chasse \u00e0 l&#039;homme continue pour retrouver les auteurs du braquage spectaculaire d&#039;une banque\" class=\"internal_link\" target=\"_blank\" rel=\"noopener\">coupure d&rsquo;\u00e9lectricit\u00e9 massive<\/a> dans une partie de Berlin, en raison des \u00ab\u00a0soup\u00e7ons d&rsquo;appartenance \u00e0 une organisation terroriste\u00a0\u00bb et de \u00ab\u00a0sabotage\u00a0\u00bb.<\/p>\n<p>Survenu t\u00f4t samedi, un incendie de c\u00e2bles sur une installation \u00e9lectrique a \u00e9t\u00e9 revendiqu\u00e9 en ligne par un groupe d&rsquo;extr\u00eame gauche baptis\u00e9 \u00ab\u00a0Vulkangruppe\u00a0\u00bb (Groupe Volcan). Mais les autorit\u00e9s analysent encore l&rsquo;authenticit\u00e9 de cette revendication, en plein d\u00e9bat sur la r\u00e9silience des infrastructures allemandes face \u00e0 de r\u00e9centes attaques, derri\u00e8re lesquelles beaucoup voient la main de la Russie.<\/p>\n<p>45.000 foyers sans \u00e9lectricit\u00e9<\/p>\n<p>Le Groupe Volcan a d\u00e9j\u00e0 revendiqu\u00e9 un acte de sabotage dans une usine Tesla pr\u00e8s de Berlin en mars 2024, o\u00f9 des lignes \u00e9lectriques alimentant le site avaient \u00e9t\u00e9 incendi\u00e9es. M\u00eame rapidement ma\u00eetris\u00e9, l&rsquo;incendie de samedi, survenu sur un pont pr\u00e8s d&rsquo;une centrale \u00e9lectrique dans le sud-ouest de la ville, a laiss\u00e9 quelque 45.000 foyers et 2.200 locaux commerciaux sans \u00e9lectricit\u00e9, en plein \u00e9pisode neigeux persistant.<\/p>\n<p>Mais aussi, pour beaucoup d&rsquo;entre eux, sans eau chaude ni chauffage. Car la coupure affecte aussi le r\u00e9seau local de chauffage urbain &#8211; qui transporte la chaleur via un r\u00e9seau de canalisations &#8211; qui fonctionne \u00e0 l&rsquo;\u00e9lectricit\u00e9.<\/p>\n<p>Mardi \u00e0 la mi-journ\u00e9e, environ 25.000 foyers et 1.100 structures professionnelles \u00e9taient encore priv\u00e9s d&rsquo;\u00e9lectricit\u00e9, selon le dernier bilan de l&rsquo;op\u00e9rateur Stromnetz Berlin. Les 74 centres de soins concern\u00e9s par la panne ainsi que trois gares du secteur ont \u00e9t\u00e9 reconnect\u00e9es, a pr\u00e9cis\u00e9 la m\u00eame source.<\/p>\n<p>Alors que les temp\u00e9ratures n\u00e9gatives vont se poursuivre toute la semaine dans la capitale, Stromnetz demande aux foyers r\u00e9aliment\u00e9s de \u00ab\u00a0limiter pour l&rsquo;instant leur consommation au strict minimum\u00a0\u00bb, et d&rsquo;\u00e9viter les appareils fortement consommateurs. Des dizaines de groupes \u00e9lectrog\u00e8nes de secours, fournis par d&rsquo;autres gestionnaires r\u00e9gionaux allemands, des pompiers d&rsquo;une autre r\u00e9gion ou l&rsquo;arm\u00e9e, ont \u00e9t\u00e9 mobilis\u00e9s.<\/p>\n<p>Outre des b\u00e2timents publics comme les mairies de district, un bus \u00e9tait toujours r\u00e9quisitionn\u00e9 pour servir d&rsquo;abri chaud aux personnes touch\u00e9es, a constat\u00e9 l&rsquo;AFP sur place. Le r\u00e9tablissement complet du courant est attendu pour jeudi.<\/p>\n<p>Cette attaque survient dans un contexte d&rsquo;accusations croissantes de l&rsquo;Allemagne, soutien majeur de l&rsquo;Ukraine, envers la Russie pour ses \u00ab\u00a0attaques hybrides\u00a0\u00bb, allant de survols de drones \u00e0 la d\u00e9sinformation en ligne. Les autorit\u00e9s allemandes n&rsquo;ont cependant pas point\u00e9 jusqu&rsquo;ici la Russie dans ce cas pr\u00e9cis.<\/p>\n","protected":false},"excerpt":{"rendered":"Un incendie de c\u00e2bles sur une installation \u00e9lectrique, survenue samedi dernier, a provoqu\u00e9 une coupure d&rsquo;\u00e9lectricit\u00e9 massive dans&hellip;\n","protected":false},"author":2,"featured_media":647073,"comment_status":"","ping_status":"","sticky":false,"template":"","format":"standard","meta":{"footnotes":""},"categories":[1587],"tags":[11,672,1804,1805,1803,1777,674,1801,12,1802],"class_list":{"0":"post-647072","1":"post","2":"type-post","3":"status-publish","4":"format-standard","5":"has-post-thumbnail","7":"category-allemagne","8":"tag-actualites","9":"tag-allemagne","10":"tag-bundesrepublik-deutschland","11":"tag-de","12":"tag-deutschland","13":"tag-eu","14":"tag-europe","15":"tag-germany","16":"tag-news","17":"tag-republique-federale-dallemagne"},"share_on_mastodon":{"url":"https:\/\/pubeurope.com\/@fr\/115853855585757263","error":""},"_links":{"self":[{"href":"https:\/\/www.europesays.com\/fr\/wp-json\/wp\/v2\/posts\/647072","targetHints":{"allow":["GET"]}}],"collection":[{"href":"https:\/\/www.europesays.com\/fr\/wp-json\/wp\/v2\/posts"}],"about":[{"href":"https:\/\/www.europesays.com\/fr\/wp-json\/wp\/v2\/types\/post"}],"author":[{"embeddable":true,"href":"https:\/\/www.europesays.com\/fr\/wp-json\/wp\/v2\/users\/2"}],"replies":[{"embeddable":true,"href":"https:\/\/www.europesays.com\/fr\/wp-json\/wp\/v2\/comments?post=647072"}],"version-history":[{"count":0,"href":"https:\/\/www.europesays.com\/fr\/wp-json\/wp\/v2\/posts\/647072\/revisions"}],"wp:featuredmedia":[{"embeddable":true,"href":"https:\/\/www.europesays.com\/fr\/wp-json\/wp\/v2\/media\/647073"}],"wp:attachment":[{"href":"https:\/\/www.europesays.com\/fr\/wp-json\/wp\/v2\/media?parent=647072"}],"wp:term":[{"taxonomy":"category","embeddable":true,"href":"https:\/\/www.europesays.com\/fr\/wp-json\/wp\/v2\/categories?post=647072"},{"taxonomy":"post_tag","embeddable":true,"href":"https:\/\/www.europesays.com\/fr\/wp-json\/wp\/v2\/tags?post=647072"}],"curies":[{"name":"wp","href":"https:\/\/api.w.org\/{rel}","templated":true}]}}