{"id":647075,"date":"2026-01-07T12:39:13","date_gmt":"2026-01-07T12:39:13","guid":{"rendered":"https:\/\/www.europesays.com\/fr\/647075\/"},"modified":"2026-01-07T12:39:13","modified_gmt":"2026-01-07T12:39:13","slug":"le-gouvernement-francais-suspend-les-importations-de-produits-contenant-des-pesticides-interdits-dans-lunion-europeenne","status":"publish","type":"post","link":"https:\/\/www.europesays.com\/fr\/647075\/","title":{"rendered":"Le gouvernement fran\u00e7ais suspend les importations de produits contenant des pesticides, interdits dans l\u2019Union europ\u00e9enne"},"content":{"rendered":"<p>                      <img loading=\"lazy\" decoding=\"async\" src=\"https:\/\/www.europesays.com\/fr\/wp-content\/uploads\/2026\/01\/6dca9e2_ftp-1-s2was2yrcsoz-5814683-01-06.jpg\" alt=\"La ministre de l\u2019agriculture fran\u00e7aise, Annie Genevard, s\u2019exprime lors d\u2019une s\u00e9ance de questions au gouvernement \u00e0 l\u2019Assembl\u00e9e nationale, \u00e0 Paris, le 6\u00a0janvier 2026.\"   width=\"664\" height=\"443\"\/>    La ministre de l\u2019agriculture fran\u00e7aise, Annie Genevard, s\u2019exprime lors d\u2019une s\u00e9ance de questions au gouvernement \u00e0 l\u2019Assembl\u00e9e nationale, \u00e0 Paris, le 6\u00a0janvier 2026.  BERTRAND GUAY \/ AFP                        <\/p>\n<p class=\"article__paragraph  \">Avocats, mangues et autres agrumes ne pourront plus entrer en France s\u2019ils contiennent certaines substances interdites en Europe\u00a0: le gouvernement fran\u00e7ais a officialis\u00e9 mercredi 7\u00a0janvier cette mesure \u00ab\u00a0conservatoire\u00a0\u00bb, \u00e0 quelques jours de la signature du trait\u00e9 de libre-\u00e9change UE-Mercosur, qui fait craindre aux agriculteurs une concurrence accrue.<\/p>\n<p class=\"article__paragraph  \">La mesure, qui entre en vigueur jeudi, est prise pour une dur\u00e9e d\u2019un an maximum, dans l\u2019attente de \u00ab\u00a0mesures appropri\u00e9es par la Commission europ\u00e9enne\u00a0\u00bb, selon l\u2019arr\u00eat\u00e9 paru au Journal officiel.<\/p>\n<p class=\"article__paragraph  \"><a href=\"https:\/\/www.lemonde.fr\/economie\/article\/2026\/01\/04\/la-france-va-suspendre-l-importation-de-produits-contenant-des-residus-de-substances-interdites-en-europe-annonce-sebastien-lecornu_6660516_3234.html\" target=\"_blank\" rel=\"noopener\">Ce texte concr\u00e9tise une annonce du premier ministre, S\u00e9bastien Lecornu, et de la ministre de l\u2019agriculture, Annie Genevard<\/a>, pour r\u00e9pondre \u00e0 l\u2019inqui\u00e9tude du monde agricole quant \u00e0 l\u2019accord de libre-\u00e9change entre l\u2019Union europ\u00e9enne (UE) et des pays du Mercosur, qui ne respectent pas les m\u00eames normes que les pays europ\u00e9ens.<\/p>\n<p class=\"article__paragraph  \">\u00ab\u00a0Compte tenu du profil des produits\u00a0\u00bb, le texte concerne en bonne partie \u00ab\u00a0l\u2019Am\u00e9rique du Sud. Mais \u00e7a n\u2019est pas un arr\u00eat\u00e9 dirig\u00e9 contre l\u2019Am\u00e9rique du Sud, il est dirig\u00e9 contre tout pays du monde qui traiterait les fruits et l\u00e9gumes concern\u00e9s avec une de ces cinq substances\u00a0\u00bb, affirmait le minist\u00e8re de l\u2019agriculture en d\u00e9but de semaine.<\/p>\n<p>                                     Lire aussi |  <a href=\"https:\/\/www.lemonde.fr\/idees\/article\/2026\/01\/07\/mercosur-le-mauvais-pari-diplomatique-de-la-france_6660866_3232.html\" class=\"js-article-read-also catcher--favoris__link\" data-premium=\"\" id=\"article-title-3453514\" target=\"_blank\" rel=\"noopener\">Mercosur\u00a0: le mauvais pari diplomatique de la France<\/a>    <\/p>\n<p>   Lire plus tard  <\/p>\n<p>                        Attente de l\u2019accord de Bruxelles                  <\/p>\n<p class=\"article__paragraph  \">Les substances concern\u00e9es sont quatre fongicides \u2013 le mancoz\u00e8be, utilis\u00e9 pour traiter les avocats, les mangues ou encore les poivrons, le thiophanate-m\u00e9thyl (coings, agrumes, avoine\u2026), le carbendazime et le b\u00e9nomyl (tomates, graines de soja, bl\u00e9\u2026) \u2013 et un herbicide, le glufosinate (pommes de terre).<\/p>\n<p class=\"article__paragraph  \">Toutes sont aujourd\u2019hui interdites dans l\u2019Union europ\u00e9enne (UE). Le mancoz\u00e8be et le thiophanate-m\u00e9thyl ont par exemple \u00e9t\u00e9 retir\u00e9s du march\u00e9 en\u00a02021, car suspect\u00e9s d\u2019\u00eatre dangereux pour la sant\u00e9 (canc\u00e9rig\u00e8ne, mutag\u00e8ne ou toxique pour la reproduction). Mais les r\u00e8gles sont un peu diff\u00e9rentes pour les produits import\u00e9s\u00a0: l\u2019UE fixe \u00ab\u00a0des limites maximales acceptables de r\u00e9sidus\u00a0\u00bb, que la France juge \u00ab\u00a0trop \u00e9lev\u00e9es\u00a0\u00bb, a expliqu\u00e9 le minist\u00e8re de l\u2019agriculture.<\/p>\n<p class=\"article__paragraph  \">L\u2019interdiction doit encore obtenir l\u2019aval de Bruxelles, o\u00f9 Annie Genevard se rend mercredi pour une r\u00e9union sp\u00e9ciale avec ses homologues europ\u00e9ens sur le Mercosur et la politique agricole commune.<\/p>\n<p>                                     Lire le d\u00e9cryptage |  Article r\u00e9serv\u00e9 \u00e0 nos abonn\u00e9s  <a href=\"https:\/\/www.lemonde.fr\/economie\/article\/2025\/12\/16\/mercosur-au-risque-d-etre-isolee-la-france-change-de-strategie-et-choisit-la-fermete_6658034_3234.html\" class=\"js-article-read-also catcher--favoris__link\" data-premium=\"1\" id=\"article-title-3451206\" target=\"_blank\" rel=\"noopener\">Mercosur\u00a0: au risque d\u2019\u00eatre isol\u00e9e, la France change de strat\u00e9gie et choisit la fermet\u00e9<\/a>    <\/p>\n<p>   Lire plus tard  <\/p>\n<p>                        \u00ab\u00a0Patriotisme alimentaire\u00a0\u00bb                  <\/p>\n<p class=\"article__paragraph  \">Depuis des mois, la ministre appelle au \u00ab\u00a0patriotisme alimentaire\u00a0\u00bb et affirme pousser Bruxelles \u00e0 harmoniser les r\u00e8gles concernant les pesticides, plaidant pour que les produits import\u00e9s respectent les normes, notamment environnementales, impos\u00e9es dans l\u2019Union europ\u00e9enne.<\/p>\n<p> Newsletter  <\/p>\n<p> <a href=\"https:\/\/www.lemonde.fr\/newsletters\/chaleur-humaine\/\" class=\"inread__link js-services-inread-link\" target=\"_blank\" rel=\"noopener\">  <\/p>\n<p>\u00ab Chaleur humaine \u00bb<\/p>\n<p>Comment faire face au d\u00e9fi climatique ? Chaque semaine, nos meilleurs articles sur le sujet<\/p>\n<p>S&rsquo;inscrire<\/p>\n<p> <\/a>             <\/p>\n<p class=\"article__paragraph  \">\u00ab\u00a0La Commission europ\u00e9enne va disposer de dix jours pour l\u2019analyser, donc il rentre en vigueur ind\u00e9pendamment de ces dix jours\u00a0\u00bb. A l\u2019issue de ce d\u00e9lai, elle peut \u00ab\u00a0soit ne pas s\u2019y opposer (\u2026), soit (\u2026) le g\u00e9n\u00e9raliser \u00e0 tout le reste de l\u2019Union europ\u00e9enne (\u2026) [soit] s\u2019y opposer\u00a0\u00bb, a d\u00e9taill\u00e9 le minist\u00e8re de l\u2019agriculture. Bruxelles rappelle avoir d\u00e9j\u00e0 engag\u00e9 une possible r\u00e9vision de ses r\u00e8gles sur les r\u00e9sidus de pesticides dans les produits import\u00e9s.<\/p>\n<p class=\"article__paragraph  \">L\u2019arr\u00eat\u00e9 demande \u00e9galement aux entreprises du secteur alimentaire de mettre en \u0153uvre des contr\u00f4les afin de s\u2019assurer que les produits import\u00e9s ne contiennent pas les substances interdites en question. Cela passe notamment par \u00ab\u00a0la collecte\u00a0[ou] l\u2019analyse\u00a0\u00bb d\u2019informations \u00ab\u00a0sur la provenance des denr\u00e9es alimentaires acquises\u00a0\u00bb, ou encore des \u00ab\u00a0analyses\u00a0\u00bb permettant de prouver \u00ab\u00a0l\u2019absence de r\u00e9sidu quantifiable\u00a0\u00bb des substances interdites.<\/p>\n<p>                                     Lire aussi |  Article r\u00e9serv\u00e9 \u00e0 nos abonn\u00e9s  <a href=\"https:\/\/www.lemonde.fr\/planete\/article\/2025\/12\/17\/la-commission-europeenne-propose-d-autoriser-des-pesticides-sans-limite-de-temps_6658317_3244.html\" class=\"js-article-read-also catcher--favoris__link\" data-premium=\"1\" id=\"article-title-3451413\" target=\"_blank\" rel=\"noopener\">La Commission europ\u00e9enne propose d\u2019autoriser des pesticides sans limite de temps<\/a>    <\/p>\n<p>   Lire plus tard  <\/p>\n<p>                        Clause de sauvegarde en\u00a02016                  <\/p>\n<p class=\"article__paragraph  \">Interrog\u00e9 sur le sujet sur <a href=\"https:\/\/www.bfmtv.com\/economie\/video-suspension-de-certaines-importations-en-france-avant-l-arrete-il-y-avait-deja-des-controles-affirme-le-patron-de-carrefour_VN-202601070309.html\" target=\"_blank\" rel=\"noopener\" title=\"Nouvelle fen\u00eatre\">BFM-TV\/RMC<\/a>, le PDG de Carrefour, Alexandre Bompard, a estim\u00e9 que cet arr\u00eat\u00e9 \u00ab\u00a0n\u2019aura[it] pas beaucoup d\u2019impact\u00a0\u00bb, assurant que son groupe contr\u00f4lait d\u00e9j\u00e0, avant la publication de l\u2019arr\u00eat\u00e9, \u00ab\u00a0l\u2019existence ou non de ces r\u00e9sidus\u00a0\u00bb. Et \u00ab\u00a0il n\u2019y a pas de traces de r\u00e9sidus\u00a0\u00bb dans \u00ab\u00a099,9\u00a0%\u00a0\u00bb de ces contr\u00f4les, selon le dirigeant. \u00ab\u00a0Ce sera 100\u00a0% apr\u00e8s l\u2019arr\u00eat\u00e9\u00a0\u00bb, promet-il.<\/p>\n<p class=\"article__paragraph  \">L\u2019arr\u00eat\u00e9 se fonde \u00ab\u00a0sur la r\u00e9glementation sanitaire europ\u00e9enne qui autorise les Etats membres, avec des motifs justifi\u00e9s, \u00e0 d\u00e9roger aux r\u00e8gles europ\u00e9ennes et \u00e0 prendre de fa\u00e7on unilat\u00e9rale des dispositions d\u2019interdiction d\u2019import de substances interdites lorsqu\u2019elles sont pr\u00e9sentes \u00e0 des niveaux pr\u00e9occupants\u00a0\u00bb, a expliqu\u00e9 le minist\u00e8re de l\u2019agriculture.<\/p>\n<p class=\"article__paragraph  \">Ce n\u2019est pas la premi\u00e8re fois que certains produits sont temporairement interdits d\u2019importation pour des motifs sanitaires\u00a0: une clause de sauvegarde avait \u00e9t\u00e9 actionn\u00e9e en\u00a02016 pour interdire l\u2019importation de cerises trait\u00e9es au dim\u00e9thoate, un insecticide dangereux pour la sant\u00e9, en attendant son interdiction dans l\u2019UE \u00e0 partir de 2019. L\u2019arr\u00eat\u00e9 pr\u00e9voit une dur\u00e9e d\u2019\u00e9coulement des stocks d\u2019au maximum un mois apr\u00e8s son entr\u00e9e en vigueur.<\/p>\n<p>                                     Lire aussi la tribune |  Article r\u00e9serv\u00e9 \u00e0 nos abonn\u00e9s  <a href=\"https:\/\/www.lemonde.fr\/idees\/article\/2025\/12\/01\/en-dereglementant-les-pesticides-chimiques-la-commission-europeenne-ferait-reculer-l-europe-de-trente-ans_6655514_3232.html\" class=\"js-article-read-also catcher--favoris__link\" data-premium=\"1\" id=\"article-title-3448579\" target=\"_blank\" rel=\"noopener\">\u00ab\u00a0En d\u00e9r\u00e9glementant les pesticides chimiques, la Commission europ\u00e9enne ferait reculer l\u2019Europe de trente ans\u00a0\u00bb<\/a>    <\/p>\n<p>   Lire plus tard  <\/p>\n<p class=\"author__detail\">  Le Monde avec AFP  <\/p>\n<p>                <a href=\"https:\/\/www.lemonde.fr\/syndication\/\" class=\"reuse__content\" title=\"R\u00e9utiliser ce contenu\" target=\"_blank\" rel=\"noopener\">R\u00e9utiliser ce contenu<\/a>      <\/p>\n","protected":false},"excerpt":{"rendered":"La ministre de l\u2019agriculture fran\u00e7aise, Annie Genevard, s\u2019exprime lors d\u2019une s\u00e9ance de questions au gouvernement \u00e0 l\u2019Assembl\u00e9e nationale,&hellip;\n","protected":false},"author":2,"featured_media":647076,"comment_status":"","ping_status":"","sticky":false,"template":"","format":"standard","meta":{"footnotes":""},"categories":[1586],"tags":[11,1777,674,1779,1011,27,12,25,1778,364],"class_list":{"0":"post-647075","1":"post","2":"type-post","3":"status-publish","4":"format-standard","5":"has-post-thumbnail","7":"category-europe","8":"tag-actualites","9":"tag-eu","10":"tag-europe","11":"tag-european-union","12":"tag-fr","13":"tag-france","14":"tag-news","15":"tag-republique-francaise","16":"tag-ue","17":"tag-union-europeenne"},"share_on_mastodon":{"url":"https:\/\/pubeurope.com\/@fr\/115853863455023965","error":""},"_links":{"self":[{"href":"https:\/\/www.europesays.com\/fr\/wp-json\/wp\/v2\/posts\/647075","targetHints":{"allow":["GET"]}}],"collection":[{"href":"https:\/\/www.europesays.com\/fr\/wp-json\/wp\/v2\/posts"}],"about":[{"href":"https:\/\/www.europesays.com\/fr\/wp-json\/wp\/v2\/types\/post"}],"author":[{"embeddable":true,"href":"https:\/\/www.europesays.com\/fr\/wp-json\/wp\/v2\/users\/2"}],"replies":[{"embeddable":true,"href":"https:\/\/www.europesays.com\/fr\/wp-json\/wp\/v2\/comments?post=647075"}],"version-history":[{"count":0,"href":"https:\/\/www.europesays.com\/fr\/wp-json\/wp\/v2\/posts\/647075\/revisions"}],"wp:featuredmedia":[{"embeddable":true,"href":"https:\/\/www.europesays.com\/fr\/wp-json\/wp\/v2\/media\/647076"}],"wp:attachment":[{"href":"https:\/\/www.europesays.com\/fr\/wp-json\/wp\/v2\/media?parent=647075"}],"wp:term":[{"taxonomy":"category","embeddable":true,"href":"https:\/\/www.europesays.com\/fr\/wp-json\/wp\/v2\/categories?post=647075"},{"taxonomy":"post_tag","embeddable":true,"href":"https:\/\/www.europesays.com\/fr\/wp-json\/wp\/v2\/tags?post=647075"}],"curies":[{"name":"wp","href":"https:\/\/api.w.org\/{rel}","templated":true}]}}