{"id":647079,"date":"2026-01-07T12:41:13","date_gmt":"2026-01-07T12:41:13","guid":{"rendered":"https:\/\/www.europesays.com\/fr\/647079\/"},"modified":"2026-01-07T12:41:13","modified_gmt":"2026-01-07T12:41:13","slug":"florence-cestac-pour-elle-ne-fait-pas-son-age","status":"publish","type":"post","link":"https:\/\/www.europesays.com\/fr\/647079\/","title":{"rendered":"Florence Cestac pour \u00ab\u00a0Elle ne fait pas son \u00e2ge\u00a0\u00bb"},"content":{"rendered":"<p class=\"PopSlotParagraph qg-tx2 qg-xtra-lh svelte-1r0pyek\">Le 22 ao\u00fbt, <strong>Florence Cestac<\/strong> a fait para\u00eetre la bande dessin\u00e9e Elle ne fait pas son \u00e2ge aux \u00e9ditions Dargaud. \u00c0 travers une succession d\u2019histoires courtes, l\u2019album suit No\u00e9mie, une femme ordinaire\u2026 ou presque, \u00e0 diff\u00e9rentes \u00e9tapes de son existence. De l\u2019\u00e9cole aux premiers amours, du mariage au travail, de la maternit\u00e9 au divorce, jusqu\u2019aux joies d\u2019un c\u00e9libat retrouv\u00e9, No\u00e9mie traverse la vie avec ses doutes, ses \u00e9preuves et ses \u00e9lans, dans un miroir largement inspir\u00e9 de l\u2019exp\u00e9rience personnelle de l\u2019autrice.<\/p>\n<p class=\"PopSlotParagraph qg-tx2 qg-xtra-lh svelte-1r0pyek\">L\u2019ouvrage rassemble quarante sayn\u00e8tes d\u2019une \u00e0 quatre planches, initialement publi\u00e9es dans de nombreuses revues embl\u00e9matiques de la bande dessin\u00e9e telles que Pilote, Spirou, L\u2019\u00c9cho des savanes, Fluide Glacial ou Femme Majuscule. Personnage r\u00e9current de l\u2019\u0153uvre de Cestac, No\u00e9mie accompagne le lecteur de ses quarante \u00e0 ses soixante-dix ans, au fil des albums de la s\u00e9rie Le D\u00e9mon, tous parus chez Dargaud.<\/p>\n<p class=\"PopSlotParagraph qg-tx2 qg-xtra-lh svelte-1r0pyek\">Double assum\u00e9 de l\u2019autrice, No\u00e9mie existe depuis 1996 et permet \u00e0 Florence Cestac d\u2019aborder, avec libert\u00e9 et humour, les grandes \u00e9tapes de la vie f\u00e9minine. Dans ce recueil, elle \u00e9voque le couple, les relations hommes-femmes, le sexisme ordinaire, le poids du temps et les chocs g\u00e9n\u00e9rationnels. Port\u00e9 par un dessin expressif et un ton tour \u00e0 tour satirique, dr\u00f4le et \u00e9mouvant, l\u2019album offre une com\u00e9die humaine aussi lucide que touchante.<\/p>\n<p class=\"qg-sr-only\" role=\"heading\" aria-level=\"3\">Pour voir ce contenu, acceptez les cookies.<\/p>\n<p class=\"ConsentNotice-description qg-tx3 svelte-m9wmt1\">Pour afficher ce contenu Youtube, vous devez accepter les cookies <b>Publicit\u00e9<\/b>.<br \/>Ces cookies permettent \u00e0 nos partenaires de vous proposer des publicit\u00e9s et des contenus personnalis\u00e9s en fonction de votre navigation, de votre profil et de vos centres d&rsquo;int\u00e9r\u00eat. <\/p>\n<p>  G\u00e9rer mes choix     J&rsquo;autorise  <\/p>\n<p class=\"PopSlotParagraph qg-tx2 qg-xtra-lh svelte-1r0pyek\"><strong>Autre actu\u00a0:<\/strong><\/p>\n<ul>\n<li>Apr\u00e8s\u00a0Le D\u00e9mon de midi,\u00a0Le D\u00e9mon d&rsquo;apr\u00e8s-midi\u00a0et\u00a0Le D\u00e9mon du soir, le dernier tome de la saga\u00a0Le D\u00e9mon de mamie paraissait en janvier 2025, toujours aux \u00e9ditions Dargaud.<\/li>\n<li>En novembre dernier, Florence Cestac ainsi que 19 autres laur\u00e9ats du Grand Prix d\u2019Angoul\u00eame, rejoints par les \u00e9diteurs (SNE et ind\u00e9pendants), ont alert\u00e9 dans une tribune sur une crise majeure du festival,\u00a0d\u00e9non\u00e7ant une gouvernance opaque et la reconduction controvers\u00e9e de la soci\u00e9t\u00e9 9eArt+.<\/li>\n<li>Florence Cestac travaille sur un livre sur la cuisine ou plut\u00f4t sur le parcours d&rsquo;un cuisinier. \u00ab\u00a0J&rsquo;aime raconter la vraie vie de gens qui ont v\u00e9cu.\u00a0\u00bb<\/li>\n<li>Elle travaille \u00e9galement \u00e0 un nouveau projet avec Daniel Pennac avec qui elle avait d\u00e9j\u00e0 travaill\u00e9 en 2015 pour\u00a0Un amour exemplaire,\u00a0une bande dessin\u00e9e sc\u00e9naris\u00e9e par l&rsquo;\u00e9crivain\u00a0Daniel Pennac, dessin\u00e9e et mise en couleur par\u00a0Florence Cestac\u00a0et publi\u00e9e par\u00a0Dargaud.<\/li>\n<\/ul>\n<p class=\"PopSlotParagraph qg-tx2 qg-xtra-lh svelte-1r0pyek\"><strong>L&rsquo;invit\u00e9e sp\u00e9cialiste\u00a0:<\/strong><\/p>\n<p class=\"PopSlotParagraph qg-tx2 qg-xtra-lh svelte-1r0pyek\"><strong>Laetitia Gayet<\/strong>, journaliste \u00e0 France Inter. Elle a sa chronique\u00a0<a href=\"https:\/\/www.radiofrance.fr\/franceinter\/podcasts\/bulles-de-bd\" class=\"\" data-testid=\"link\" target=\"_blank\" rel=\"noopener\">Bulles de BD<\/a>, tous les mercredis \u00e0 5h53 sur France Inter.<\/p>\n<p> La Bande Originale de\u00a0Florence Cestac<\/p>\n<ul>\n<li><strong>1965<\/strong> Crucif\u00e8rius!\u00a0A nice way of life<\/li>\n<li><strong>1972<\/strong> The Rolling Stones Rocks off<\/li>\n<li><strong>1979<\/strong> Michaek Jackson Don&rsquo;t stop &#8217;till you get enough<\/li>\n<li><strong>1996<\/strong> Serge Gainsbourg Je suis venu te dire que je m&rsquo;en vais<\/li>\n<li><strong>2000<\/strong>\u00a0Les N\u00e9gresses vertes Zobi la mouche<\/li>\n<li><strong>2011<\/strong>\u00a0Bob Sinclar &amp; Raffaella Carra Far l&rsquo;amore<\/li>\n<li><strong>2022<\/strong>\u00a0Stromae Fils de joie<\/li>\n<\/ul>\n<p class=\"qg-sr-only\" role=\"heading\" aria-level=\"3\">Pour voir ce contenu, acceptez les cookies.<\/p>\n<p class=\"ConsentNotice-description qg-tx3 svelte-m9wmt1\">Pour afficher ce contenu Youtube, vous devez accepter les cookies <b>Publicit\u00e9<\/b>.<br \/>Ces cookies permettent \u00e0 nos partenaires de vous proposer des publicit\u00e9s et des contenus personnalis\u00e9s en fonction de votre navigation, de votre profil et de vos centres d&rsquo;int\u00e9r\u00eat. <\/p>\n<p>  G\u00e9rer mes choix     J&rsquo;autorise  <\/p>\n<p class=\"PopSlotParagraph qg-tx2 qg-xtra-lh svelte-1r0pyek\">\u25ba\u25ba Retrouvez La Bande Originale sur\u00a0<a href=\"https:\/\/www.facebook.com\/La-Bande-Originale-France-Inter-262372190625169\/\" target=\"_blank\" rel=\"noopener noreferrer\" class=\"\" data-testid=\"link\"><strong>notre page Facebook<\/strong><\/a>\u00a0<strong>et sur notre<\/strong>\u00a0<a href=\"https:\/\/www.instagram.com\/labointer\/\" target=\"_blank\" rel=\"noopener noreferrer\" class=\"\" data-testid=\"link\"><strong>compte Instagram<\/strong><\/a>\u00a0<strong>avec toutes les photos et informations des \u00e9missions.<\/strong><\/p>\n<p> <script async src=\"\/\/www.instagram.com\/embed.js\"><\/script><\/p>\n","protected":false},"excerpt":{"rendered":"Le 22 ao\u00fbt, Florence Cestac a fait para\u00eetre la bande dessin\u00e9e Elle ne fait pas son \u00e2ge aux&hellip;\n","protected":false},"author":2,"featured_media":647080,"comment_status":"","ping_status":"","sticky":false,"template":"","format":"standard","meta":{"footnotes":""},"categories":[2],"tags":[11,1011,27,12,25],"class_list":{"0":"post-647079","1":"post","2":"type-post","3":"status-publish","4":"format-standard","5":"has-post-thumbnail","7":"category-actualites","8":"tag-actualites","9":"tag-fr","10":"tag-france","11":"tag-news","12":"tag-republique-francaise"},"share_on_mastodon":{"url":"https:\/\/pubeurope.com\/@fr\/115853871254781955","error":""},"_links":{"self":[{"href":"https:\/\/www.europesays.com\/fr\/wp-json\/wp\/v2\/posts\/647079","targetHints":{"allow":["GET"]}}],"collection":[{"href":"https:\/\/www.europesays.com\/fr\/wp-json\/wp\/v2\/posts"}],"about":[{"href":"https:\/\/www.europesays.com\/fr\/wp-json\/wp\/v2\/types\/post"}],"author":[{"embeddable":true,"href":"https:\/\/www.europesays.com\/fr\/wp-json\/wp\/v2\/users\/2"}],"replies":[{"embeddable":true,"href":"https:\/\/www.europesays.com\/fr\/wp-json\/wp\/v2\/comments?post=647079"}],"version-history":[{"count":0,"href":"https:\/\/www.europesays.com\/fr\/wp-json\/wp\/v2\/posts\/647079\/revisions"}],"wp:featuredmedia":[{"embeddable":true,"href":"https:\/\/www.europesays.com\/fr\/wp-json\/wp\/v2\/media\/647080"}],"wp:attachment":[{"href":"https:\/\/www.europesays.com\/fr\/wp-json\/wp\/v2\/media?parent=647079"}],"wp:term":[{"taxonomy":"category","embeddable":true,"href":"https:\/\/www.europesays.com\/fr\/wp-json\/wp\/v2\/categories?post=647079"},{"taxonomy":"post_tag","embeddable":true,"href":"https:\/\/www.europesays.com\/fr\/wp-json\/wp\/v2\/tags?post=647079"}],"curies":[{"name":"wp","href":"https:\/\/api.w.org\/{rel}","templated":true}]}}