{"id":647081,"date":"2026-01-07T12:42:09","date_gmt":"2026-01-07T12:42:09","guid":{"rendered":"https:\/\/www.europesays.com\/fr\/647081\/"},"modified":"2026-01-07T12:42:09","modified_gmt":"2026-01-07T12:42:09","slug":"je-nai-pas-de-tonton-raciste","status":"publish","type":"post","link":"https:\/\/www.europesays.com\/fr\/647081\/","title":{"rendered":"Je n\u2019ai pas de tonton raciste"},"content":{"rendered":"<p class=\"PopSlotParagraph qg-tx2 qg-xtra-lh svelte-1r0pyek\">Bonjour, bonne ann\u00e9e, j\u2019esp\u00e8re que vous avez bien f\u00eat\u00e9 \u00e7a. Moi, je ne m\u2019en rappelle pas, et \u00e7a fait quatre ans que je ne me rappelle pas de mon Nouvel An. Dans ma t\u00eate, on est en 2022.<\/p>\n<p class=\"PopSlotParagraph qg-tx2 qg-xtra-lh svelte-1r0pyek\">J\u2019esp\u00e8re que les f\u00eates \u00e9taient bonnes. Moi, je suis un peu deg, je n\u2019ai pas de tonton raciste.<br \/>Non mais c\u2019est une bonne nouvelle dans l\u2019absolu, hein, mais pour un humoriste, parler de son tonton facho qui dit des dingueries en bout de table entre deux rots, c\u2019est un confort.<\/p>\n<p class=\"PopSlotParagraph qg-tx2 qg-xtra-lh svelte-1r0pyek\">Putain, moi, je n\u2019ai pas \u00e7a. Tout le monde est grave de gauche. Mes No\u00ebls, on dirait un rassemblement LFI. Je suis le seul \u00e0 table qui ait un iPhone. C\u2019est mes oncles qui disent avant No\u00ebl\u00a0: \u00ab\u00a0Eh merde, je vais encore voir mon neveu de droite. \u00bb<\/p>\n<p class=\"PopSlotParagraph qg-tx2 qg-xtra-lh svelte-1r0pyek\">Je reviens d\u2019\u00c9dimbourg. Parce que je me suis promis de faire une capitale europ\u00e9enne par mois en 2026. J\u2019ai d\u00e9cid\u00e9 de commencer le jeu par le plus dur.<br \/>Quand on mange un steak-frites, on ne sait jamais si on doit commencer par le steak ou par les frites. Bah moi, j\u2019ai commenc\u00e9 par la salade.<br \/>\u00c9dimbourg seul en janvier, c\u2019est technique. M\u00eame en couple et en juin, \u00e7a reste une destination discutable.<\/p>\n<p class=\"PopSlotParagraph qg-tx2 qg-xtra-lh svelte-1r0pyek\">En plus, je suis all\u00e9 l\u00e0-bas alors que je tente de faire un Dry January. Je commence l\u2019ann\u00e9e dans un pays o\u00f9 le whisky et la bi\u00e8re brune sont consid\u00e9r\u00e9s comme des fruits. J\u2019ai fait un dry lundi, mardi, mercredi. C\u2019est d\u00e9j\u00e0 bien.<br \/>J\u2019\u00e9tais oblig\u00e9 de boire\u00a0: je parle mieux anglais quand j\u2019ai bu. C\u2019est peut-\u00eatre pour \u00e7a qu\u2019ils boivent autant en Grande-Bretagne. Sinon, ils ne pourraient pas parler anglais.<\/p>\n<p class=\"PopSlotParagraph qg-tx2 qg-xtra-lh svelte-1r0pyek\">Je suis parti \u00e0 \u00c9dimbourg sur un coup de t\u00eate, parce que j\u2019ai mat\u00e9 les sept Harry Potter en une semaine. J\u2019ai voulu me rendre dans la ville qui a inspir\u00e9 cette histoire.<br \/>Je ne sais pas comment j\u2019aurais fait si je m\u2019\u00e9tais fait les trois Avatar. L\u2019aller-retour Paris\u2013Pandora, je ne l\u2019ai pas vu sur l\u2019application EasyJet.<br \/>Apr\u00e8s, ce n\u2019est pas si diff\u00e9rent, hein. Les \u00c9cossais boivent du bourbon au petit-d\u00e9jeuner, ils sont aussi bleus que dans Avatar.<\/p>\n<p class=\"PopSlotParagraph qg-tx2 qg-xtra-lh svelte-1r0pyek\">C\u2019\u00e9tait un super voyage. \u00c9dimbourg, c\u2019est incroyable. C\u2019est fou qu\u2019un peuple soit aussi chaleureux dans un environnement aussi froid.<\/p>\n<p class=\"PopSlotParagraph qg-tx2 qg-xtra-lh svelte-1r0pyek\">Franchement, j\u2019essaie de voyager parce que j\u2019ai la chance de pouvoir le faire et pour attiser ma curiosit\u00e9. \u00c7a fait six ans que j\u2019habite \u00e0 Paris. La premi\u00e8re fois que j\u2019ai vu la Tour Eiffel, c\u2019est il y a un an, en venant faire ma premi\u00e8re chronique sur France Inter. Je m\u2019en rappelle, je me suis dit\u00a0: \u00ab\u00a0Mais non??? La Tour Eiffel! Je croyais que c\u2019\u00e9tait de gauche France Inter. \u00bb<br \/>Parce que ouais, c\u2019est \u00e0 c\u00f4t\u00e9 de la Tour Eiffel, France Inter. On la voit depuis ici. Enfin, on la voit depuis le bureau de Nagui. Nous, depuis notre bureau, on a vue sur le bureau de Nagui.<br \/>D\u2019ailleurs, la Tour Eiffel, \u00e0 la cr\u00e9ation de La Bande Originale, elle s\u2019est dit\u00a0: \u00ab\u00a0Mais non??? Le bureau de Nagui! Je croyais qu\u2019il \u00e9tait de gauche, Nagui. \u00bb<\/p>\n<p class=\"PopSlotParagraph qg-tx2 qg-xtra-lh svelte-1r0pyek\"><strong>La suite \u00e0 \u00e9couter et \u00e0 d\u00e9couvrir en vid\u00e9o\u2026<\/strong><\/p>\n","protected":false},"excerpt":{"rendered":"Bonjour, bonne ann\u00e9e, j\u2019esp\u00e8re que vous avez bien f\u00eat\u00e9 \u00e7a. Moi, je ne m\u2019en rappelle pas, et \u00e7a&hellip;\n","protected":false},"author":2,"featured_media":647082,"comment_status":"","ping_status":"","sticky":false,"template":"","format":"standard","meta":{"footnotes":""},"categories":[4],"tags":[11,1011,27,12,25],"class_list":{"0":"post-647081","1":"post","2":"type-post","3":"status-publish","4":"format-standard","5":"has-post-thumbnail","7":"category-france","8":"tag-actualites","9":"tag-fr","10":"tag-france","11":"tag-news","12":"tag-republique-francaise"},"share_on_mastodon":{"url":"https:\/\/pubeurope.com\/@fr\/115853875094113709","error":""},"_links":{"self":[{"href":"https:\/\/www.europesays.com\/fr\/wp-json\/wp\/v2\/posts\/647081","targetHints":{"allow":["GET"]}}],"collection":[{"href":"https:\/\/www.europesays.com\/fr\/wp-json\/wp\/v2\/posts"}],"about":[{"href":"https:\/\/www.europesays.com\/fr\/wp-json\/wp\/v2\/types\/post"}],"author":[{"embeddable":true,"href":"https:\/\/www.europesays.com\/fr\/wp-json\/wp\/v2\/users\/2"}],"replies":[{"embeddable":true,"href":"https:\/\/www.europesays.com\/fr\/wp-json\/wp\/v2\/comments?post=647081"}],"version-history":[{"count":0,"href":"https:\/\/www.europesays.com\/fr\/wp-json\/wp\/v2\/posts\/647081\/revisions"}],"wp:featuredmedia":[{"embeddable":true,"href":"https:\/\/www.europesays.com\/fr\/wp-json\/wp\/v2\/media\/647082"}],"wp:attachment":[{"href":"https:\/\/www.europesays.com\/fr\/wp-json\/wp\/v2\/media?parent=647081"}],"wp:term":[{"taxonomy":"category","embeddable":true,"href":"https:\/\/www.europesays.com\/fr\/wp-json\/wp\/v2\/categories?post=647081"},{"taxonomy":"post_tag","embeddable":true,"href":"https:\/\/www.europesays.com\/fr\/wp-json\/wp\/v2\/tags?post=647081"}],"curies":[{"name":"wp","href":"https:\/\/api.w.org\/{rel}","templated":true}]}}