{"id":647083,"date":"2026-01-07T12:44:09","date_gmt":"2026-01-07T12:44:09","guid":{"rendered":"https:\/\/www.europesays.com\/fr\/647083\/"},"modified":"2026-01-07T12:44:09","modified_gmt":"2026-01-07T12:44:09","slug":"que-lodyssee-soit-belle-pour-lalterna-stade-poitevin-attendu-au-panathinaikos","status":"publish","type":"post","link":"https:\/\/www.europesays.com\/fr\/647083\/","title":{"rendered":"que l\u2019Odyss\u00e9e soit belle pour l\u2019Alterna Stade Poitevin attendu au Panathina\u00efkos"},"content":{"rendered":"<p><strong>Panathina\u00efkos\u00a0&#8211; Alterna Stade Poitevin<\/strong><\/p>\n<p><strong>De notre envoy\u00e9 sp\u00e9cial \u00e0 Ath\u00e8nes<\/strong><\/p>\n<p>De la nuit poitevine \u00e0 la nuit ath\u00e9nienne. Un peu plus de dix heures s\u00e9parent les deux obscurit\u00e9s et presque vingt degr\u00e9s, transformant la neige hexagonale en pluie grecque. Les Poitevins ont d\u2019ailleurs eu droit \u00e0 une belle averse en se rendant au d\u00e9suet Hall P. Gazgas pour s\u2019\u00e9tirer un petit peu, sans passer par la case h\u00f4tel. Le terminus, sous les coups de 22 heures, heure grecque, d\u2019un long voyage.<\/p>\n<p>Et entre la glissade non contr\u00f4l\u00e9e de cette voiture qui succ\u00e9dait aux minibus de l\u2019Alterna SPVB sur l\u2019autoroute et qui est all\u00e9e taper un rail de s\u00e9curit\u00e9 heureusement sans gravit\u00e9 et ce bouchon dans lequel C\u00e9dric Enard et la d\u00e9l\u00e9gation poitevine ont perdu beaucoup de temps, le chemin pour rallier l\u2019a\u00e9roport n\u2019a pas \u00e9t\u00e9 sans emb\u00fbche&#8230;. <\/p>\n<p>    Cet article a \u00e9t\u00e9 tronqu\u00e9. Abonnez-vous pour lire l&rsquo;article complet sur notre site.<\/p>\n<p style=\"margin: 0 !important; padding: 0 !important; font-size: 12px !important;\">Cet article a \u00e9t\u00e9 tronqu\u00e9. Abonnez-vous pour lire l&rsquo;article complet.<\/p>\n<p>    <a href=\"https:\/\/www.lanouvellerepublique.fr\/abonnements\" style=\"display: inline-block; margin-top: 5px !important; padding: 6px 12px !important; background: #cb1c27; color: white; text-decoration: none; border-radius: 4px; font-size: 12px !important;\" target=\"_blank\" rel=\"noopener\"><br \/>\n      S&rsquo;abonner<br \/>\n    <\/a><\/p>\n","protected":false},"excerpt":{"rendered":"Panathina\u00efkos\u00a0&#8211; Alterna Stade Poitevin De notre envoy\u00e9 sp\u00e9cial \u00e0 Ath\u00e8nes De la nuit poitevine \u00e0 la nuit ath\u00e9nienne.&hellip;\n","protected":false},"author":2,"featured_media":647084,"comment_status":"","ping_status":"","sticky":false,"template":"","format":"standard","meta":{"footnotes":""},"categories":[1417],"tags":[1392,1654,39145,1011,27,1653,60,1584,1470,1469],"class_list":{"0":"post-647083","1":"post","2":"type-post","3":"status-publish","4":"format-standard","5":"has-post-thumbnail","7":"category-volley","8":"tag-a-la-une-local","9":"tag-alterna-stade-poitevin-volley-ball","10":"tag-coupe-deurope-volley","11":"tag-fr","12":"tag-france","13":"tag-poitiers","14":"tag-sports","15":"tag-vienne","16":"tag-volley","17":"tag-volleyball"},"share_on_mastodon":{"url":"https:\/\/pubeurope.com\/@fr\/115853882995098538","error":""},"_links":{"self":[{"href":"https:\/\/www.europesays.com\/fr\/wp-json\/wp\/v2\/posts\/647083","targetHints":{"allow":["GET"]}}],"collection":[{"href":"https:\/\/www.europesays.com\/fr\/wp-json\/wp\/v2\/posts"}],"about":[{"href":"https:\/\/www.europesays.com\/fr\/wp-json\/wp\/v2\/types\/post"}],"author":[{"embeddable":true,"href":"https:\/\/www.europesays.com\/fr\/wp-json\/wp\/v2\/users\/2"}],"replies":[{"embeddable":true,"href":"https:\/\/www.europesays.com\/fr\/wp-json\/wp\/v2\/comments?post=647083"}],"version-history":[{"count":0,"href":"https:\/\/www.europesays.com\/fr\/wp-json\/wp\/v2\/posts\/647083\/revisions"}],"wp:featuredmedia":[{"embeddable":true,"href":"https:\/\/www.europesays.com\/fr\/wp-json\/wp\/v2\/media\/647084"}],"wp:attachment":[{"href":"https:\/\/www.europesays.com\/fr\/wp-json\/wp\/v2\/media?parent=647083"}],"wp:term":[{"taxonomy":"category","embeddable":true,"href":"https:\/\/www.europesays.com\/fr\/wp-json\/wp\/v2\/categories?post=647083"},{"taxonomy":"post_tag","embeddable":true,"href":"https:\/\/www.europesays.com\/fr\/wp-json\/wp\/v2\/tags?post=647083"}],"curies":[{"name":"wp","href":"https:\/\/api.w.org\/{rel}","templated":true}]}}