{"id":647085,"date":"2026-01-07T12:45:11","date_gmt":"2026-01-07T12:45:11","guid":{"rendered":"https:\/\/www.europesays.com\/fr\/647085\/"},"modified":"2026-01-07T12:45:11","modified_gmt":"2026-01-07T12:45:11","slug":"pro-d2-le-vrdr-de-plus-en-plus-suivi-le-fcg-perd-des-spectateurs-le-classement-des-affluences-a-la-mi-saison","status":"publish","type":"post","link":"https:\/\/www.europesays.com\/fr\/647085\/","title":{"rendered":"Pro D2. Le VRDR de plus en plus suivi, le FCG perd des spectateurs&#8230; le classement des\u00a0affluences \u00e0 la mi-saison"},"content":{"rendered":"<p>La saison pour le moment historique du VRDR rend les fans de plus en plus curieux. En t\u00e9moignent les chiffres d\u00e9voil\u00e9s par Infos ProD2, lequel a affich\u00e9 les affluences moyennes des stades de l\u2019antichambre du Top 14 \u00e0 la moiti\u00e9 de la saison 2025-2026.<\/p>\n<p>Et le VRDR est un bon \u00e9l\u00e8ve en r\u00e9alisant la plus forte progression en l\u2019espace d\u2019un an, en voyant les trav\u00e9es du stade Georges-Pompidou 37% plus remplies. Dans un classement domin\u00e9 par Vannes avec 104 374 supporters en sept matches, soit une moyenne de 14 910, les Dr\u00f4mois ont vu 40 185 personnes les encourager en sept journ\u00e9es \u00e0 domicile (5740 en moyenne). Les Damiers figurent ainsi \u00e0 la dixi\u00e8me place sur seize formations.<\/p>\n<p><strong><a href=\"https:\/\/www.ledauphine.com\/sport\/classement\/rugby\/national-pro-d2-saison-reguliere\" target=\"_blank\" rel=\"noopener\">&gt;&gt;&gt; Le classement de la Pro D2<\/a><\/strong><\/p>\n<p>De son c\u00f4t\u00e9, le FC Grenoble pointe au quatri\u00e8me rang avec 51 026 spectateurs en sept matches (7 289 en moyenne). En revanche, le stade des Alpes est moins garni, avec une baisse de 14% par rapport \u00e0 2024-2025.<\/p>\n<p>Malgr\u00e9 une hausse de 36% (28 680 spectateurs), Aurillac ferme la marche.<\/p>\n","protected":false},"excerpt":{"rendered":"La saison pour le moment historique du VRDR rend les fans de plus en plus curieux. En t\u00e9moignent&hellip;\n","protected":false},"author":2,"featured_media":647086,"comment_status":"","ping_status":"","sticky":false,"template":"","format":"standard","meta":{"footnotes":""},"categories":[1416],"tags":[2730,112,2737,2735,2727,1701,1011,27,2731,2732,108,2308,1479,2736,479,1468,517,60,2733,2734,2728],"class_list":{"0":"post-647085","1":"post","2":"type-post","3":"status-publish","4":"format-standard","5":"has-post-thumbnail","7":"category-rugby","8":"tag-drome","9":"tag-edition-grenoble-agglomeration","10":"tag-edition-romans-nord-drome","11":"tag-edition-valence-rhone-crussol-vallee-de-la-drome","12":"tag-fcg-fc-grenoble-rugby","13":"tag-fil-info-sport","14":"tag-fr","15":"tag-france","16":"tag-grenoble","17":"tag-grenoble-bassin","18":"tag-isere","19":"tag-pro-d2","20":"tag-romans","21":"tag-romans-sur-isere","22":"tag-rugby","23":"tag-rugby-football","24":"tag-sport","25":"tag-sports","26":"tag-valence","27":"tag-valence-bassin","28":"tag-vrdr-valence-romans-drome-rugby"},"share_on_mastodon":{"url":"https:\/\/pubeurope.com\/@fr\/115853887050569255","error":""},"_links":{"self":[{"href":"https:\/\/www.europesays.com\/fr\/wp-json\/wp\/v2\/posts\/647085","targetHints":{"allow":["GET"]}}],"collection":[{"href":"https:\/\/www.europesays.com\/fr\/wp-json\/wp\/v2\/posts"}],"about":[{"href":"https:\/\/www.europesays.com\/fr\/wp-json\/wp\/v2\/types\/post"}],"author":[{"embeddable":true,"href":"https:\/\/www.europesays.com\/fr\/wp-json\/wp\/v2\/users\/2"}],"replies":[{"embeddable":true,"href":"https:\/\/www.europesays.com\/fr\/wp-json\/wp\/v2\/comments?post=647085"}],"version-history":[{"count":0,"href":"https:\/\/www.europesays.com\/fr\/wp-json\/wp\/v2\/posts\/647085\/revisions"}],"wp:featuredmedia":[{"embeddable":true,"href":"https:\/\/www.europesays.com\/fr\/wp-json\/wp\/v2\/media\/647086"}],"wp:attachment":[{"href":"https:\/\/www.europesays.com\/fr\/wp-json\/wp\/v2\/media?parent=647085"}],"wp:term":[{"taxonomy":"category","embeddable":true,"href":"https:\/\/www.europesays.com\/fr\/wp-json\/wp\/v2\/categories?post=647085"},{"taxonomy":"post_tag","embeddable":true,"href":"https:\/\/www.europesays.com\/fr\/wp-json\/wp\/v2\/tags?post=647085"}],"curies":[{"name":"wp","href":"https:\/\/api.w.org\/{rel}","templated":true}]}}