{"id":647091,"date":"2026-01-07T12:51:12","date_gmt":"2026-01-07T12:51:12","guid":{"rendered":"https:\/\/www.europesays.com\/fr\/647091\/"},"modified":"2026-01-07T12:51:12","modified_gmt":"2026-01-07T12:51:12","slug":"la-coupe-de-france-presente-a-bayeux-ce-vendredi-avant-la-reception-de-lom","status":"publish","type":"post","link":"https:\/\/www.europesays.com\/fr\/647091\/","title":{"rendered":"La Coupe de France pr\u00e9sente \u00e0 Bayeux ce vendredi, avant la r\u00e9ception de l&rsquo;OM"},"content":{"rendered":"<p>De quoi porter chance au Petit Poucet de ces seizi\u00e8mes de finale de la Coupe de France, avant le choc des oppos\u00e9s face \u00e0 l\u2019Olympique de Marseille (L1) ? Ce mardi soir (21h00), le Bayeux FC (R1) recevra effectivement le mythique club fran\u00e7ais dans le cadre du match de cl\u00f4ture de ces seizi\u00e8mes de finale de la plus vieille des comp\u00e9titions. Et pour cause, l\u2019OM est actuellement au Kowe\u00eft pour affronter le Paris-Saint-Germain (jeudi, 19h) pour le Troph\u00e9e des Champions.\u00a0<\/p>\n<p>Bayeux va pr\u00e9senter la Coupe de France<\/p>\n<p>Apr\u00e8s une premi\u00e8re \u00e9tape \u00e0 Fontenay-le-Comte lors des 32es de finale, le troph\u00e9e de la Coupe de France va se poser \u00e0 Bayeux cette fois-ci. Ce dernier sera pr\u00e9sent\u00e9 ce vendredi 9 janvier au magasin InterSport de la ville normande. En effet, la marque suisse est partenaire de la F\u00e9d\u00e9ration Fran\u00e7aise de Football (FFF) et distributeur officiel de la comp\u00e9tition.\u00a0 Plusieurs joueurs du club de R\u00e9gional 1 seront \u00e9galement pr\u00e9sents de 17h \u00e0 19h30. Une longue s\u00e9ance photo aura donc lieu, tandis qu\u2019un mini-mus\u00e9e retra\u00e7ant l\u2019histoire de la Coupe de France, son palmar\u00e8s, ses moments cultes et les plus grands exploits des clubs amateurs, sera mis en place.\u00a0<\/p>\n<p>De m\u00eame qu\u2019un focus consacr\u00e9 \u00e0 l\u2019histoire et les exploits du club local, rappelant que les plus belles histoires se sont souvent \u00e9crites loin des projecteurs. Pour la premi\u00e8re fois de son histoire, le Bayeux FC s\u2019appr\u00eate donc \u00e0 disputer les seizi\u00e8mes de finale de la Coupe de France. Un \u00e9v\u00e8nement qui se jouera \u00e0 guichets ferm\u00e9s au stade Michel d\u2019Ornano de Caen.\u00a0<\/p>\n<p>Partagez cette info avec vos amis et vos proches en cliquant ici<br \/>Pour r\u00e9sumer<\/p>\n<p>De quoi porter chance au Petit Poucet de ces seizi\u00e8mes de finale de la Coupe de France, avant le choc des oppos\u00e9s face \u00e0 l\u2019Olympique de Marseille (L1) ? Ce mardi soir (21h00), le Bayeux FC (R1) recevra effectivement le mythique club fran\u00e7ais dans le cadre du match de cl\u00f4ture de ces seizi\u00e8mes de finale de la plus vieille des comp\u00e9titions.<\/p>\n<p> <img decoding=\"async\" width=\"76\" height=\"76\" loading=\"lazy\" src=\"https:\/\/static.wui.fr\/images_v3\/avatar-footnational.png\" alt=\"Youcef Ghalaza-Boudra\"\/><\/p>\n","protected":false},"excerpt":{"rendered":"De quoi porter chance au Petit Poucet de ces seizi\u00e8mes de finale de la Coupe de France, avant&hellip;\n","protected":false},"author":2,"featured_media":647092,"comment_status":"","ping_status":"","sticky":false,"template":"","format":"standard","meta":{"footnotes":""},"categories":[1410],"tags":[61432,9314,63,1011,27,60],"class_list":{"0":"post-647091","1":"post","2":"type-post","3":"status-publish","4":"format-standard","5":"has-post-thumbnail","7":"category-football","8":"tag-coupes-coupe-de-france","9":"tag-foot-amateur","10":"tag-football","11":"tag-fr","12":"tag-france","13":"tag-sports"},"share_on_mastodon":{"url":"https:\/\/pubeurope.com\/@fr\/115853910648170010","error":""},"_links":{"self":[{"href":"https:\/\/www.europesays.com\/fr\/wp-json\/wp\/v2\/posts\/647091","targetHints":{"allow":["GET"]}}],"collection":[{"href":"https:\/\/www.europesays.com\/fr\/wp-json\/wp\/v2\/posts"}],"about":[{"href":"https:\/\/www.europesays.com\/fr\/wp-json\/wp\/v2\/types\/post"}],"author":[{"embeddable":true,"href":"https:\/\/www.europesays.com\/fr\/wp-json\/wp\/v2\/users\/2"}],"replies":[{"embeddable":true,"href":"https:\/\/www.europesays.com\/fr\/wp-json\/wp\/v2\/comments?post=647091"}],"version-history":[{"count":0,"href":"https:\/\/www.europesays.com\/fr\/wp-json\/wp\/v2\/posts\/647091\/revisions"}],"wp:featuredmedia":[{"embeddable":true,"href":"https:\/\/www.europesays.com\/fr\/wp-json\/wp\/v2\/media\/647092"}],"wp:attachment":[{"href":"https:\/\/www.europesays.com\/fr\/wp-json\/wp\/v2\/media?parent=647091"}],"wp:term":[{"taxonomy":"category","embeddable":true,"href":"https:\/\/www.europesays.com\/fr\/wp-json\/wp\/v2\/categories?post=647091"},{"taxonomy":"post_tag","embeddable":true,"href":"https:\/\/www.europesays.com\/fr\/wp-json\/wp\/v2\/tags?post=647091"}],"curies":[{"name":"wp","href":"https:\/\/api.w.org\/{rel}","templated":true}]}}