{"id":647093,"date":"2026-01-07T12:52:12","date_gmt":"2026-01-07T12:52:12","guid":{"rendered":"https:\/\/www.europesays.com\/fr\/647093\/"},"modified":"2026-01-07T12:52:12","modified_gmt":"2026-01-07T12:52:12","slug":"en-direct-hommage-obseques-de-brigitte-bardot-la-messe-est-terminee-inhumation-dans-lintimite","status":"publish","type":"post","link":"https:\/\/www.europesays.com\/fr\/647093\/","title":{"rendered":"En direct Hommage. Obs\u00e8ques de Brigitte Bardot :\u00a0la\u00a0messe est termin\u00e9e, inhumation dans l&rsquo;intimit\u00e9"},"content":{"rendered":"<p>La messe doit d\u00e9buter \u00e0 11h, apr\u00e8s la diffusion de trois vid\u00e9os sur les \u00e9crans g\u00e9ants install\u00e9s dans le village de Saint-Tropez. Y assisteront plusieurs personnalit\u00e9s politiques, dont\u00a0Aurore Berg\u00e9, la ministre d\u00e9l\u00e9gu\u00e9e charg\u00e9e de l\u2019\u00c9galit\u00e9 femmes-hommes, mais aussi plusieurs personnalit\u00e9s d&rsquo;extr\u00eame droite.<\/p>\n<p>Marine Le Pen et Nicolas Dupont-Aignan ont chacun annonc\u00e9 leur venue \u00e0 titre \u00ab\u00a0amical\u00a0\u00bb. Selon <a href=\"https:\/\/www.franceinfo.fr\/culture\/cinema\/brigitte-bardot\/obseques-de-brigitte-bardot-pourquoi-marine-le-pen-sera-presente_7725742.html\" target=\"_blank\" rel=\"noopener\">France info<\/a>,\u00a0Steeve Briois, maire RN d&rsquo;H\u00e9nin-Beaumont (Pas-de-Calais) et\u00a0Bruno Bilde, d\u00e9put\u00e9 RN de la 12e circonscription du Pas-de-Calais, seront aussi pr\u00e9sents.\u00a0<\/p>\n<p>Brigitte Bardot ne cachait pas sa proximit\u00e9 avec des personnalit\u00e9s politiques d&rsquo;extr\u00eame droite\u00a0\u2013 son mari\u00a0Bernard d\u2019Ormale a m\u00eame \u00e9t\u00e9 le conseiller de\u00a0Jean-Marie Le Pen pendant trois d\u00e9cennies. Pour rappel, l&rsquo;actrice a \u00e9t\u00e9\u00a0plusieurs fois condamn\u00e9e pour propos racistes et homophobes.<\/p>\n","protected":false},"excerpt":{"rendered":"La messe doit d\u00e9buter \u00e0 11h, apr\u00e8s la diffusion de trois vid\u00e9os sur les \u00e9crans g\u00e9ants install\u00e9s dans&hellip;\n","protected":false},"author":2,"featured_media":647094,"comment_status":"","ping_status":"","sticky":false,"template":"","format":"standard","meta":{"footnotes":""},"categories":[1359],"tags":[12255,58,59,107,1011,27,329,1391,973],"class_list":{"0":"post-647093","1":"post","2":"type-post","3":"status-publish","4":"format-standard","5":"has-post-thumbnail","7":"category-people","8":"tag-direct-actualite","9":"tag-divertissement","10":"tag-entertainment","11":"tag-fil-info","12":"tag-fr","13":"tag-france","14":"tag-france-monde","15":"tag-necrologie","16":"tag-people"},"share_on_mastodon":{"url":"https:\/\/pubeurope.com\/@fr\/115853914503793104","error":""},"_links":{"self":[{"href":"https:\/\/www.europesays.com\/fr\/wp-json\/wp\/v2\/posts\/647093","targetHints":{"allow":["GET"]}}],"collection":[{"href":"https:\/\/www.europesays.com\/fr\/wp-json\/wp\/v2\/posts"}],"about":[{"href":"https:\/\/www.europesays.com\/fr\/wp-json\/wp\/v2\/types\/post"}],"author":[{"embeddable":true,"href":"https:\/\/www.europesays.com\/fr\/wp-json\/wp\/v2\/users\/2"}],"replies":[{"embeddable":true,"href":"https:\/\/www.europesays.com\/fr\/wp-json\/wp\/v2\/comments?post=647093"}],"version-history":[{"count":0,"href":"https:\/\/www.europesays.com\/fr\/wp-json\/wp\/v2\/posts\/647093\/revisions"}],"wp:featuredmedia":[{"embeddable":true,"href":"https:\/\/www.europesays.com\/fr\/wp-json\/wp\/v2\/media\/647094"}],"wp:attachment":[{"href":"https:\/\/www.europesays.com\/fr\/wp-json\/wp\/v2\/media?parent=647093"}],"wp:term":[{"taxonomy":"category","embeddable":true,"href":"https:\/\/www.europesays.com\/fr\/wp-json\/wp\/v2\/categories?post=647093"},{"taxonomy":"post_tag","embeddable":true,"href":"https:\/\/www.europesays.com\/fr\/wp-json\/wp\/v2\/tags?post=647093"}],"curies":[{"name":"wp","href":"https:\/\/api.w.org\/{rel}","templated":true}]}}