{"id":647095,"date":"2026-01-07T12:53:12","date_gmt":"2026-01-07T12:53:12","guid":{"rendered":"https:\/\/www.europesays.com\/fr\/647095\/"},"modified":"2026-01-07T12:53:12","modified_gmt":"2026-01-07T12:53:12","slug":"les-echos-chromatiques-du-peintre-victor-garel","status":"publish","type":"post","link":"https:\/\/www.europesays.com\/fr\/647095\/","title":{"rendered":"Les \u00e9chos chromatiques du peintre Victor Garel"},"content":{"rendered":"<p>                     <img loading=\"lazy\" decoding=\"async\" src=\"https:\/\/www.europesays.com\/fr\/wp-content\/uploads\/2026\/01\/eeddf9e_upload-1-ninxav25f284-3-victor-garel-dans-son-atelier-novembre-2025-cre-dit-emilie-potey.jpe\" alt=\"Victor Garel dans son atelier, \u00e0 Saint-Ouen (Seine-Saint-Denis), en novembre 2025.\"   width=\"664\" height=\"443\"\/>    Victor Garel dans son atelier, \u00e0 Saint-Ouen (Seine-Saint-Denis), en novembre 2025.  EMILIE POTEY                 <\/p>\n<p class=\"article__paragraph  \">Un ancien immeuble de bureaux, dans une rue silencieuse de Saint-Ouen (Seine-Saint-Denis)\u00a0: Victor Garel y partage un atelier avec d\u2019autres artistes. La moquette d\u2019un vert sombre administratif a pali et est d\u00e9sormais parsem\u00e9e de petites taches de peinture. Les fen\u00eatres donnent sur une ruelle pav\u00e9e et une voie ferr\u00e9e o\u00f9 ne passent que rarement des trains, observe l\u2019artiste. Les occupants du lieu ont d\u00e9limit\u00e9 leurs ateliers respectifs en collant des bandes adh\u00e9sives au sol. Celui de Garel est au fond \u00e0 gauche, dans le coin. Il y a dress\u00e9 une cloison pour supporter la tr\u00e8s grande toile \u00e0 laquelle il travaille.<\/p>\n<p class=\"article__paragraph  \">Au centre, une figure f\u00e9minine en bleu et jaune se tient droite, les bras crois\u00e9s, le visage s\u00e9v\u00e8re. Dans son dos, un homme en pull vert a cinq bras, qui tous se terminent par un gant de boxe rouge. Devant lui, de taille plus r\u00e9duite, \u00e0 l\u2019inverse de ce qu\u2019exigerait la perspective, un adolescent avance en tirant une raie par la queue. Un autre est \u00e0 genoux sur le sol, le toit d\u2019une maison reposant sur son dos. Un autre encore t\u00e9l\u00e9phone, l\u2019air terriblement malheureux ou angoiss\u00e9. Un autre encore semble avoir \u00e9t\u00e9 perc\u00e9 par l\u2019une des fl\u00e8ches qui jaillissent on ne sait comment ni d\u2019o\u00f9\u2026 Pas plus que l\u2019on ne sait pourquoi un carrousel de petits avions tourne autour de ce groupe. S\u2019imposent imm\u00e9diatement l\u2019intensit\u00e9 des couleurs et la complexit\u00e9 de la composition et, donc, de tout essai d\u2019interpr\u00e9tation.<\/p>\n<p class=\"reading-mode-only \"><strong>Il vous reste 77.2% de cet article \u00e0 lire. La suite est r\u00e9serv\u00e9e aux abonn\u00e9s.<\/strong><\/p>\n","protected":false},"excerpt":{"rendered":"Victor Garel dans son atelier, \u00e0 Saint-Ouen (Seine-Saint-Denis), en novembre 2025. EMILIE POTEY Un ancien immeuble de bureaux,&hellip;\n","protected":false},"author":2,"featured_media":647096,"comment_status":"","ping_status":"","sticky":false,"template":"","format":"standard","meta":{"footnotes":""},"categories":[1358],"tags":[1348,1384,1385,1386,58,59,1011,27],"class_list":{"0":"post-647095","1":"post","2":"type-post","3":"status-publish","4":"format-standard","5":"has-post-thumbnail","7":"category-arts-et-design","8":"tag-arts","9":"tag-arts-and-design","10":"tag-arts-et-design","11":"tag-design","12":"tag-divertissement","13":"tag-entertainment","14":"tag-fr","15":"tag-france"},"share_on_mastodon":{"url":"https:\/\/pubeurope.com\/@fr\/115853918442179414","error":""},"_links":{"self":[{"href":"https:\/\/www.europesays.com\/fr\/wp-json\/wp\/v2\/posts\/647095","targetHints":{"allow":["GET"]}}],"collection":[{"href":"https:\/\/www.europesays.com\/fr\/wp-json\/wp\/v2\/posts"}],"about":[{"href":"https:\/\/www.europesays.com\/fr\/wp-json\/wp\/v2\/types\/post"}],"author":[{"embeddable":true,"href":"https:\/\/www.europesays.com\/fr\/wp-json\/wp\/v2\/users\/2"}],"replies":[{"embeddable":true,"href":"https:\/\/www.europesays.com\/fr\/wp-json\/wp\/v2\/comments?post=647095"}],"version-history":[{"count":0,"href":"https:\/\/www.europesays.com\/fr\/wp-json\/wp\/v2\/posts\/647095\/revisions"}],"wp:featuredmedia":[{"embeddable":true,"href":"https:\/\/www.europesays.com\/fr\/wp-json\/wp\/v2\/media\/647096"}],"wp:attachment":[{"href":"https:\/\/www.europesays.com\/fr\/wp-json\/wp\/v2\/media?parent=647095"}],"wp:term":[{"taxonomy":"category","embeddable":true,"href":"https:\/\/www.europesays.com\/fr\/wp-json\/wp\/v2\/categories?post=647095"},{"taxonomy":"post_tag","embeddable":true,"href":"https:\/\/www.europesays.com\/fr\/wp-json\/wp\/v2\/tags?post=647095"}],"curies":[{"name":"wp","href":"https:\/\/api.w.org\/{rel}","templated":true}]}}