{"id":647099,"date":"2026-01-07T12:56:11","date_gmt":"2026-01-07T12:56:11","guid":{"rendered":"https:\/\/www.europesays.com\/fr\/647099\/"},"modified":"2026-01-07T12:56:11","modified_gmt":"2026-01-07T12:56:11","slug":"ce-jour-ou-jacques-dutronc-a-derape-avec-brigitte-bardot-francoise-hardy-en-alerte-cela-jeta-un-froid","status":"publish","type":"post","link":"https:\/\/www.europesays.com\/fr\/647099\/","title":{"rendered":"Ce jour o\u00f9 Jacques Dutronc a d\u00e9rap\u00e9 avec Brigitte Bardot, Fran\u00e7oise Hardy en alerte : \u00ab\u00a0Cela jeta un froid\u2026\u00a0\u00bb"},"content":{"rendered":"<p>Par <a class=\"author_recette\" id=\"author_name\" href=\"https:\/\/www.nextplz.fr\/auteur\/noelle-binet\" target=\"_blank\" rel=\"noopener\">No\u00eblle<br \/>\nBinet<\/a> &#8211;<br \/>\nPubli\u00e9 le 07 Jan 2026 \u00e0<br \/>\n11:30<\/p>\n<p class=\"article-intro excerpt\">Dans les ann\u00e9es 70, le chanteur<br \/>\nJacques Dutronc semble avoir particuli\u00e8rement choqu\u00e9 Brigitte<br \/>\nBardot, dont les obs\u00e8ques sont pr\u00e9vues ce mercredi 7 janvier 2026.<br \/>\nUne sc\u00e8ne m\u00e9morable qui s\u2019est d\u00e9roul\u00e9e en pr\u00e9sence de Fran\u00e7oise<br \/>\nHardy, sa compagne de l\u2019\u00e9poque\u2026 Mais pas seulement !<\/p>\n<p>Les fun\u00e9railles de Brigitte Bardot auront donc lieu ce mercredi<br \/>\n7 janvier 2026 \u00e0 l\u00a0\u00bb\u00e9glise Notre-Dame-de-l&rsquo;Assomption \u00e0<br \/>\nSaint-Tropez, o\u00f9 elle r\u00e9sidait depuis plusieurs d\u00e9cennies. L&rsquo;ic\u00f4ne<br \/>\ndu cin\u00e9ma \u2014 qui avait consacr\u00e9 une partie de sa vie \u00e0 la protection<br \/>\nanimale \u2014 sera ainsi inhum\u00e9e au cimeti\u00e8re marin de la c\u00e9l\u00e8bre<br \/>\ncommune.<\/p>\n<p>Brigitte Bardot d\u00e9c\u00e9d\u00e9e des suites d&rsquo;un cancer \u00e0 l&rsquo;\u00e2ge de 91, son<br \/>\nmari brise le silence<\/p>\n<p>Cette semaine dans les pages de Paris Match, <a href=\"https:\/\/www.nextplz.fr\/people\/525395-pas-dhommage-national-pour-brigitte-bardot-bernard-dormale-balance-sur-les-coulisses-de-sa-decision-radicale-je-ne\" target=\"_blank\" rel=\"noopener\"><br \/>\nson \u00e9poux, Bernard d&rsquo;Ormale<\/a>, a d&rsquo;ailleurs r\u00e9v\u00e9l\u00e9 que sa moiti\u00e9<br \/>\n\u00e9tait d\u00e9c\u00e9d\u00e9e des suites d&rsquo;un cancer apr\u00e8s avoir \u00ab\u00a0tr\u00e8s bien<br \/>\nr\u00e9sist\u00e9 aux deux op\u00e9rations subies\u00a0\u00bb pour le<br \/>\n\u00ab\u00a0soigner\u00a0\u00bb. Disparue le 28 d\u00e9cembre \u00e0 l&rsquo;\u00e2ge de 91 ans,<br \/>\nBrigitte Bardot avait \u00e9t\u00e9 hospitalis\u00e9e \u00e0 deux reprises quelques<br \/>\nsemaines plus t\u00f4t sans pour autant partager les raisons de sa prise<br \/>\nen charge. Dans les ann\u00e9es 80, BB avait \u00e9galement souffert d&rsquo;un<br \/>\ncancer du sein. \u00c0 l&rsquo;international, la maman de Nicolas-Jacques<br \/>\nCharrier incarna longtemps le mythe de la femme fran\u00e7aise.<\/p>\n<p>Ce jour o\u00f9 Jacques Dutronc a particuli\u00e8rement embarrass\u00e9 l&rsquo;ic\u00f4ne \u00e0<br \/>\nMatignon, Fran\u00e7oise Hardy raconte<\/p>\n<p>Adul\u00e9e ou d\u00e9test\u00e9e, celle qui fut un v\u00e9ritable sex-symbol a<br \/>\narr\u00eat\u00e9 sa carri\u00e8re cin\u00e9matographique dans les ann\u00e9es 70 pour se<br \/>\nconsacrer \u00e0 la cause animale. C&rsquo;est aussi durant cette p\u00e9riode que<br \/>\nl&rsquo;ex-muse de Serge Gainsbourg aurait d&rsquo;ailleurs \u00e9t\u00e9 pouss\u00e9e \u00e0 bout<br \/>\npar Jacques Dutronc lors d&rsquo;un concert priv\u00e9 organis\u00e9 \u00e0 Matignon en<br \/>\npr\u00e9sence de l&rsquo;ancien pr\u00e9sident George Pompidou. Un moment m\u00e9morable<br \/>\nracont\u00e9 par Fran\u00e7oise dans son livre Le D\u00e9sespoir des singes&#8230;<br \/>\net autres bagatelles (2008 ndlr) et dont <a href=\"https:\/\/www.nouvelobs.com\/documents\/20081008.BIB2133\/jacques-dutronc-par-francoise-hardy.html\" target=\"_blank\" rel=\"noreferrer noopener nofollow\">les extraits<br \/>\nd\u00e9voil\u00e9s par l&rsquo;Obs<\/a> furent rep\u00e9r\u00e9s par<br \/>\nGala.<\/p>\n<p>\u00ab\u00a0C\u2019est devenu \u00e0<br \/>\ntravail \u00e9gal, salaire \u00e9gal&#8230;\u00a0\u00bb<\/p>\n<p>Convi\u00e9 \u00e0 la \u00ab\u00a0table de Mme Pompidou\u00a0\u00bb, Jacques Dutronc a<br \/>\nalors entonn\u00e9 tr\u00e8s rapidement l&rsquo;un de ses tubes phares, Les<br \/>\nCactus tout en modifiant les paroles. \u00ab\u00a0C\u2019est devenu \u00e0<br \/>\ntravail \u00e9gal, salaire \u00e9gal\u00a0\u00bb, aurait l\u00e2ch\u00e9 le papa de Thomas<br \/>\nDutronc sous le regard horrifi\u00e9 de Brigitte Bardot. \u00ab\u00a0Jacques,<br \/>\nqui n\u2019\u00e9tait jamais l\u00e0 o\u00f9 on l\u2019attendait, et pour qui tout<br \/>\nsemblait\u00a0pr\u00e9texte \u00e0 d\u00e9rision&#8230; Se mit \u00e0<br \/>\nchanter en 78 tours, autrement dit \u00e0 toute<br \/>\nvitesse.\u00a0Cela jeta un froid\u00a0\u201d, a affirm\u00e9<br \/>\n<a href=\"https:\/\/www.nextplz.fr\/personnalite\/francoise-hardy\/\" target=\"_blank\" rel=\"noopener\">Fran\u00e7oise<br \/>\nHardy dans son ouvrage.<\/a><\/p>\n<p>Une sc\u00e8ne<br \/>\ncocasse qui restera dans les annales<\/p>\n<p>Choqu\u00e9e par son audacieuse <a href=\"https:\/\/www.nextplz.fr\/personnalite\/brigitte-bardot\/#:~:text=N%C3%A9e%20le%2028%20septembre%201934,animaux%20et%20de%20l&#039;environnement.\" target=\"_blank\" rel=\"noopener\"><br \/>\nperformance, Brigitte Bardot<\/a> s&rsquo;en serait m\u00eame plainte \u00e0<br \/>\nl&rsquo;interpr\u00e8te de Mon amie la rose&#8230; En la suppliant m\u00eame<br \/>\nde \u00ab\u00a0lui demander de chanter normalement\u00a0\u00bb. Dans la foul\u00e9e,<br \/>\nle couple Pompidou lui demandera alors de s&rsquo;illustrer \u00e0 son tour en<br \/>\nmusique. \u00ab\u00a0Les Pompidou me pri\u00e8rent de chanter moi aussi (&#8230;)<br \/>\nC\u2019\u00e9tait\u00a0une soir\u00e9e merveilleusement surr\u00e9aliste\u00a0dont je<br \/>\nd\u00e9plore qu\u2019il n\u2019existe aucune trace\u00a0\u00bb, avait gliss\u00e9 Fran\u00e7oise<br \/>\nHardy qui a rendu son dernier souffle en juin 2024. Il y a deux<br \/>\nans, dans le podcast Le Monde d&rsquo;\u00c9lodie, Jacques Dutronc<br \/>\n\u00e9tait d&rsquo;ailleurs revenu sur cet hilarant \u00e9pisode.<\/p>\n<p>\u00ab\u00a0Je me suis mis \u00e0<br \/>\npoil pour les faire rire&#8230;\u00a0\u00bb<\/p>\n<p>Provocateur et un brin d\u00e9sinvolte, Jacques Dutronc semblait tr\u00e8s<br \/>\namus\u00e9 d&rsquo;avoir embarrass\u00e9 l&rsquo;ancienne com\u00e9dienne avec sa prestation.<br \/>\n\u00ab\u00a0Brigitte Bardot n\u2019\u00e9tait pas pour. Elle est all\u00e9e voir<br \/>\nFran\u00e7oise en disant : &lsquo;Par piti\u00e9, dis-lui qu\u2019il arr\u00eate. \u00c7a<br \/>\nsuffit !&rsquo; Moi, j\u2019\u00e9tais dans le d\u00e9lire. C\u2019\u00e9tait<br \/>\nbien\u00a0\u00bb, a-t-il l\u00e2ch\u00e9. L&rsquo;octog\u00e9naire aurait m\u00eame envisag\u00e9 de se<br \/>\nproduire nu devant l&rsquo;ex-couple pr\u00e9sidentiel. \u00ab\u00a0Avant de passer<br \/>\nsur sc\u00e8ne (&#8230;), c&rsquo;\u00e9tait dans un appartement o\u00f9 il y avait<br \/>\nune gigantesque entr\u00e9e avec des valets de chambre et plein de<br \/>\nloufiats\u00a0\u00bb, a avou\u00e9 Jacque Dutronc. \u00ab\u00a0Je me suis mis \u00e0 poil<br \/>\npour les faire rire et je me suis dit : &lsquo;Et si j&rsquo;y allais ainsi !&rsquo;<br \/>\nEt l\u00e0, on m&rsquo;a dit : &lsquo;Mais tu es fou ? Et l\u00e0, non, je me suis<br \/>\nrhabill\u00e9, sinon \u00e7a aurait \u00e9t\u00e9 le comble.\u00a0\u00bb<\/p>\n","protected":false},"excerpt":{"rendered":"Par No\u00eblle Binet &#8211; Publi\u00e9 le 07 Jan 2026 \u00e0 11:30 Dans les ann\u00e9es 70, le chanteur Jacques&hellip;\n","protected":false},"author":2,"featured_media":647100,"comment_status":"","ping_status":"","sticky":false,"template":"","format":"standard","meta":{"footnotes":""},"categories":[1355],"tags":[21303,58,59,1011,27,1361,873,65861],"class_list":{"0":"post-647099","1":"post","2":"type-post","3":"status-publish","4":"format-standard","5":"has-post-thumbnail","7":"category-musique","8":"tag-buzz_nonli","9":"tag-divertissement","10":"tag-entertainment","11":"tag-fr","12":"tag-france","13":"tag-music","14":"tag-musique","15":"tag-trend"},"share_on_mastodon":{"url":"https:\/\/pubeurope.com\/@fr\/115853930368159821","error":""},"_links":{"self":[{"href":"https:\/\/www.europesays.com\/fr\/wp-json\/wp\/v2\/posts\/647099","targetHints":{"allow":["GET"]}}],"collection":[{"href":"https:\/\/www.europesays.com\/fr\/wp-json\/wp\/v2\/posts"}],"about":[{"href":"https:\/\/www.europesays.com\/fr\/wp-json\/wp\/v2\/types\/post"}],"author":[{"embeddable":true,"href":"https:\/\/www.europesays.com\/fr\/wp-json\/wp\/v2\/users\/2"}],"replies":[{"embeddable":true,"href":"https:\/\/www.europesays.com\/fr\/wp-json\/wp\/v2\/comments?post=647099"}],"version-history":[{"count":0,"href":"https:\/\/www.europesays.com\/fr\/wp-json\/wp\/v2\/posts\/647099\/revisions"}],"wp:featuredmedia":[{"embeddable":true,"href":"https:\/\/www.europesays.com\/fr\/wp-json\/wp\/v2\/media\/647100"}],"wp:attachment":[{"href":"https:\/\/www.europesays.com\/fr\/wp-json\/wp\/v2\/media?parent=647099"}],"wp:term":[{"taxonomy":"category","embeddable":true,"href":"https:\/\/www.europesays.com\/fr\/wp-json\/wp\/v2\/categories?post=647099"},{"taxonomy":"post_tag","embeddable":true,"href":"https:\/\/www.europesays.com\/fr\/wp-json\/wp\/v2\/tags?post=647099"}],"curies":[{"name":"wp","href":"https:\/\/api.w.org\/{rel}","templated":true}]}}