{"id":647103,"date":"2026-01-07T12:58:13","date_gmt":"2026-01-07T12:58:13","guid":{"rendered":"https:\/\/www.europesays.com\/fr\/647103\/"},"modified":"2026-01-07T12:58:13","modified_gmt":"2026-01-07T12:58:13","slug":"a-68-ans-ines-de-la-fressange-bluffe-avec-ce-geste-anti-age-gratuit-que-tout-le-monde-peut-adopter-des-maintenant-il-est-gratuit","status":"publish","type":"post","link":"https:\/\/www.europesays.com\/fr\/647103\/","title":{"rendered":"\u00c0 68 ans, In\u00e8s de la Fressange bluffe avec ce geste anti-\u00e2ge gratuit que tout le monde peut adopter d\u00e8s maintenant (il est gratuit !)"},"content":{"rendered":"<p>Dans un univers satur\u00e9 de <strong>soins co\u00fbteux<\/strong> et<br \/>\nd\u2019interventions spectaculaires, quelques habitudes simples peuvent<br \/>\nfaire une grande diff\u00e9rence. Il ne s\u2019agit pas de produits hors de<br \/>\nprix, mais de <strong>pratiques accessibles<\/strong> et r\u00e9guli\u00e8res<br \/>\nqui influencent autant notre bien-\u00eatre que notre apparence. Prendre<br \/>\nle temps de se reconnecter \u00e0 soi, respirer et observer son corps<br \/>\nchange le ressenti et l\u2019\u00e9clat naturel. Ces gestes, faciles \u00e0<br \/>\nadopter, permettent de pr\u00e9server \u00e9nergie, calme int\u00e9rieur et<br \/>\nvitalit\u00e9, tout en int\u00e9grant un \u00e9quilibre durable au quotidien.<\/p>\n<p>Le rituel quotidien qui change tout<br \/>\nLa m\u00e9ditation comme alli\u00e9e anti-\u00e2ge<\/p>\n<p>In\u00e8s de la Fressange privil\u00e9gie la <strong>m\u00e9ditation<br \/>\nquotidienne<\/strong> pour ralentir le rythme effr\u00e9n\u00e9 du quotidien<br \/>\net se recentrer. \u00ab\u00a0Je pr\u00e9f\u00e8re faire 10 minutes de m\u00e9ditation, il<br \/>\ny a moins d&rsquo;encombrements\u2026\u00a0\u00bb. Quelques minutes suffisent pour<br \/>\nse reconnecter \u00e0 soi, r\u00e9duire le stress et am\u00e9liorer la<br \/>\n<strong>s\u00e9r\u00e9nit\u00e9 mentale<\/strong>. Ce geste simple n\u2019exige aucun<br \/>\nmat\u00e9riel, aucun d\u00e9placement et peut s\u2019int\u00e9grer dans la routine du<br \/>\nmatin ou du soir, souligne <a href=\"https:\/\/www.journaldesfemmes.fr\/beaute\/magazine\/3252185-pas-de-creme-hors-de-prix-ni-de-soin-en-institut-ines-de-la-fressange-revele-son-geste-anti-age-naturel-et-gratuit\/\" target=\"_blank\" rel=\"noopener\">Journal Des Femmes<\/a>. Il influence<br \/>\nautant l\u2019\u00e9quilibre int\u00e9rieur que l\u2019\u00e9clat du visage, d\u00e9montrant que<br \/>\nla beaut\u00e9 naturelle repose souvent sur la constance et l\u2019attention<br \/>\nport\u00e9e \u00e0 soi-m\u00eame.<\/p>\n<p>L\u2019attention \u00e0 soi plut\u00f4t que les soins co\u00fbteux<\/p>\n<p>Se concentrer sur son bien-\u00eatre permet de d\u00e9passer les effets<br \/>\nsuperficiels des soins en institut. \u00ab\u00a0On ne s&rsquo;autorise pas assez<br \/>\n\u00e0 prendre du temps pour soi. C&rsquo;est surtout cela qu&rsquo;on aime quand on<br \/>\nva au spa. Mais si on s&rsquo;allonge chez soi durant 30 minutes sans<br \/>\nrien faire, c&rsquo;est tout aussi b\u00e9n\u00e9fique. Il faut savoir ralentir<br \/>\ndans la vie\u00a0\u00bb. Ce rituel renforce la <strong>d\u00e9tente<br \/>\ncorporelle<\/strong> et la <strong>qualit\u00e9 de vie<\/strong>, prouvant<br \/>\nque des gestes simples sont souvent plus efficaces que des produits<br \/>\nco\u00fbteux ou des routines complexes.<\/p>\n<p>Le sommeil et la r\u00e9cup\u00e9ration active<\/p>\n<p>Une r\u00e9cup\u00e9ration r\u00e9guli\u00e8re favorise l\u2019\u00e9clat naturel et la<br \/>\nvitalit\u00e9 du visage sans <a href=\"https:\/\/www.pleinevie.fr\/bien-etre-forme\/beaute\/ce-serum-anti-age-qui-cible-les-rides-et-ridules-est-le-plus-efficace-et-tres-abordable-selon-60-millions-de-consommateurs-172636.html\" target=\"_blank\" rel=\"noopener\">s\u00e9rum anti-\u00e2ge<\/a>. M\u00eame de courtes<br \/>\np\u00e9riodes de repos, allong\u00e9 dans un environnement calme, permettent<br \/>\nau corps et \u00e0 l\u2019esprit de se r\u00e9g\u00e9n\u00e9rer. L\u2019attention port\u00e9e \u00e0 ces<br \/>\nmoments influence la <strong>beaut\u00e9 int\u00e9rieure<\/strong> et la<br \/>\n<strong>sant\u00e9 globale<\/strong>. In\u00e8s de la Fressange d\u00e9montre<br \/>\nqu\u2019aucun soin externe ne remplace ces instants de pause. Prendre le<br \/>\ntemps de respirer, m\u00e9diter ou simplement rester allong\u00e9 cr\u00e9e un<br \/>\ncercle vertueux qui se refl\u00e8te dans la posture, le regard et le<br \/>\nteint, r\u00e9v\u00e9lant un style de vie harmonieux et durable.<\/p>\n<p>L\u2019apparence passe par des d\u00e9tails<br \/>\naccessibles<br \/>\nLe sourire comme atout esth\u00e9tique<\/p>\n<p>In\u00e8s insiste sur l\u2019importance du sourire\u202f: \u00ab\u00a0Le meilleur<br \/>\nsalon esth\u00e9tique, c&rsquo;est le dentiste. Un joli sourire et de belles<br \/>\ndents font oublier tout le reste !\u00a0\u00bb L\u2019entretien r\u00e9gulier de la<br \/>\ndentition devient un <strong>\u00e9l\u00e9ment central<\/strong> de la beaut\u00e9<br \/>\net de la <strong>confiance en soi<\/strong>. Cette approche d\u00e9montre<br \/>\nque certains d\u00e9tails simples, accessibles \u00e0 tous, influencent<br \/>\ndavantage l\u2019apparence que des traitements superficiels co\u00fbteux. Une<br \/>\nroutine de base, comme brosser ses dents correctement et<br \/>\nr\u00e9guli\u00e8rement, transforme non seulement le visage mais aussi la<br \/>\nperception que l\u2019on a de soi-m\u00eame.<\/p>\n<p>La simplicit\u00e9 des gestes quotidiens<\/p>\n<p>\u00c9viter les soins agressifs et se concentrer sur des gestes doux<br \/>\nfavorise un teint lumineux et une peau en bonne sant\u00e9. In\u00e8s<br \/>\nd\u00e9conseille certains nettoyages de peau en institut qu&rsquo;elle juge<br \/>\n\u00ab\u00a0trop violents\u00a0\u00bb. Ces choix montrent que la <strong>routine<br \/>\nminimaliste<\/strong> et la <strong>consistance quotidienne<\/strong><br \/>\npeuvent remplacer des interventions co\u00fbteuses. Le r\u00e9sultat\u202f? Une<br \/>\npeau prot\u00e9g\u00e9e, un visage repos\u00e9 et une \u00e9nergie renouvel\u00e9e. Le<br \/>\nsecret r\u00e9side dans la r\u00e9gularit\u00e9 et la qualit\u00e9 de chaque geste,<br \/>\nqu\u2019il s\u2019agisse de respiration, de soins l\u00e9gers ou de pauses<br \/>\nm\u00e9ditatives.<\/p>\n<p>L\u2019alimentation et l\u2019hydratation comme base<\/p>\n<p>Prendre soin de soi passe aussi par ce que l\u2019on consomme. Une<br \/>\n<strong>alimentation \u00e9quilibr\u00e9e<\/strong> et une <strong>hydratation<br \/>\nr\u00e9guli\u00e8re<\/strong> influencent la sant\u00e9 de la peau et le bien-\u00eatre<br \/>\nglobal. Boire suffisamment, limiter les exc\u00e8s et privil\u00e9gier des<br \/>\naliments simples et naturels compl\u00e8te l\u2019impact des gestes<br \/>\nquotidiens. In\u00e8s montre que l\u2019association d\u2019un style de vie<br \/>\nr\u00e9fl\u00e9chi et d\u2019habitudes simples maximise l\u2019\u00e9clat naturel et la<br \/>\nvitalit\u00e9. Ces fondations accessibles renforcent les effets positifs<br \/>\ndes pratiques de m\u00e9ditation et de r\u00e9cup\u00e9ration.<\/p>\n","protected":false},"excerpt":{"rendered":"Dans un univers satur\u00e9 de soins co\u00fbteux et d\u2019interventions spectaculaires, quelques habitudes simples peuvent faire une grande diff\u00e9rence.&hellip;\n","protected":false},"author":2,"featured_media":647104,"comment_status":"","ping_status":"","sticky":false,"template":"","format":"standard","meta":{"footnotes":""},"categories":[10],"tags":[930,75244,13041,18731,317,1764,12690,3396,75247,17488,1805,154,932,1011,27,75246,24671,326,72,3707,75245,4743,43926,74,5055,746,71,3585],"class_list":{"0":"post-647103","1":"post","2":"type-post","3":"status-publish","4":"format-standard","5":"has-post-thumbnail","7":"category-sante","8":"tag-le","9":"tag-75244","10":"tag-a","11":"tag-adopter","12":"tag-age","13":"tag-ans","14":"tag-anti","15":"tag-avec","16":"tag-bluffe","17":"tag-ce","18":"tag-de","19":"tag-des","20":"tag-est","21":"tag-fr","22":"tag-france","23":"tag-fressange","24":"tag-geste","25":"tag-gratuit","26":"tag-health","27":"tag-il","28":"tag-ines","29":"tag-la","30":"tag-maintenant","31":"tag-monde","32":"tag-peut","33":"tag-que","34":"tag-sante","35":"tag-tout"},"share_on_mastodon":{"url":"https:\/\/pubeurope.com\/@fr\/115853938283018091","error":""},"_links":{"self":[{"href":"https:\/\/www.europesays.com\/fr\/wp-json\/wp\/v2\/posts\/647103","targetHints":{"allow":["GET"]}}],"collection":[{"href":"https:\/\/www.europesays.com\/fr\/wp-json\/wp\/v2\/posts"}],"about":[{"href":"https:\/\/www.europesays.com\/fr\/wp-json\/wp\/v2\/types\/post"}],"author":[{"embeddable":true,"href":"https:\/\/www.europesays.com\/fr\/wp-json\/wp\/v2\/users\/2"}],"replies":[{"embeddable":true,"href":"https:\/\/www.europesays.com\/fr\/wp-json\/wp\/v2\/comments?post=647103"}],"version-history":[{"count":0,"href":"https:\/\/www.europesays.com\/fr\/wp-json\/wp\/v2\/posts\/647103\/revisions"}],"wp:featuredmedia":[{"embeddable":true,"href":"https:\/\/www.europesays.com\/fr\/wp-json\/wp\/v2\/media\/647104"}],"wp:attachment":[{"href":"https:\/\/www.europesays.com\/fr\/wp-json\/wp\/v2\/media?parent=647103"}],"wp:term":[{"taxonomy":"category","embeddable":true,"href":"https:\/\/www.europesays.com\/fr\/wp-json\/wp\/v2\/categories?post=647103"},{"taxonomy":"post_tag","embeddable":true,"href":"https:\/\/www.europesays.com\/fr\/wp-json\/wp\/v2\/tags?post=647103"}],"curies":[{"name":"wp","href":"https:\/\/api.w.org\/{rel}","templated":true}]}}