{"id":647113,"date":"2026-01-07T13:03:12","date_gmt":"2026-01-07T13:03:12","guid":{"rendered":"https:\/\/www.europesays.com\/fr\/647113\/"},"modified":"2026-01-07T13:03:12","modified_gmt":"2026-01-07T13:03:12","slug":"lonu-denonce-l-apartheid-israelien-et-l-asphyxie-des-droits-des-palestiniens","status":"publish","type":"post","link":"https:\/\/www.europesays.com\/fr\/647113\/","title":{"rendered":"l\u2019ONU d\u00e9nonce l\u2019\u00ab\u00a0apartheid\u00a0\u00bb isra\u00e9lien et l\u2019\u00ab\u00a0asphyxie\u00a0\u00bb des droits des Palestiniens"},"content":{"rendered":"<p>                      <img loading=\"lazy\" decoding=\"async\" src=\"https:\/\/www.europesays.com\/fr\/wp-content\/uploads\/2026\/01\/22d577f_ftp-import-images-1-pqjlyuk81rtf-5487289-01-06.jpg\" alt=\"Des \u00e9paves de voitures incendi\u00e9es lors d\u2019une attaque de colons isra\u00e9liens \u00e0 Huwara, en Cisjordanie, le 21\u00a0novembre 2025.\"   width=\"664\" height=\"443\"\/>    Des \u00e9paves de voitures incendi\u00e9es lors d\u2019une attaque de colons isra\u00e9liens \u00e0 Huwara, en Cisjordanie, le 21\u00a0novembre 2025.  JAAFAR ASHTIYEH\/AFP                          <\/p>\n<p class=\"article__paragraph  \">Le Haut-Commissariat des Nations unies<strong> <\/strong>aux droits de l\u2019homme (HCDH) a affirm\u00e9, mercredi 7\u00a0janvier, que la discrimination et la s\u00e9gr\u00e9gation exerc\u00e9es par Isra\u00ebl \u00e0 l\u2019encontre des Palestiniens en Cisjordanie par Isra\u00ebl s\u2019intensifiaient, s\u2019apparentant \u00e0 une forme de \u00ab\u00a0syst\u00e8me d\u2019apartheid\u00a0\u00bb.<\/p>\n<p>                                            Lire aussi |  <a href=\"https:\/\/www.lemonde.fr\/idees\/article\/2025\/12\/12\/qui-osera-denoncer-la-terreur-imposee-par-israel-en-cisjordanie_6657025_3232.html\" class=\"js-article-read-also catcher--favoris__link\" data-premium=\"\" id=\"article-title-3450782\" target=\"_blank\" rel=\"noopener\">Qui osera d\u00e9noncer la terreur impos\u00e9e par Isra\u00ebl en Cisjordanie\u00a0?<\/a>    <\/p>\n<p>   Lire plus tard  <\/p>\n<p class=\"article__paragraph  \">Dans un nouveau rapport, le HCDH affirme que la \u00ab\u00a0discrimination syst\u00e9matique\u00a0\u00bb \u00e0 l\u2019\u00e9gard des Palestiniens dans l\u2019ensemble des territoires palestiniens occup\u00e9s s\u2019est \u00ab\u00a0radicalement aggrav\u00e9e\u00a0\u00bb ces derni\u00e8res ann\u00e9es. \u00ab\u00a0On assiste \u00e0 une asphyxie syst\u00e9matique des droits des Palestiniens en Cisjordanie\u00a0\u00bb, a d\u00e9clar\u00e9 Volker T\u00fcrk, qui est \u00e0 la t\u00eate du haut-commissariat, dans un communiqu\u00e9 accompagnant la publication du rapport. M.\u00a0T\u00fcrk a estim\u00e9 que cette situation avait conduit \u00e0 une \u00ab\u00a0forme particuli\u00e8rement grave de discrimination et de s\u00e9gr\u00e9gation raciales, ressemblant au type de syst\u00e8me d\u2019apartheid que nous avons d\u00e9j\u00e0 connu\u00a0\u00bb.<\/p>\n<p class=\"article__paragraph  \">Qu\u2019il s\u2019agisse d\u2019avoir acc\u00e8s \u00e0 l\u2019eau, aux \u00e9coles ou encore aux h\u00f4pitaux, ou qu\u2019il s\u2019agisse de pouvoir aller voir des proches ou d\u2019aller r\u00e9colter des olives, \u00ab\u00a0chaque aspect de la vie des Palestiniens en Cisjordanie est contr\u00f4l\u00e9 et restreint par des lois, des politiques et des pratiques discriminatoires d\u2019Isra\u00ebl\u00a0\u00bb, a-t-il d\u00e9plor\u00e9. Des experts ind\u00e9pendants de l\u2019ONU avaient d\u00e9j\u00e0 qualifi\u00e9 la situation dans les territoires palestiniens occup\u00e9s d\u2019\u00ab\u00a0apartheid\u00a0\u00bb, mais c\u2019est la premi\u00e8re fois qu\u2019un haut-commissaire aux droits de l\u2019homme de l\u2019ONU emploie ce terme.<\/p>\n<p class=\"article__paragraph  \">La mission diplomatique d\u2019Isra\u00ebl aupr\u00e8s de l\u2019ONU \u00e0 Gen\u00e8ve a fustig\u00e9 les \u00ab\u00a0accusations absurdes et d\u00e9form\u00e9es de discrimination raciale\u00a0\u00bb formul\u00e9es \u00e0 l\u2019encontre d\u2019Isra\u00ebl, affirmant qu\u2019elles illustraient la \u00ab\u00a0fixation intrins\u00e8quement politique (\u2026) du bureau des droits de l\u2019homme de l\u2019ONU \u00e0 diaboliser Isra\u00ebl\u00a0\u00bb.<\/p>\n<p>                    \u00ab\u00a0Confiscations massives de terres\u00a0\u00bb                    <\/p>\n<p class=\"article__paragraph  \">Le rapport souligne que les autorit\u00e9s isra\u00e9liennes \u00ab\u00a0soumettent les colons isra\u00e9liens et les Palestiniens vivant en Cisjordanie \u00e0 deux r\u00e9gimes distincts de lois et de politiques, entra\u00eenant un traitement in\u00e9gal sur plusieurs questions cruciales\u00a0\u00bb. \u00ab\u00a0Les Palestiniens continuent d\u2019\u00eatre soumis \u00e0 des confiscations massives de terres et \u00e0 une privation d\u2019acc\u00e8s aux ressources\u00a0\u00bb, rel\u00e8ve-t-il, affirmant que cette situation conduit notamment \u00e0 \u00ab\u00a0les d\u00e9poss\u00e9der de leurs terres et de leurs maisons\u00a0\u00bb.<\/p>\n<p>                                       Lire aussi |  Article r\u00e9serv\u00e9 \u00e0 nos abonn\u00e9s  <a href=\"https:\/\/www.lemonde.fr\/international\/article\/2025\/12\/10\/israel-impose-un-regime-de-terreur-en-cisjordanie_6656784_3210.html\" class=\"js-article-read-also catcher--favoris__link\" data-premium=\"1\" id=\"article-title-3449560\" target=\"_blank\" rel=\"noopener\">Les m\u00e9thodes d\u2019Isra\u00ebl pour imposer un r\u00e9gime de terreur in\u00e9dit en Cisjordanie<\/a>    <\/p>\n<p>   Lire plus tard  <\/p>\n<p class=\"article__paragraph  \">M.\u00a0T\u00fcrk demande \u00e0 Isra\u00ebl qu\u2019il \u00ab\u00a0abroge toutes les lois, politiques et pratiques qui perp\u00e9tuent la discrimination syst\u00e9mique \u00e0 l\u2019\u00e9gard des Palestiniens fond\u00e9e sur la race, la religion ou l\u2019origine ethnique\u00a0\u00bb. Cette discrimination est aggrav\u00e9e par la violence intensifi\u00e9e des colons, avec dans de nombreux cas \u00ab\u00a0l\u2019assentiment, le soutien et la participation des forces de s\u00e9curit\u00e9 isra\u00e9liennes\u00a0\u00bb, selon le HCDH.<\/p>\n<p class=\"article__paragraph  \">Isra\u00ebl occupe la Cisjordanie depuis 1967. Hormis J\u00e9rusalem-Est, occup\u00e9e et annex\u00e9e par Isra\u00ebl, plus de 500\u00a0000 Isra\u00e9liens y vivent aujourd\u2019hui, dans des colonies consid\u00e9r\u00e9es comme ill\u00e9gales par l\u2019ONU au regard du droit international, parmi quelque 3\u00a0millions de Palestiniens.<\/p>\n<p>                    \u00ab\u00a0Impunit\u00e9 presque totale\u00a0\u00bb                    <\/p>\n<p class=\"article__paragraph  \">Depuis l\u2019attaque sans pr\u00e9c\u00e9dent du Hamas en Isra\u00ebl le 7\u00a0octobre\u00a02023, la violence de certains colons, en particulier ceux install\u00e9s dans des \u00ab\u00a0avant-postes\u00a0\u00bb ill\u00e9gaux en vertu de la loi isra\u00e9lienne, s\u2019est accrue et leurs attaques contre les communaut\u00e9s locales se multiplient.<\/p>\n<p>                                       Lire aussi |  Article r\u00e9serv\u00e9 \u00e0 nos abonn\u00e9s  <a href=\"https:\/\/www.lemonde.fr\/international\/article\/2025\/12\/09\/en-cisjordanie-derriere-les-videos-sur-les-agissements-de-l-armee-israelienne-le-travail-perilleux-des-journalistes-palestiniens_6656653_3210.html\" class=\"js-article-read-also catcher--favoris__link\" data-premium=\"1\" id=\"article-title-3450324\" target=\"_blank\" rel=\"noopener\">En Cisjordanie, derri\u00e8re les vid\u00e9os sur les agissements de l\u2019arm\u00e9e isra\u00e9lienne, le travail p\u00e9rilleux des journalistes palestiniens<\/a>    <\/p>\n<p>   Lire plus tard  <\/p>\n<p class=\"article__paragraph  \">Depuis le d\u00e9but de la guerre dans la bande de Gaza, les forces isra\u00e9liennes et les colons ont tu\u00e9 plus de 1\u00a0000 Palestiniens en Cisjordanie, parmi lesquels de nombreux militants mais aussi des dizaines de civils, selon un comptage de l\u2019Agence France-Presse reposant sur les chiffres du minist\u00e8re palestinien de la sant\u00e9. Dans le m\u00eame temps, d\u2019apr\u00e8s des donn\u00e9es officielles isra\u00e9liennes, 44 Isra\u00e9liens, soldats et civils, ont \u00e9t\u00e9 tu\u00e9s dans ce territoire.<\/p>\n<p> Le Monde M\u00e9morable  <\/p>\n<p> <a href=\"https:\/\/www.lemonde.fr\/memorable\/?rfextension=inread\" class=\"inread__link js-services-inread-link\" target=\"_blank\" rel=\"noopener\">  <\/p>\n<p>Testez votre culture g\u00e9n\u00e9rale avec la r\u00e9daction du \u00ab Monde \u00bb<\/p>\n<p>Testez votre culture g\u00e9n\u00e9rale avec la r\u00e9daction du \u00ab Monde \u00bb<\/p>\n<p>D\u00e9couvrir<\/p>\n<p> <\/a>      <\/p>\n<p> Newsletter  <\/p>\n<p> <a href=\"https:\/\/www.lemonde.fr\/newsletters\/a-la-une\/\" class=\"inread__link js-services-inread-link\" target=\"_blank\" rel=\"noopener\">  <\/p>\n<p>\u00ab A la une \u00bb<\/p>\n<p>Chaque matin, parcourez l&rsquo;essentiel de l&rsquo;actualit\u00e9 du jour avec les derniers titres du \u00ab Monde \u00bb<\/p>\n<p>S&rsquo;inscrire<\/p>\n<p> <\/a>          <\/p>\n<p> Le Monde Application  <\/p>\n<p> <a href=\"https:\/\/lamatinale.onelink.me\/gKMy\/ahw2ubr3\" class=\"inread__link js-services-inread-link\" target=\"_blank\" rel=\"noopener\">  <\/p>\n<p>La Matinale du Monde<\/p>\n<p>Chaque matin, retrouvez notre s\u00e9lection de 20 articles \u00e0 ne pas manquer <\/p>\n<p>T\u00e9l\u00e9charger l&rsquo;application<\/p>\n<p> <\/a>      <\/p>\n<p> Newsletter abonn\u00e9s  <\/p>\n<p> <a href=\"https:\/\/www.lemonde.fr\/newsletters\/international\/\" class=\"inread__link js-services-inread-link\" target=\"_blank\" rel=\"noopener\">  <\/p>\n<p>\u00ab International \u00bb<\/p>\n<p>L\u2019essentiel de l\u2019actualit\u00e9 internationale de la semaine<\/p>\n<p>S&rsquo;inscrire<\/p>\n<p> <\/a>             <\/p>\n<p class=\"article__paragraph  \">Depuis cette date, les autorit\u00e9s isra\u00e9liennes ont \u00e9galement \u00ab\u00a0intensifi\u00e9 le recours \u00e0 la force ill\u00e9gale, aux d\u00e9tentions arbitraires et \u00e0 la torture\u00a0\u00bb, d\u00e9plore le rapport. Il d\u00e9nonce une \u00ab\u00a0d\u00e9t\u00e9rioration sans pr\u00e9c\u00e9dent de la situation des droits humains\u00a0\u00bb en Cisjordanie, faisant \u00e9tat du renforcement de la \u00ab\u00a0r\u00e9pression de la soci\u00e9t\u00e9 civile\u00a0\u00bb et des \u00ab\u00a0restrictions excessives \u00e0 la libert\u00e9 des m\u00e9dias\u00a0\u00bb. <a href=\"https:\/\/www.lemonde.fr\/international\/article\/2025\/12\/12\/en-cisjordanie-la-croissance-des-colonies-israelienne-atteint-son-niveau-le-plus-haut-depuis-2017-affirme-l-onu_6657110_3210.html\" target=\"_blank\" rel=\"noopener\">Le rapport souligne aussi la rapide expansion des colonies<\/a>, consid\u00e9r\u00e9es comme ill\u00e9gales par le droit international, tandis que les Palestiniens sont tu\u00e9s \u00ab\u00a0avec une impunit\u00e9 presque totale\u00a0\u00bb.<\/p>\n<p class=\"article__paragraph  \">Sur les plus de 1\u00a0500 Palestiniens tu\u00e9s entre le d\u00e9but de\u00a02017 et\u00a0le\u00a030\u00a0septembre\u00a02025 en Cisjordanie, les autorit\u00e9s isra\u00e9liennes n\u2019ont ouvert que 112\u00a0enqu\u00eates, qui n\u2019ont abouti qu\u2019\u00e0 une seule condamnation, note aussi le rapport. Ses auteurs disent, en outre, avoir trouv\u00e9 \u00ab\u00a0des motifs raisonnables de croire que cette (\u2026) s\u00e9gr\u00e9gation et cette subordination sont destin\u00e9es \u00e0 \u00eatre permanentes\u00a0\u00bb afin de maintenir un syst\u00e8me d\u2019\u00ab\u00a0oppression\u00a0\u00bb et de \u00ab\u00a0domination des Palestiniens\u00a0\u00bb.<\/p>\n<p>                                       Lire aussi |  Article r\u00e9serv\u00e9 \u00e0 nos abonn\u00e9s  <a href=\"https:\/\/www.lemonde.fr\/international\/article\/2025\/12\/10\/en-multipliant-les-colonies-en-cisjordanie-l-extreme-droite-israelienne-veut-etouffer-dans-l-uf-tout-espoir-palestinien_6656790_3210.html\" class=\"js-article-read-also catcher--favoris__link\" data-premium=\"1\" id=\"article-title-3449956\" target=\"_blank\" rel=\"noopener\">En multipliant les colonies en Cisjordanie, l\u2019extr\u00eame droite isra\u00e9lienne veut \u00ab\u00a0\u00e9touffer dans l\u2019\u0153uf\u00a0\u00bb tout espoir palestinien<\/a>    <\/p>\n<p>   Lire plus tard  <\/p>\n<p class=\"author__detail\">  Le Monde avec AFP  <\/p>\n<p>                <a href=\"https:\/\/www.lemonde.fr\/syndication\/\" class=\"reuse__content\" title=\"R\u00e9utiliser ce contenu\" target=\"_blank\" rel=\"noopener\">R\u00e9utiliser ce contenu<\/a>      <\/p>\n","protected":false},"excerpt":{"rendered":"Des \u00e9paves de voitures incendi\u00e9es lors d\u2019une attaque de colons isra\u00e9liens \u00e0 Huwara, en Cisjordanie, le 21\u00a0novembre 2025.&hellip;\n","protected":false},"author":2,"featured_media":647114,"comment_status":"","ping_status":"","sticky":false,"template":"","format":"standard","meta":{"footnotes":""},"categories":[5],"tags":[11,1011,27,14,12,28],"class_list":{"0":"post-647113","1":"post","2":"type-post","3":"status-publish","4":"format-standard","5":"has-post-thumbnail","7":"category-international","8":"tag-actualites","9":"tag-fr","10":"tag-france","11":"tag-international","12":"tag-news","13":"tag-world"},"share_on_mastodon":{"url":"https:\/\/pubeurope.com\/@fr\/115853957872906485","error":""},"_links":{"self":[{"href":"https:\/\/www.europesays.com\/fr\/wp-json\/wp\/v2\/posts\/647113","targetHints":{"allow":["GET"]}}],"collection":[{"href":"https:\/\/www.europesays.com\/fr\/wp-json\/wp\/v2\/posts"}],"about":[{"href":"https:\/\/www.europesays.com\/fr\/wp-json\/wp\/v2\/types\/post"}],"author":[{"embeddable":true,"href":"https:\/\/www.europesays.com\/fr\/wp-json\/wp\/v2\/users\/2"}],"replies":[{"embeddable":true,"href":"https:\/\/www.europesays.com\/fr\/wp-json\/wp\/v2\/comments?post=647113"}],"version-history":[{"count":0,"href":"https:\/\/www.europesays.com\/fr\/wp-json\/wp\/v2\/posts\/647113\/revisions"}],"wp:featuredmedia":[{"embeddable":true,"href":"https:\/\/www.europesays.com\/fr\/wp-json\/wp\/v2\/media\/647114"}],"wp:attachment":[{"href":"https:\/\/www.europesays.com\/fr\/wp-json\/wp\/v2\/media?parent=647113"}],"wp:term":[{"taxonomy":"category","embeddable":true,"href":"https:\/\/www.europesays.com\/fr\/wp-json\/wp\/v2\/categories?post=647113"},{"taxonomy":"post_tag","embeddable":true,"href":"https:\/\/www.europesays.com\/fr\/wp-json\/wp\/v2\/tags?post=647113"}],"curies":[{"name":"wp","href":"https:\/\/api.w.org\/{rel}","templated":true}]}}