{"id":647115,"date":"2026-01-07T13:04:09","date_gmt":"2026-01-07T13:04:09","guid":{"rendered":"https:\/\/www.europesays.com\/fr\/647115\/"},"modified":"2026-01-07T13:04:09","modified_gmt":"2026-01-07T13:04:09","slug":"colere-des-agriculteurs-la-ils-nous-foutent-dans-la-mouise-coinces-depuis-des-heures-sur-la68-des-automobilistes-furax-ladepeche-fr","status":"publish","type":"post","link":"https:\/\/www.europesays.com\/fr\/647115\/","title":{"rendered":"Col\u00e8re des agriculteurs : &quot;L\u00e0, ils nous foutent dans la mouise\u2026&quot; coinc\u00e9s depuis des heures sur l\u2019A68, des automobilistes furax &#8211; ladepeche.fr"},"content":{"rendered":"<ol>\n<li><a href=\"https:\/\/news.google.com\/rss\/articles\/CBMi-wFBVV95cUxPbE0xWEJKRTR0UF9MNHc0LUJFTENwOG12akVHSy1udTFhb3NFcmVzN3FhUHJucHFPZzkwUWhYUWNUY2tkNzViWTdpX1B6ZDRKVHExM3hseFBRT3p6VW9tcm4tNDNSUXpHZnNhZUQzWXpmaElOUTJzeERkak9iWVZzX2EtTldseHF3MUp0U3NxTk5uaGFpeTJvMXlTTWo4QUZzUFpQeEdGX2t3Y0hiU3lIMUxlWThOZEtrbDhkUU5ZSkpLZmdtcU1Yd2RVVC1uRGJOTG1SWlhiNGo3M0tKMDR6OU1WSUYxdVdET2NkMUFRSFNXLUpaQkVYaFpTZw?oc=5\" target=\"_blank\" rel=\"noopener\">Col\u00e8re des agriculteurs : \u00ab\u00a0L\u00e0, ils nous foutent dans la mouise\u2026\u00a0\u00bb coinc\u00e9s depuis des heures sur l\u2019A68, des automobilistes furax<\/a>&nbsp;&nbsp;ladepeche.fr<\/li>\n<li><a href=\"https:\/\/news.google.com\/rss\/articles\/CBMi7wFBVV95cUxQb253YXp2MlJYSm9WdWJJWnlxYnIyc2h1dm1JYzhFaXpkX1hjNTJxemp0SW5jRk9CUUtMZXZZZzFEWVJLSGUtb21ReEZ2MTJmendxRjF1VVNhY2xUaVYwX25BMGt1RVE0TENyWVAzTGVaWjRwQmhjSU91UGhYVVRqRmZlaDd5WU1SM2hGUV9WVFYzUDhUc0RVN3pFSGdsYThNTGNjRnZPV3hDVlk1cjNQdWN2V1FCRW9VdnpoY1U5N2dZTFVGOWNSNmtIMHF6UHN3VjFHRW4tRWtnME8tbVJMN2VoVE1ybkZ0bzIya2l5OA?oc=5\" target=\"_blank\" rel=\"noopener\">Tracteurs interdits : en voulant calmer la col\u00e8re des agriculteurs, le gouvernement met le feu aux poudres<\/a>&nbsp;&nbsp;L&rsquo;Humanit\u00e9<\/li>\n<li><a href=\"https:\/\/news.google.com\/rss\/articles\/CBMimgJBVV95cUxPN3ZGX2tmaW04V1piYkVrZ1IzblZJa1hLdEQ1US1JVXRueEJibFV3ZDVXX2lQR2dOd0w4ZFEyTDE5b05scEFVcGQ4TW9OOG05NjJiZ2FNUUp4dFZ2cDFTQWx6LWJMRlpoMl91UEdtbkgxTVBqMkdza1EtVm8xQnVmU1Exd1Etclg3ZVlDZHBSS3hfVU10RnlueUVJSWxuRmZDbWlvV3dQdWIyRGc5cEdPOVJnZ3g3LXduRi1NZXlVSnp3U3llSjh2SHM3YkZsUl9kLVNzM3d3M3VKVzNJNWw2U2VRMXVsQjlWbmp0cE5tcXh0Q3RoYXJPaXFDcVBWa2lhTGU4V0dCbVRmaUs0ZWVWa2JZYXdwbFFVeUE?oc=5\" target=\"_blank\" rel=\"noopener\">Col\u00e8re des agriculteurs : des dizaines de barrages autour de Toulouse malgr\u00e9 un d\u00e9ploiement important des forces de l\u2019ordre<\/a>&nbsp;&nbsp;Le Monde.fr<\/li>\n<li><a href=\"https:\/\/news.google.com\/rss\/articles\/CBMixgFBVV95cUxQX1hVc3BpTC1ORDhJeHFkRkNZMU1GcTJLNThNTHhOQUxKS1o5NFpfeXl0TENfS1k2Y2tkR01wbjVGVDk3eGF3aTZUeDF1ZW1DZDdpa3FkVXpKSGM1eHB0V3ptX0hJTFl6WUFHaHdValR5dV91R3lHOUl5MlJpOFFoNjlnMGxTN1hfWF9xbXNielNJVlg2Vk9rOE53Z0tZTmxiZWVMQVMyTmdDcF9pUmxIcnNkc0p2blh0MUFzRHdDX0ZxR0lMRnc?oc=5\" target=\"_blank\" rel=\"noopener\">Yvelines : des tracteurs forcent un barrage de gendarmerie pour rejoindre Paris<\/a>&nbsp;&nbsp;Le Figaro<\/li>\n<li><a href=\"https:\/\/news.google.com\/rss\/articles\/CBMitwJBVV95cUxQclQyMWV3LUFHOC1sWVpReXdyb0pNS0VNYU16UnRpb282X1JleXJ0OGRoUGEzZ1ZDWll1bHZ4MzBxaC1fVW41Y1dIXzR1VkVjQktGUS01dUhjWXBFSzNCaTh4bWplUFFTNTJiYVdJTlpObEg3MFFvYkVYRl9ZNjJoeWQwbnZQb0pXOVJSblBubUo5TmFCXzBweUNKekxHWVpIR2VKY05HdTRxTElycm9qNXZLQ1N0WVdIbTA1OVduTXdBNHBKTzJfRUNVR21wMTllSTRhUmU4RkFSSl93ZktnNWx6LXY2bzZVQVZCTnozWVhFMlB4UWt0Q2RuMzl4X250V2lKQ2Rkd1ItNE5EVlhBZkFhc1NkQkxLMklQWFpDSm1UOFhqOThjU29pRzByVFNFQjZYSG0xOA?oc=5\" target=\"_blank\" rel=\"noopener\">La Coordination rurale veut \u00ab mettre un petit coup de pression \u00bb en manifestant dans Paris, Annie Genevard temporise<\/a>&nbsp;&nbsp;Ouest-France<\/li>\n<\/ol>\n","protected":false},"excerpt":{"rendered":"Col\u00e8re des agriculteurs : \u00ab\u00a0L\u00e0, ils nous foutent dans la mouise\u2026\u00a0\u00bb coinc\u00e9s depuis des heures sur l\u2019A68, des&hellip;\n","protected":false},"author":2,"featured_media":395849,"comment_status":"","ping_status":"","sticky":false,"template":"","format":"standard","meta":{"footnotes":""},"categories":[4],"tags":[11,1011,27,12,25],"class_list":{"0":"post-647115","1":"post","2":"type-post","3":"status-publish","4":"format-standard","5":"has-post-thumbnail","7":"category-france","8":"tag-actualites","9":"tag-fr","10":"tag-france","11":"tag-news","12":"tag-republique-francaise"},"share_on_mastodon":{"url":"https:\/\/pubeurope.com\/@fr\/115853961676424599","error":""},"_links":{"self":[{"href":"https:\/\/www.europesays.com\/fr\/wp-json\/wp\/v2\/posts\/647115","targetHints":{"allow":["GET"]}}],"collection":[{"href":"https:\/\/www.europesays.com\/fr\/wp-json\/wp\/v2\/posts"}],"about":[{"href":"https:\/\/www.europesays.com\/fr\/wp-json\/wp\/v2\/types\/post"}],"author":[{"embeddable":true,"href":"https:\/\/www.europesays.com\/fr\/wp-json\/wp\/v2\/users\/2"}],"replies":[{"embeddable":true,"href":"https:\/\/www.europesays.com\/fr\/wp-json\/wp\/v2\/comments?post=647115"}],"version-history":[{"count":0,"href":"https:\/\/www.europesays.com\/fr\/wp-json\/wp\/v2\/posts\/647115\/revisions"}],"wp:featuredmedia":[{"embeddable":true,"href":"https:\/\/www.europesays.com\/fr\/wp-json\/wp\/v2\/media\/395849"}],"wp:attachment":[{"href":"https:\/\/www.europesays.com\/fr\/wp-json\/wp\/v2\/media?parent=647115"}],"wp:term":[{"taxonomy":"category","embeddable":true,"href":"https:\/\/www.europesays.com\/fr\/wp-json\/wp\/v2\/categories?post=647115"},{"taxonomy":"post_tag","embeddable":true,"href":"https:\/\/www.europesays.com\/fr\/wp-json\/wp\/v2\/tags?post=647115"}],"curies":[{"name":"wp","href":"https:\/\/api.w.org\/{rel}","templated":true}]}}