{"id":647116,"date":"2026-01-07T13:05:11","date_gmt":"2026-01-07T13:05:11","guid":{"rendered":"https:\/\/www.europesays.com\/fr\/647116\/"},"modified":"2026-01-07T13:05:11","modified_gmt":"2026-01-07T13:05:11","slug":"vigilance-jaune-neige-verglas-levee-des-restrictions-pour-les-poids-lourds-et-vehicules-legers-actualites","status":"publish","type":"post","link":"https:\/\/www.europesays.com\/fr\/647116\/","title":{"rendered":"Vigilance jaune neige verglas : lev\u00e9e des restrictions pour les poids-lourds et v\u00e9hicules l\u00e9gers &#8211; Actualit\u00e9s"},"content":{"rendered":"<p class=\" text-justify\"><b>VIGILANCE JAUNE \u2013 NEIGE VERGLAS\u00a0: POINT DE SITUATION \u2013 10h30<\/b><\/p>\n<p class=\" text-justify\">M\u00e9t\u00e9o-France place la Seine-Maritime en vigilance JAUNE \u00ab\u00a0NEIGE VERGLAS\u00a0\u00bb ce mercredi 7 janvier \u00e0 10h15. La circulation reprend progressivement. Ainsi, <b>les restrictions de circulation mises en place hier mardi 6 janvier concernant \u00e0 la fois les poids lourds et les v\u00e9hicules l\u00e9gers sont lev\u00e9es.\u00a0<\/b><\/p>\n<p class=\"fr-callout__text\">\n            Seuls les transports scolaires restent suspendus ce jour. Ils reprendront le 8 janvier au matin.\n        <\/p>\n<ul>\n<li><b>Arr\u00eat\u00e9 pr\u00e9fectoral<\/b> &#8211; <b>lev\u00e9e des restrictions pour les poids-lourds et v\u00e9hicules l\u00e9gers<\/b>:     <a href=\"https:\/\/www.seine-maritime.gouv.fr\/contenu\/telechargement\/70909\/500413\/file\/recueil-76-2026-010-recueil-des-actes-administratifs-special.pdf\" id=\"f5eb1604b32688d2930db10f7abc18c7\" rel=\"noopener external\" title=\"Visiter le site https:\/\/www.seine-maritime.gouv.fr\/contenu\/telechargement\/70909\/500413\/file\/recueil-76-2026-010-recueil-des-actes-administratifs-special.pdf - nouvelle fen\u00eatre\" target=\"_blank\" class=\"fr-link\"><b>ICI<\/b><\/a><\/li>\n<li><b>Arr\u00eat\u00e9 pr\u00e9fectoral &#8211; lev\u00e9e de l&rsquo; interdiction circulation transports ramassage scolaire<\/b> : <b>    <a href=\"https:\/\/www.seine-maritime.gouv.fr\/contenu\/telechargement\/70910\/500418\/file\/recueil-76-2026-011-recueil-des-actes-administratifs-special.pdf\" id=\"228acb867fc89b74a50bd67ac5909f7f\" rel=\"noopener external\" title=\"Visiter le site https:\/\/www.seine-maritime.gouv.fr\/contenu\/telechargement\/70910\/500418\/file\/recueil-76-2026-011-recueil-des-actes-administratifs-special.pdf - nouvelle fen\u00eatre\" target=\"_blank\" class=\"fr-link\">ICI<\/a><\/b><\/li>\n<\/ul>\n<p>La matin\u00e9e a \u00e9t\u00e9 calme et les sapeurs-pompiers ont \u00e9t\u00e9 peu sollicit\u00e9s pour des interventions en lien avec les conditions m\u00e9t\u00e9orologiques. L\u2019ensemble des services de l\u2019\u00c9tat et des collectivit\u00e9s sont pleinement mobilis\u00e9s pour s\u00e9curiser les axes structurants, assister les usagers et garantir le fonctionnement des services essentiels.<\/p>\n<p>Le pr\u00e9fet de la Seine-Maritime invite l&rsquo;ensemble des usagers de la route \u00e0 la plus grande prudence, \u00e0 limiter ou reporter, autant que possible, leurs d\u00e9placements et \u00e0 suivre r\u00e9guli\u00e8rement l\u2019\u00e9volution de la situation par les canaux d\u2019information officiels.<\/p>\n","protected":false},"excerpt":{"rendered":"VIGILANCE JAUNE \u2013 NEIGE VERGLAS\u00a0: POINT DE SITUATION \u2013 10h30 M\u00e9t\u00e9o-France place la Seine-Maritime en vigilance JAUNE \u00ab\u00a0NEIGE&hellip;\n","protected":false},"author":2,"featured_media":647117,"comment_status":"","ping_status":"","sticky":false,"template":"","format":"standard","meta":{"footnotes":""},"categories":[2],"tags":[11,1011,27,12],"class_list":{"0":"post-647116","1":"post","2":"type-post","3":"status-publish","4":"format-standard","5":"has-post-thumbnail","7":"category-actualites","8":"tag-actualites","9":"tag-fr","10":"tag-france","11":"tag-news"},"share_on_mastodon":{"url":"https:\/\/pubeurope.com\/@fr\/115853965660092189","error":""},"_links":{"self":[{"href":"https:\/\/www.europesays.com\/fr\/wp-json\/wp\/v2\/posts\/647116","targetHints":{"allow":["GET"]}}],"collection":[{"href":"https:\/\/www.europesays.com\/fr\/wp-json\/wp\/v2\/posts"}],"about":[{"href":"https:\/\/www.europesays.com\/fr\/wp-json\/wp\/v2\/types\/post"}],"author":[{"embeddable":true,"href":"https:\/\/www.europesays.com\/fr\/wp-json\/wp\/v2\/users\/2"}],"replies":[{"embeddable":true,"href":"https:\/\/www.europesays.com\/fr\/wp-json\/wp\/v2\/comments?post=647116"}],"version-history":[{"count":0,"href":"https:\/\/www.europesays.com\/fr\/wp-json\/wp\/v2\/posts\/647116\/revisions"}],"wp:featuredmedia":[{"embeddable":true,"href":"https:\/\/www.europesays.com\/fr\/wp-json\/wp\/v2\/media\/647117"}],"wp:attachment":[{"href":"https:\/\/www.europesays.com\/fr\/wp-json\/wp\/v2\/media?parent=647116"}],"wp:term":[{"taxonomy":"category","embeddable":true,"href":"https:\/\/www.europesays.com\/fr\/wp-json\/wp\/v2\/categories?post=647116"},{"taxonomy":"post_tag","embeddable":true,"href":"https:\/\/www.europesays.com\/fr\/wp-json\/wp\/v2\/tags?post=647116"}],"curies":[{"name":"wp","href":"https:\/\/api.w.org\/{rel}","templated":true}]}}