{"id":647133,"date":"2026-01-07T13:14:09","date_gmt":"2026-01-07T13:14:09","guid":{"rendered":"https:\/\/www.europesays.com\/fr\/647133\/"},"modified":"2026-01-07T13:14:09","modified_gmt":"2026-01-07T13:14:09","slug":"elections-municipales-enfin-candidat-nmr-veut-emmener-rouen-en-ligue-des-champions","status":"publish","type":"post","link":"https:\/\/www.europesays.com\/fr\/647133\/","title":{"rendered":"\u00c9lections municipales. (Enfin) candidat, NMR veut emmener Rouen \u00ab\u00a0en Ligue des Champions \u00bb"},"content":{"rendered":"<p>                    Par<br \/>\n        <strong><br \/>\n            <a href=\"https:\/\/actu.fr\/auteur\/julien-bouteiller\" title=\"Consulter tous les articles de Julien Bouteiller\" target=\"_blank\" rel=\"noopener\">Julien Bouteiller<\/a><br \/>\n                    <\/strong><\/p>\n<p>        Publi\u00e9 le<\/p>\n<p>            7 janv. 2026 \u00e0 12h08<br \/>\n        ; mis \u00e0 jour le 7 janv. 2026 \u00e0 12h39    <\/p>\n<p><strong>Ira ou ira pas ?<\/strong> Ce mercredi 7 janvier 2026, le maire sortant de Rouen <a href=\"https:\/\/actu.fr\/tag\/nicolas-mayer-rossignol\" target=\"_blank\" rel=\"noopener\">Nicolas Mayer-Rossignol<\/a> a enfin lev\u00e9 le voile <strong>sur sa candidature ou non aux prochaines \u00e9lections municipales<\/strong> pr\u00e9vues en mars. L\u2019\u00e9dile conditionnait en effet ses intentions \u00e0 son \u00e9tat de sant\u00e9, <a href=\"https:\/\/actu.fr\/normandie\/rouen_76540\/nicolas-mayer-rossignol-annonce-qu-il-souffre-d-un-cancer-ce-n-est-pas-facile-d-en-parler_61856122.html\" target=\"_blank\" rel=\"noopener\">lui qui avait annonc\u00e9 \u00eatre atteint d\u2019un cancer<\/a>.<\/p>\n<p>NMR, candidat ou pas aux municipales ?<\/p>\n<p class=\" wall-content\">Lors d\u2019une conf\u00e9rence de presse ce mercredi, il a annonc\u00e9 son intention<strong> d\u2019\u00eatre candidat \u00e0 la mairie mais aussi \u00e0 la t\u00eate de la M\u00e9tropole<\/strong> qu\u2019il dirige depuis 2020. \u00ab\u00a0S\u00e9parer l\u2019un de l\u2019autre n\u2019a aucun sens, les programmes m\u00ealent les deux enjeux, ces 6 derni\u00e8res ann\u00e9es ont montr\u00e9 qu\u2019il \u00e9tait important d\u2019avoir cette coh\u00e9rence\u00a0\u00bb, a-t-il expliqu\u00e9.<\/p>\n<p class=\" wall-content\">Cette candidature a pour lui un objectif clair, \u00ab\u00a0faire de Rouen <strong>la ville la plus agr\u00e9able \u00e0 vivre<\/strong> de France\u00a0\u00bb. Et si on se fie au dernier classement en la mati\u00e8re, il y a du boulot car Rouen serait <a href=\"https:\/\/actu.fr\/normandie\/le-havre_76351\/classement-des-villes-ou-il-fait-bon-vivre-le-havre-domine-t-il-toujours-rouen_62260533.html\" target=\"_blank\" rel=\"noopener\">la 125e ville o\u00f9 il fait bon vivre<\/a>. Mais d\u00e9j\u00e0, NMR estime que \u00ab\u00a0la belle endormie s\u2019est r\u00e9veill\u00e9e\u00a0\u00bb.<\/p>\n<blockquote class=\"ac-article-quote wall-content\">\n<p>Maintenant, il faut passer une nouvelle \u00e9tape, on va passer en Ligue des Champions.<\/p>\n<p>    <strong>Nicolas Mayer-Rossignol<\/strong><br \/>\n        maire de Rouen et candidat aux municipales    <\/p><\/blockquote>\n<p>Les premi\u00e8res propositions du candidat NMR<\/p>\n<p class=\" wall-content\">Nicolas Mayer-Rossignol, sans tout d\u00e9voiler bien s\u00fbr, a r\u00e9v\u00e9l\u00e9 les premiers axes de sa campagne :\u00a0<\/p>\n<p>Vid\u00e9os : en ce moment sur Actu<\/p>\n<ul class=\" wall-content\">\n<li>Pour les transports, il souhaite <strong>un nouveau tramway<\/strong> (<a href=\"https:\/\/actu.fr\/normandie\/rouen_76540\/a-rouen-une-ligne-de-teor-bientot-transformee-en-tramway-les-precisions-et-le-calendrier_62846346.html\" target=\"_blank\" rel=\"noopener\">d\u00e9j\u00e0 plus ou moins sur les rails<\/a>) et<strong> aller encore plus loin sur la gratuit\u00e9 pour les usagers<\/strong>, en incluant d\u2019abord les moins de 25 ans et les plus de 65 ans. \u00ab\u00a0Est-ce qu\u2019on pourra aller plus loin ? Je le souhaite !\u00a0\u00bb<\/li>\n<li>Il fait aussi du sujet des<strong> familles monoparentales<\/strong>, \u00ab\u00a0assez tabou\u00a0\u00bb, une de ses priorit\u00e9s. Il prend l\u2019exemple des gardes sur \u00ab\u00a0les horaires atypiques\u00a0\u00bb et \u00ab\u00a0souhaite qu\u2019on donne des aides financi\u00e8res\u00a0\u00bb pour ces gardes d\u2019enfant.<\/li>\n<\/ul>\n<p class=\"expresso-item wall-content\"><a title=\"Lire l&#039;article\" href=\"https:\/\/actu.fr\/normandie\/rouen_76540\/elections-municipales-2026-a-rouen-quelles-sont-selon-vous-les-priorites-du-prochain-maire_62387099.html\" target=\"_blank\" rel=\"noopener\"><strong>\u00c9lections municipales 2026 \u00e0 Rouen. Quelles sont selon vous les priorit\u00e9s du prochain maire ?<\/strong><\/a><br \/>Les prochaines \u00e9lections municipales auront lieu dans un an. Quels sont pour vous les sujets prioritaires du futur maire de Rouen ? Dites-le nous dans ce sondage.<\/p>\n<ul class=\" wall-content\">\n<li><strong>C\u00f4t\u00e9 ins\u00e9curit\u00e9<\/strong>, NMR assure toujours que Rouen \u00ab\u00a0n\u2019est pas plus touch\u00e9e que d\u2019autres territoires\u00a0\u00bb. Pour prolonger son action, il pr\u00f4ne<strong> une police municipale pr\u00e9sente 24h\/24<\/strong> et la mutualiser avec d\u2019autres communes de la M\u00e9tropole. \u00ab\u00a0Il faut une police m\u00e9tropolitaine dans les transports.\u00a0\u00bb<\/li>\n<li>Enfin, le maire-candidat a abord\u00e9 la question de la sant\u00e9, \u00ab\u00a0une pr\u00e9occupation majeure\u00a0\u00bb. Et plus particuli\u00e8rement <strong>l\u2019acc\u00e8s aux parkings des h\u00f4pitaux<\/strong>, <a href=\"https:\/\/actu.fr\/normandie\/rouen_76540\/ca-devrait-etre-gratuit-ils-payent-une-fortune-de-parking-pour-visiter-leurs-proches-au-chu-de-rouen_63550211.html\" target=\"_blank\" rel=\"noopener\">tr\u00e8s co\u00fbteux comme nous le relations derni\u00e8rement<\/a>. \u00ab\u00a0On doit pouvoir faire mieux dans ce domaine, avec des transports plus accessibles et des parkings moins chers\u00a0\u00bb.<\/li>\n<\/ul>\n<p>Votre r\u00e9gion, votre actu !<\/p>\n<p>Recevez chaque jour les infos qui comptent pour vous.<\/p>\n<p>\t<a href=\"https:\/\/actu.fr\/newsletter\" class=\"ac-btn ac-btn--corner ac-btn--medium ac-btn--blue800\" target=\"_blank\" rel=\"noopener\">S&rsquo;incrire<\/a><\/p>\n<p class=\" wall-content\">De premiers axes qui seront donc compl\u00e9t\u00e9s par la suite d\u2019autres mesures. Le tout durant une campagne o\u00f9 NMR promet \u00ab\u00a0de ne d\u00e9nigrer personne\u00a0\u00bb. Le projet d\u00e9taill\u00e9 sera pr\u00e9sent\u00e9 d\u00e8s le mercredi 11 f\u00e9vrier.<\/p>\n<p class=\" wall-content\">Pour rappel, voici les autres candidatures d\u00e9clar\u00e9es pour les municipales \u00e0 Rouen :\u00a0<\/p>\n<p class=\"expresso-item wall-content\"><a title=\"Lire l&#039;article\" href=\"https:\/\/actu.fr\/normandie\/rouen_76540\/elections-municipales-2026-a-rouen-amaury-renauld-candidat-npa-r-veut-porter-la-voix-des-travailleurs_63556847.html\" target=\"_blank\" rel=\"noopener\"><strong>Amaury Renauld, candidat NPA-R, veut \u00ab porter la voix des travailleurs \u00bb<\/strong><\/a><br \/>Amaury Renauld, \u00e9tudiant de 23 ans, est le candidat du NPA-R (Nouveau Parti Anticapitaliste \u2013 R\u00e9volutionnaire) aux municipales 2026 \u00e0 Rouen.<\/p>\n<p class=\"expresso-item wall-content\"><a title=\"Lire l&#039;article\" href=\"https:\/\/actu.fr\/normandie\/rouen_76540\/municipales-a-rouen-le-candidat-lfi-maxime-da-silva-appelle-les-ecolos-et-communistes-a-le-rejoindre_63407775.html\" target=\"_blank\" rel=\"noopener\"><strong>Le candidat LFI Maxime Da Silva appelle les \u00e9colos et communistes \u00e0 le rejoindre<\/strong><\/a><br \/>Maxime Da Silva, t\u00eate de liste de LFI aux \u00e9lections municipales \u00e0 Rouen, lance sa campagne en appelant les \u00e9colos et communistes \u00e0 se joindre \u00e0 lui d\u00e8s le premier tour.<\/p>\n<p class=\"expresso-item wall-content\"><a title=\"Lire l&#039;article\" href=\"https:\/\/actu.fr\/normandie\/rouen_76540\/elections-municipales-2026-candidat-de-reconquete-frederic-mazier-veut-reprendre-rouen-en-main_63544327.html\" target=\"_blank\" rel=\"noopener\"><strong>Candidat de Reconqu\u00eate, Fr\u00e9d\u00e9ric Mazier veut \u00ab reprendre Rouen en main \u00bb<\/strong><\/a><br \/>Candidat pour le parti Reconqu\u00eate aux municipales 2026 \u00e0 Rouen, Fr\u00e9d\u00e9ric Mazier veut \u00ab reprendre en main \u00bb la ville. Son programme tourne autour de la lutte contre l\u2019ins\u00e9curit\u00e9.<\/p>\n<p class=\"expresso-item wall-content\"><a title=\"Lire l&#039;article\" href=\"https:\/\/actu.fr\/normandie\/rouen_76540\/municipales-2026-a-rouen-gregoire-houdan-candidat-du-rn-veut-mettre-fin-au-regne-des-socialistes_63506912.html\" target=\"_blank\" rel=\"noopener\"><strong>Gr\u00e9goire Houdan, candidat du RN, veut \u00ab mettre fin au r\u00e8gne des socialistes \u00bb<\/strong><\/a><br \/>Il sera la t\u00eate de liste du Rassemblement National pour les \u00e9lections municipales de mars 2026 \u00e0 Rouen. Gr\u00e9goire Houdan, 24 ans, veut \u00ab mettre fin au r\u00e8gne des socialistes \u00bb.<\/p>\n<p class=\"expresso-item wall-content\"><a title=\"Lire l&#039;article\" href=\"https:\/\/actu.fr\/normandie\/rouen_76540\/marine-caron-candidate-aux-municipales-2026-a-rouen-nous-allons-creer-la-plus-belle-des-surprises_63214752.html\" target=\"_blank\" rel=\"noopener\"><strong>Marine Caron candidate aux municipales 2026 : \u00ab\u00a0Nous allons cr\u00e9er la plus belle des surprises\u00a0\u00bb<\/strong><\/a><br \/>Marine Caron (Horizons) a officiellement d\u00e9clar\u00e9 sa candidature aux \u00e9lections municipales \u00e0 Rouen (Seine-Maritime) jeudi 25 septembre 2025, dans son nouveau local de campagne.<\/p>\n<p class=\"expresso-item wall-content\"><a title=\"Lire l&#039;article\" href=\"https:\/\/actu.fr\/normandie\/rouen_76540\/avec-ou-sans-le-ps-l-ecologiste-jean-michel-beregovoy-se-prepare-aux-municipales-2026-a-rouen_63188757.html\" target=\"_blank\" rel=\"noopener\"><strong>Avec ou sans le PS, l\u2019\u00e9cologiste Jean-Michel B\u00e9r\u00e9govoy se pr\u00e9pare aux municipales<\/strong><\/a><br \/>Sur fond de d\u00e9saccords avec le PS, les \u00e9cologistes de Rouen, avec Jean-Michel B\u00e9r\u00e9govoy en t\u00eate, pr\u00e9parent une liste pour les \u00e9lections municipales 2026. Pr\u00e9cisions.<\/p>\n<p class=\" wall-content\"><strong>avec Fabien Massin et Rachel Quenot<\/strong><\/p>\n<p>Suivez l\u2019actualit\u00e9 de Rouen <a href=\"https:\/\/www.whatsapp.com\/channel\/0029VaKfnf99hXF2ddApFB1D\" target=\"_blank\" rel=\"noopener\">sur notre cha\u00eene WhatsApp<\/a> et <a href=\"https:\/\/www.tiktok.com\/@76actu.fr?lang=fr\" target=\"_blank\" rel=\"noopener\">sur notre compte TikTok<\/a><\/p>\n<p class=\" wall-content\">Personnalisez votre actualit\u00e9 en ajoutant vos villes et m\u00e9dias en favori avec <a href=\"https:\/\/moncompte.actu.fr\" title=\"D\u00e9couvez Mon Actu\" rel=\"nofollow noopener\" data-trk=\"{&quot;cta&quot;:{&quot;action&quot;:&quot;https:\\\/\\\/moncompte.actu.fr&quot;,&quot;category&quot;:&quot;mon compte&quot;,&quot;from&quot;:&quot;article footer&quot;,&quot;name&quot;:&quot;Mon actu&quot;,&quot;type&quot;:&quot;cta&quot;}}\" target=\"_blank\">Mon Actu<\/a>.<\/p>\n<p>                    <script async src=\"\/\/www.tiktok.com\/embed.js\"><\/script><\/p>\n","protected":false},"excerpt":{"rendered":"Par Julien Bouteiller Publi\u00e9 le 7 janv. 2026 \u00e0 12h08 ; mis \u00e0 jour le 7 janv. 2026&hellip;\n","protected":false},"author":2,"featured_media":647134,"comment_status":"","ping_status":"","sticky":false,"template":"","format":"standard","meta":{"footnotes":""},"categories":[9587],"tags":[1111,11,4188,1777,674,1011,27,3434,12,13268,5161,4484,316,25,9590],"class_list":{"0":"post-647133","1":"post","2":"type-post","3":"status-publish","4":"format-standard","5":"has-post-thumbnail","7":"category-rouen","8":"tag-actu","9":"tag-actualites","10":"tag-elections-municipales","11":"tag-eu","12":"tag-europe","13":"tag-fr","14":"tag-france","15":"tag-municipales-2026","16":"tag-news","17":"tag-nicolas-mayer-rossignol","18":"tag-normandie","19":"tag-parti-socialiste-ps","20":"tag-politique","21":"tag-republique-francaise","22":"tag-rouen"},"share_on_mastodon":{"url":"https:\/\/pubeurope.com\/@fr\/115854001104550318","error":""},"_links":{"self":[{"href":"https:\/\/www.europesays.com\/fr\/wp-json\/wp\/v2\/posts\/647133","targetHints":{"allow":["GET"]}}],"collection":[{"href":"https:\/\/www.europesays.com\/fr\/wp-json\/wp\/v2\/posts"}],"about":[{"href":"https:\/\/www.europesays.com\/fr\/wp-json\/wp\/v2\/types\/post"}],"author":[{"embeddable":true,"href":"https:\/\/www.europesays.com\/fr\/wp-json\/wp\/v2\/users\/2"}],"replies":[{"embeddable":true,"href":"https:\/\/www.europesays.com\/fr\/wp-json\/wp\/v2\/comments?post=647133"}],"version-history":[{"count":0,"href":"https:\/\/www.europesays.com\/fr\/wp-json\/wp\/v2\/posts\/647133\/revisions"}],"wp:featuredmedia":[{"embeddable":true,"href":"https:\/\/www.europesays.com\/fr\/wp-json\/wp\/v2\/media\/647134"}],"wp:attachment":[{"href":"https:\/\/www.europesays.com\/fr\/wp-json\/wp\/v2\/media?parent=647133"}],"wp:term":[{"taxonomy":"category","embeddable":true,"href":"https:\/\/www.europesays.com\/fr\/wp-json\/wp\/v2\/categories?post=647133"},{"taxonomy":"post_tag","embeddable":true,"href":"https:\/\/www.europesays.com\/fr\/wp-json\/wp\/v2\/tags?post=647133"}],"curies":[{"name":"wp","href":"https:\/\/api.w.org\/{rel}","templated":true}]}}