{"id":647137,"date":"2026-01-07T13:16:14","date_gmt":"2026-01-07T13:16:14","guid":{"rendered":"https:\/\/www.europesays.com\/fr\/647137\/"},"modified":"2026-01-07T13:16:14","modified_gmt":"2026-01-07T13:16:14","slug":"le-procureur-de-la-republique-de-grenoble-confirme-le-renvoi-de-deux-dirigeants-de-la-carriere-devant-la-justice","status":"publish","type":"post","link":"https:\/\/www.europesays.com\/fr\/647137\/","title":{"rendered":"le procureur de la R\u00e9publique de Grenoble confirme le renvoi de\u00a0deux dirigeants de la carri\u00e8re devant la justice"},"content":{"rendered":"<p class=\"insetTitle\">La chronologie des faits apr\u00e8s l\u2019\u00e9boulement<\/p>\n<p>            26\u00a0juillet 2024<\/p>\n<p>Une p\u00e9tition demandant \u00e0 Area (filiale du groupe Eiffage, propri\u00e9taire de la carri\u00e8re) la gratuit\u00e9 de l\u2019A49 entre Tullins et Vinay est lanc\u00e9e sur les r\u00e9seaux sociaux.<\/p>\n<p>Ao\u00fbt\u00a02024<\/p>\n<p>Le 2\u00a0ao\u00fbt, la pr\u00e9fecture de l\u2019Is\u00e8re \u00e9met un arr\u00eat\u00e9 pr\u00e9cisant \u00e0 l\u2019exploitant de la carri\u00e8re son obligation de faire r\u00e9aliser par un bureau d\u2019\u00e9tudes externe sp\u00e9cialis\u00e9 deux \u00e9tudes g\u00e9otechniques.<br \/>Le Syndicat mixte des bassins hydrauliques de l\u2019Is\u00e8re (Symbhi) creuse en urgence un nouveau lit pour le Versoud, affluent de l\u2019Is\u00e8re submerg\u00e9 par l\u2019\u00e9boulement.<\/p>\n<p>Septembre\u00a02024<\/p>\n<p>Le 3\u00a0septembre, Area accorde une remise de 50\u00a0% pour les trajets entre Tullins et Vinay.<br \/>Le collectif La Montagne gronde organise le 23 sa premi\u00e8re action publique\u200a: un tractage pour r\u00e9clamer la gratuit\u00e9 de l\u2019A49 entre Vinay et Tullins. Les \u00e9tudes sur la reconstruction de la route sont en cours, annonce le D\u00e9partement, qui privil\u00e9gie d\u00e9j\u00e0 un nouveau trac\u00e9 et non un d\u00e9blaiement.<\/p>\n<p>D\u00e9cembre\u00a02024<\/p>\n<p>Le 2\u00a0d\u00e9cembre, Area consent \u00e0 une extension de son dispositif de soutien aux automobilistes qui circulent entre Saint-Marcellin et Tullins.<\/p>\n<p>Le 21\u00a0d\u00e9cembre, un arr\u00eat\u00e9 est publi\u00e9 au Journal officiel. La Rivi\u00e8re et Saint-Gervais, qui avaient demand\u00e9 leur placement en \u00e9tat de catastrophe naturelle, sont d\u00e9bout\u00e9es\u200a: \u201cDes facteurs anthropiques sont pr\u00e9dominants dans le d\u00e9clenchement du mouvement de terrain\u200a: terrassements li\u00e9s \u00e0 l\u2019exploitation d\u2019une carri\u00e8re\u201d.<\/p>\n<p>30\u00a0janvier 2025<\/p>\n<p>La d\u00e9sormais association La Montagne gronde rend publics des rapports d\u2019expertise du service de l\u2019\u00c9tat Restauration des terrains en montagne (RTM)\u200a: la veille de l\u2019\u00e9boulement, un ph\u00e9nom\u00e8ne de glissement de terrain et de chutes de blocs est remarqu\u00e9, provoquant la fermeture de la voie d\u2019acc\u00e8s \u00e0 la chapelle au sommet du mont d\u2019Artets, mais pas \u00e0 la RD 1532.<\/p>\n<p>31\u00a0mars\u00a02025<\/p>\n<p>Un \u00e9boulement d\u2019ampleur entra\u00eene 150\u200a000 tonnes de roches vers le sol.<\/p>\n<p>Avril\u00a02025<\/p>\n<p>Le 15\u00a0avril, la communaut\u00e9 de communes Saint-Marcellin Vercors Is\u00e8re adopte une motion pour r\u00e9clamer la gratuit\u00e9 de l\u2019autoroute entre Voreppe et Saint-Marcellin.<\/p>\n<p>Le 18\u00a0avril, un arr\u00eat\u00e9 de mise en demeure est adress\u00e9 par la pr\u00e9fecture de l\u2019Is\u00e8re \u00e0 l\u2019exploitant \u201cpour le non-respect du d\u00e9lai de remise des \u00e9tudes prescrites par l\u2019arr\u00eat\u00e9 du 2\u00a0ao\u00fbt 2024\u201d.<\/p>\n<p>25\u00a0juillet 2025<\/p>\n<p>La Montagne gronde annonce vouloir d\u00e9poser plainte pour \u201cmise en danger de la vie d\u2019autrui\u201d. Douze \u00e9lus adressent \u00e0 la pr\u00e9f\u00e8te de l\u2019Is\u00e8re et au directeur g\u00e9n\u00e9ral d\u2019APRR-Area une tribune demandant \u201cla gratuit\u00e9 de l\u2019autoroute A49, a minima entre Vinay et Tullins, et l\u2019indemnisation des riverains concern\u00e9s par les perturbations li\u00e9es \u00e0 la fermeture de la route D1532\u201d.<\/p>\n<p>Septembre\u00a02025<\/p>\n<p>Le 9, le D\u00e9partement d\u00e9pose plainte contre X pour \u201cdestruction, d\u00e9gradation, d\u00e9t\u00e9rioration d\u2019un bien appartenant \u00e0 autrui\u201d. Son existence est r\u00e9v\u00e9l\u00e9e le 26\u00a0septembre par le groupe d\u2019opposition Is\u00e8re \u00c9cologie et Solidarit\u00e9s.<\/p>\n<p>28\u00a0novembre 2025<\/p>\n<p>France nature environnement (FNE) Is\u00e8re informe avoir d\u00e9pos\u00e9 plainte contre la soci\u00e9t\u00e9 Carri\u00e8re de La Rivi\u00e8re pour le \u201cnon-respect d\u2019un arr\u00eat\u00e9 pris par l\u2019\u00c9tat en 2023\u201d.<\/p>\n<p>D\u00e9cembre\u00a02025<\/p>\n<p>Saint-Marcellin Vercors Is\u00e8re annonce vouloir d\u00e9poser plainte contre X au c\u00f4t\u00e9 des communes de La Rivi\u00e8re et Saint-Gervais pour \u00ab\u200afaire la lumi\u00e8re\u200a\u00bb sur les causes de l\u2019\u00e9v\u00e9nement.<br \/>Des micro-minages de la montagne sont r\u00e9alis\u00e9s dans le cadre des \u00e9tudes op\u00e9rationnelles lanc\u00e9es par le D\u00e9partement pour d\u00e9finir le nouveau trac\u00e9 de la RD 1\u200a532.<\/p>\n<p><a href=\"https:\/\/www.ledauphine.com\/faits-divers-justice\/2025\/07\/25\/25-juillet-2024-un-enorme-grondement-et-tout-un-pan-montagne-s-effondra-que-s-est-il-passe-depuis\" target=\"_blank\" rel=\"noopener\">Cliquez ici pour la chronologie compl\u00e8te et en d\u00e9tails<\/a>.<\/p>\n","protected":false},"excerpt":{"rendered":"La chronologie des faits apr\u00e8s l\u2019\u00e9boulement 26\u00a0juillet 2024 Une p\u00e9tition demandant \u00e0 Area (filiale du groupe Eiffage, propri\u00e9taire&hellip;\n","protected":false},"author":2,"featured_media":647138,"comment_status":"","ping_status":"","sticky":false,"template":"","format":"standard","meta":{"footnotes":""},"categories":[9566],"tags":[1111,11,2430,9323,3542,271,272,33,114,436,1777,674,274,107,1011,27,2731,108,75248,12,25,106,51311],"class_list":{"0":"post-647137","1":"post","2":"type-post","3":"status-publish","4":"format-standard","5":"has-post-thumbnail","7":"category-grenoble","8":"tag-actu","9":"tag-actualites","10":"tag-auvergne-rhone-alpes","11":"tag-catastrophes","12":"tag-circulation","13":"tag-crime","14":"tag-delit-et-contravention","15":"tag-economie","16":"tag-edition-voiron-saint-marcellin","17":"tag-environnement","18":"tag-eu","19":"tag-europe","20":"tag-faits-divers-justice","21":"tag-fil-info","22":"tag-fr","23":"tag-france","24":"tag-grenoble","25":"tag-isere","26":"tag-la-riviere","27":"tag-news","28":"tag-republique-francaise","29":"tag-selection-de-la-redaction-38","30":"tag-tullins-et-autour"},"share_on_mastodon":{"url":"https:\/\/pubeurope.com\/@fr\/115854008871048177","error":""},"_links":{"self":[{"href":"https:\/\/www.europesays.com\/fr\/wp-json\/wp\/v2\/posts\/647137","targetHints":{"allow":["GET"]}}],"collection":[{"href":"https:\/\/www.europesays.com\/fr\/wp-json\/wp\/v2\/posts"}],"about":[{"href":"https:\/\/www.europesays.com\/fr\/wp-json\/wp\/v2\/types\/post"}],"author":[{"embeddable":true,"href":"https:\/\/www.europesays.com\/fr\/wp-json\/wp\/v2\/users\/2"}],"replies":[{"embeddable":true,"href":"https:\/\/www.europesays.com\/fr\/wp-json\/wp\/v2\/comments?post=647137"}],"version-history":[{"count":0,"href":"https:\/\/www.europesays.com\/fr\/wp-json\/wp\/v2\/posts\/647137\/revisions"}],"wp:featuredmedia":[{"embeddable":true,"href":"https:\/\/www.europesays.com\/fr\/wp-json\/wp\/v2\/media\/647138"}],"wp:attachment":[{"href":"https:\/\/www.europesays.com\/fr\/wp-json\/wp\/v2\/media?parent=647137"}],"wp:term":[{"taxonomy":"category","embeddable":true,"href":"https:\/\/www.europesays.com\/fr\/wp-json\/wp\/v2\/categories?post=647137"},{"taxonomy":"post_tag","embeddable":true,"href":"https:\/\/www.europesays.com\/fr\/wp-json\/wp\/v2\/tags?post=647137"}],"curies":[{"name":"wp","href":"https:\/\/api.w.org\/{rel}","templated":true}]}}