{"id":647139,"date":"2026-01-07T13:17:12","date_gmt":"2026-01-07T13:17:12","guid":{"rendered":"https:\/\/www.europesays.com\/fr\/647139\/"},"modified":"2026-01-07T13:17:12","modified_gmt":"2026-01-07T13:17:12","slug":"une-operation-escargot-vers-grenoble-prevue-en-debut-dapres-midi","status":"publish","type":"post","link":"https:\/\/www.europesays.com\/fr\/647139\/","title":{"rendered":"une op\u00e9ration escargot vers Grenoble pr\u00e9vue en d\u00e9but d&rsquo;apr\u00e8s-midi"},"content":{"rendered":"<p>La mobilisation agricole se poursuivra dans les jours \u00e0 venir. Apr\u00e8s un premier rassemblement le 17 d\u00e9cembre, les agriculteurs de la Conf\u00e9d\u00e9ration paysanne ont annonc\u00e9 leur retour \u00e0 Voreppe ce mercredi 7 janvier. Un barrage filtrant sera mis en place \u00e0 partir de 9 h 30, au rond-point situ\u00e9 entre l\u2019avenue du Juin-1940, la route de Lyon et la route de Voiron. Il sera lev\u00e9 dans l\u2019apr\u00e8s-midi et les manifestants prendront la direction de Grenoble dans le cadre d\u2019une op\u00e9ration escargot.<\/p>\n<p>Dans le m\u00eame temps, les agriculteurs de l\u2019Ain pr\u00e9voient une action d\u2019envergure sur leur territoire, \u00e0 laquelle participeront des paysans is\u00e9rois. Un premier point de rassemblement est annonc\u00e9 \u00e0 Lagnieu, avant un d\u00e9part vers Amb\u00e9rieu-en-Bugey aux alentours de 9 heures, o\u00f9 \u00ab quelques surprises \u00bb devraient \u00eatre d\u00e9pos\u00e9es devant \u00ab certaines enseignes \u00bb. Le cort\u00e8ge poursuivra ensuite sa route vers Bourg-en-Bresse.<\/p>\n<p>Enfin, un nouveau temps fort serait pr\u00e9vu vendredi \u00e0 Lyon. Dans la capitale des Gaules, les agriculteurs esp\u00e8rent \u00e9largir encore le mouvement et maintenir la pression sur les pouvoirs publics.<\/p>\n","protected":false},"excerpt":{"rendered":"La mobilisation agricole se poursuivra dans les jours \u00e0 venir. Apr\u00e8s un premier rassemblement le 17 d\u00e9cembre, les&hellip;\n","protected":false},"author":2,"featured_media":647140,"comment_status":"","ping_status":"","sticky":false,"template":"","format":"standard","meta":{"footnotes":""},"categories":[9566],"tags":[1111,11,327,2430,9671,33,112,113,114,1777,674,107,1011,27,2731,108,12,25,7387,801,19641],"class_list":{"0":"post-647139","1":"post","2":"type-post","3":"status-publish","4":"format-standard","5":"has-post-thumbnail","7":"category-grenoble","8":"tag-actu","9":"tag-actualites","10":"tag-agriculture","11":"tag-auvergne-rhone-alpes","12":"tag-conflit-social","13":"tag-economie","14":"tag-edition-grenoble-agglomeration","15":"tag-edition-gresivaudan-oisans","16":"tag-edition-voiron-saint-marcellin","17":"tag-eu","18":"tag-europe","19":"tag-fil-info","20":"tag-fr","21":"tag-france","22":"tag-grenoble","23":"tag-isere","24":"tag-news","25":"tag-republique-francaise","26":"tag-saint-marcellin","27":"tag-social","28":"tag-voreppe"},"share_on_mastodon":{"url":"https:\/\/pubeurope.com\/@fr\/115854012883620024","error":""},"_links":{"self":[{"href":"https:\/\/www.europesays.com\/fr\/wp-json\/wp\/v2\/posts\/647139","targetHints":{"allow":["GET"]}}],"collection":[{"href":"https:\/\/www.europesays.com\/fr\/wp-json\/wp\/v2\/posts"}],"about":[{"href":"https:\/\/www.europesays.com\/fr\/wp-json\/wp\/v2\/types\/post"}],"author":[{"embeddable":true,"href":"https:\/\/www.europesays.com\/fr\/wp-json\/wp\/v2\/users\/2"}],"replies":[{"embeddable":true,"href":"https:\/\/www.europesays.com\/fr\/wp-json\/wp\/v2\/comments?post=647139"}],"version-history":[{"count":0,"href":"https:\/\/www.europesays.com\/fr\/wp-json\/wp\/v2\/posts\/647139\/revisions"}],"wp:featuredmedia":[{"embeddable":true,"href":"https:\/\/www.europesays.com\/fr\/wp-json\/wp\/v2\/media\/647140"}],"wp:attachment":[{"href":"https:\/\/www.europesays.com\/fr\/wp-json\/wp\/v2\/media?parent=647139"}],"wp:term":[{"taxonomy":"category","embeddable":true,"href":"https:\/\/www.europesays.com\/fr\/wp-json\/wp\/v2\/categories?post=647139"},{"taxonomy":"post_tag","embeddable":true,"href":"https:\/\/www.europesays.com\/fr\/wp-json\/wp\/v2\/tags?post=647139"}],"curies":[{"name":"wp","href":"https:\/\/api.w.org\/{rel}","templated":true}]}}