{"id":647141,"date":"2026-01-07T13:18:10","date_gmt":"2026-01-07T13:18:10","guid":{"rendered":"https:\/\/www.europesays.com\/fr\/647141\/"},"modified":"2026-01-07T13:18:10","modified_gmt":"2026-01-07T13:18:10","slug":"le-groupe-kermarrec-acquiert-la-branche-syndic-de-proximite-de-lefeuvre-immobilier","status":"publish","type":"post","link":"https:\/\/www.europesays.com\/fr\/647141\/","title":{"rendered":"Le Groupe Kermarrec acquiert la branche syndic de proximit\u00e9 de Lefeuvre Immobilier"},"content":{"rendered":"<p>  Le Groupe immobilier Kermarrec, implant\u00e9 en Bretagne et en Loire-Atlantique depuis 1985, franchit une nouvelle \u00e9tape dans son d\u00e9veloppement avec l\u2019acquisition de la branche syndic de proximit\u00e9 de Lefeuvre Immobilier. La nouvelle entit\u00e9 se d\u00e9nomme Kermarrec Syndic et regroupe une quarantaine de collaborateurs.<\/p>\n<p>Apr\u00e8s une premi\u00e8re collaboration r\u00e9ussie en 2024 sur l\u2019activit\u00e9 transaction, <a href=\"https:\/\/www.bretagne-economique.com\/actualites\/immobilier-groupe-kermarrec-poursuit-son-expansion-en-region\/\" target=\"_blank\" rel=\"noopener\">le groupe Kermarrec<\/a> et Lefeuvre immobilier poursuivent leur rapprochement. <strong>La nouvelle entit\u00e9 Kermarrec Syndic, enti\u00e8rement d\u00e9di\u00e9e \u00e0 la gestion de copropri\u00e9t\u00e9s, regroupera quarante collaborateurs, un cabinet \u00e0 Rennes actuellement connu sous le nom Efficience, ainsi qu\u2019un en Loire-Atlantique, issu du r\u00e9seau Lefeuvre Immobilier<\/strong>. \u00ab Pour les copropri\u00e9taires, cette transition se d\u00e9roulera en toute transparence et sans interruption. Les \u00e9quipes actuelles restent en poste et conservent leur r\u00f4le d\u2019interlocuteurs privil\u00e9gi\u00e9s. Les contrats de syndic sont int\u00e9gralement maintenus \u00bb, pr\u00e9cise les responsables dans un communiqu\u00e9 de presse. Au total, Kermarrec Syndic assurera la gestion <strong>d\u2019un portefeuille d\u2019environ 14 000 lots de copropri\u00e9t\u00e9s<\/strong>, en s\u2019appuyant sur des \u00e9quipes locales exp\u00e9riment\u00e9es et une organisation solide et r\u00e9active.<\/p>\n<p>Ancrage r\u00e9gional renforc\u00e9<\/p>\n<p>\u00ab\u00a0Avec l\u2019int\u00e9gration de Kermarrec Syndic, nous franchissons une nouvelle \u00e9tape dans notre histoire, indique Herv\u00e9 Kermarrec, pr\u00e9sident du groupe familial \u00e9ponyme.\u00a0 Nous enrichissons notre offre pour r\u00e9pondre \u00e0 l\u2019ensemble des besoins immobiliers de nos clients, tout en restant fid\u00e8les \u00e0 notre mod\u00e8le familial, local et ind\u00e9pendant. C<strong>ette acquisition nous permet de consolider notre ancrage r\u00e9gional<\/strong> et de confirmer notre position de leader du march\u00e9 breton et lig\u00e9rien sur l\u2019ensemble des m\u00e9tiers de l\u2019immobilier\u00a0\u00bb. Fort d\u2019un chiffre d\u2019affaires de<strong> 55 millions d\u2019euros en 2024, le groupe s\u2019appuie sur plus de 180 collaborateurs<\/strong> \u00e0 travers la Bretagne historique, dont plus de 60 en Loire-Atlantique.<\/p>\n","protected":false},"excerpt":{"rendered":"Le Groupe immobilier Kermarrec, implant\u00e9 en Bretagne et en Loire-Atlantique depuis 1985, franchit une nouvelle \u00e9tape dans son&hellip;\n","protected":false},"author":2,"featured_media":647142,"comment_status":"","ping_status":"","sticky":false,"template":"","format":"standard","meta":{"footnotes":""},"categories":[2821],"tags":[1111,11,829,1777,674,1011,27,12,584,25],"class_list":{"0":"post-647141","1":"post","2":"type-post","3":"status-publish","4":"format-standard","5":"has-post-thumbnail","7":"category-rennes","8":"tag-actu","9":"tag-actualites","10":"tag-bretagne","11":"tag-eu","12":"tag-europe","13":"tag-fr","14":"tag-france","15":"tag-news","16":"tag-rennes","17":"tag-republique-francaise"},"share_on_mastodon":{"url":"https:\/\/pubeurope.com\/@fr\/115854016856696700","error":""},"_links":{"self":[{"href":"https:\/\/www.europesays.com\/fr\/wp-json\/wp\/v2\/posts\/647141","targetHints":{"allow":["GET"]}}],"collection":[{"href":"https:\/\/www.europesays.com\/fr\/wp-json\/wp\/v2\/posts"}],"about":[{"href":"https:\/\/www.europesays.com\/fr\/wp-json\/wp\/v2\/types\/post"}],"author":[{"embeddable":true,"href":"https:\/\/www.europesays.com\/fr\/wp-json\/wp\/v2\/users\/2"}],"replies":[{"embeddable":true,"href":"https:\/\/www.europesays.com\/fr\/wp-json\/wp\/v2\/comments?post=647141"}],"version-history":[{"count":0,"href":"https:\/\/www.europesays.com\/fr\/wp-json\/wp\/v2\/posts\/647141\/revisions"}],"wp:featuredmedia":[{"embeddable":true,"href":"https:\/\/www.europesays.com\/fr\/wp-json\/wp\/v2\/media\/647142"}],"wp:attachment":[{"href":"https:\/\/www.europesays.com\/fr\/wp-json\/wp\/v2\/media?parent=647141"}],"wp:term":[{"taxonomy":"category","embeddable":true,"href":"https:\/\/www.europesays.com\/fr\/wp-json\/wp\/v2\/categories?post=647141"},{"taxonomy":"post_tag","embeddable":true,"href":"https:\/\/www.europesays.com\/fr\/wp-json\/wp\/v2\/tags?post=647141"}],"curies":[{"name":"wp","href":"https:\/\/api.w.org\/{rel}","templated":true}]}}