{"id":647143,"date":"2026-01-07T13:19:10","date_gmt":"2026-01-07T13:19:10","guid":{"rendered":"https:\/\/www.europesays.com\/fr\/647143\/"},"modified":"2026-01-07T13:19:10","modified_gmt":"2026-01-07T13:19:10","slug":"greve-des-medecins-grippe-neige-le-chu-de-rennes-sous-tension-declenche-une-mesure-exceptionnelle","status":"publish","type":"post","link":"https:\/\/www.europesays.com\/fr\/647143\/","title":{"rendered":"Gr\u00e8ve des m\u00e9decins, grippe, neige&#8230; Le CHU de Rennes sous tension d\u00e9clenche une mesure exceptionnelle"},"content":{"rendered":"<p>                    Par<br \/>\n        <strong><br \/>\n            <a href=\"https:\/\/actu.fr\/auteur\/clemence-pays02-actu-fr\" title=\"Consulter tous les articles de Cl\u00e9mence Pays\" target=\"_blank\" rel=\"noopener\">Cl\u00e9mence Pays<\/a><br \/>\n                    <\/strong><\/p>\n<p>        Publi\u00e9 le<\/p>\n<p>            7 janv. 2026 \u00e0 12h58        <\/p>\n<p>Le <a href=\"https:\/\/actu.fr\/tag\/chu-de-rennes\" target=\"_blank\" rel=\"noopener\">CHU de Rennes<\/a> fait face \u00e0 <strong>\u00ab\u2009une situation de tr\u00e8s forte tension\u2009\u00bb<\/strong> en ce mois de janvier\u00a02026. Le Samu \u2013 Centre 15\/SAS 35 et le service d\u2019accueil des urgences adultes\u00a0sont affect\u00e9s, annonce la direction de l\u2019h\u00f4pital rennais.<\/p>\n<p class=\" wall-content\">\u00ab\u2009En cons\u00e9quence, le CHU de Rennes a d\u00e9cid\u00e9 de d\u00e9clencher [mardi 6\u00a0janvier 2026, N.D.L.R.] son <strong>plan blanc<\/strong> afin d\u2019adapter son organisation \u00e0 la situation.\u2009\u00bb<\/p>\n<p>Un pic \u00e9pid\u00e9mique coupl\u00e9 \u00e0 la gr\u00e8ve<\/p>\n<p class=\" wall-content\">La direction du CHU explique cette situation par \u00ab\u2009la conjonction de <strong>plusieurs facteurs<\/strong> majeurs\u2009\u00bb.<\/p>\n<p class=\" wall-content\">\u00c0 savoir le mouvement de <a href=\"https:\/\/actu.fr\/societe\/greve-des-medecins-cabinets-fermes-operations-reportees-ce-qui-attend-les-patients-pendant-10-jours_63649446.html\" target=\"_blank\" rel=\"noopener\">gr\u00e8ve des m\u00e9decins lib\u00e9raux<\/a> (dont certains participent habituellement \u00e0 la r\u00e9gulation m\u00e9dicale au sein du SAS \u2013 Centre 15), <a href=\"https:\/\/actu.fr\/bretagne\/rennes_35238\/l-epidemie-de-grippe-fremit-en-bretagne-pourquoi-il-faut-prendre-le-virus-au-serieux_63492790.html\" target=\"_blank\" rel=\"noopener\">un pic \u00e9pid\u00e9mique hivernal<\/a> \u00ab\u2009important\u2009\u00bb (grippe et infections respiratoires) et <a href=\"https:\/\/actu.fr\/bretagne\/rennes_35238\/verglas-sur-les-routes-de-rennes-et-d-ille-et-vilaine-suivez-les-conditions-de-circulation-en-temps-reel_63654808.html\" target=\"_blank\" rel=\"noopener\">les conditions m\u00e9t\u00e9orologiques<\/a> actuelles qui entra\u00eenent \u00ab\u2009une <strong>augmentation des accidents<\/strong> et des difficult\u00e9s de d\u00e9placement\u2009\u00bb.<\/p>\n<p class=\" wall-content\">Cons\u00e9quence de ces \u00e9v\u00e9nements\u2009: \u00ab\u2009le <strong>nombre d\u2019appels au Centre 15 a fortement augment\u00e9<\/strong> ces derniers jours et les temps de d\u00e9croch\u00e9 et de rappel sont allong\u00e9s\u2009\u00bb.<\/p>\n<p class=\" wall-content\">D\u2019autre part, \u00ab\u2009le service d\u2019accueil des <strong>urgences<\/strong> enregistre une<strong> activit\u00e9 extr\u00eamement importante<\/strong> sous le double effet du pic \u00e9pid\u00e9mique \u00e0 son plus haut niveau actuellement\u2009\u00bb et de \u00ab\u2009l\u2019augmentation du nombre de passages spontan\u00e9s\u2009\u00bb en raison de la gr\u00e8ve des m\u00e9decins lib\u00e9raux.<\/p>\n<p>Votre r\u00e9gion, votre actu !<\/p>\n<p>Recevez chaque jour les infos qui comptent pour vous.<\/p>\n<p>\t<a href=\"https:\/\/actu.fr\/newsletter\" class=\"ac-btn ac-btn--corner ac-btn--medium ac-btn--blue800\" target=\"_blank\" rel=\"noopener\">S&rsquo;incrire<\/a><br \/>\nC\u2019est quoi le plan blanc\u2009?<\/p>\n<p class=\" wall-content\">Le plan blanc est une mesure qui permet de <strong>renforcer la mobilisation des \u00e9quipes<\/strong> et de <strong>solliciter le soutien de tous les \u00e9tablissements de sant\u00e9<\/strong> du territoire, publics et priv\u00e9s, demand\u00e9s pour participer \u00e0 la prise en charge des hospitalisations non programm\u00e9es des patients admis aux urgences du CHU.<\/p>\n<blockquote class=\"ac-article-quote wall-content\">\n<p>La prise en charge des urgences vitales reste garantie, qu\u2019il s\u2019agisse de patients pris en charge<br \/>\npar le SMUR, les pompiers ou les ambulances. L\u2019accueil des patientes enceintes dans les<br \/>\nmaternit\u00e9s est assur\u00e9 24h\/24 et 7j\/7.<\/p>\n<p>    <strong>CHU de Rennes<\/strong>\n            <\/p><\/blockquote>\n<p class=\" wall-content\">Le plan blanc est \u00e9galement l\u2019occasion de \u00ab\u2009rappeler aux usagers les consignes et priorit\u00e9s de prise en charge, afin d\u2019assurer la continuit\u00e9 et la s\u00e9curit\u00e9 des soins pour tous les patients\u2009\u00bb.<\/p>\n<p>\u00ab\u2009Une utilisation raisonnable des services d\u2019urgence\u2009\u00bb<\/p>\n<p class=\" wall-content\">Malgr\u00e9 cette p\u00e9riode de forte tension, \u00ab\u2009la r\u00e9gulation m\u00e9dicale du Samu et la prise en charge des urgences vitales sont <strong>assur\u00e9es 24h\/24<\/strong>\u2009\u00bb, souligne le CHU.<strong> La \u00ab\u2009priorit\u00e9 absolue\u2009\u00bb est donn\u00e9e \u00ab\u2009aux situations mettant en jeu le pronostic vital\u2009\u00bb.<\/strong><\/p>\n<blockquote class=\"ac-article-quote wall-content\">\n<p>Le 15 doit \u00eatre r\u00e9serv\u00e9 aux urgences (d\u00e9tresse respiratoire, douleur thoracique, malaise grave<br \/>\nou perte de connaissance, traumatisme s\u00e9v\u00e8re\u2026) et \u00e0 toute situation engageant le pronostic<br \/>\nvital notamment.<\/p>\n<p>    <strong>CHU de Rennes<\/strong>\n            <\/p><\/blockquote>\n<p class=\" wall-content\">Pour rappel, <strong>en cas de situations non urgentes,<\/strong> il est recommand\u00e9 de\u2009:<\/p>\n<ul class=\" wall-content\">\n<li>contacter prioritairement son m\u00e9decin traitant\u2009;<\/li>\n<li>solliciter son pharmacien\u2009;<\/li>\n<li>recourir aux dispositifs de soins non programm\u00e9s disponibles localement.<\/li>\n<\/ul>\n<p class=\" wall-content\">Personnalisez votre actualit\u00e9 en ajoutant vos villes et m\u00e9dias en favori avec <a href=\"https:\/\/moncompte.actu.fr\" title=\"D\u00e9couvez Mon Actu\" rel=\"nofollow noopener\" data-trk=\"{&quot;cta&quot;:{&quot;action&quot;:&quot;https:\\\/\\\/moncompte.actu.fr&quot;,&quot;category&quot;:&quot;mon compte&quot;,&quot;from&quot;:&quot;article footer&quot;,&quot;name&quot;:&quot;Mon actu&quot;,&quot;type&quot;:&quot;cta&quot;}}\" target=\"_blank\">Mon Actu<\/a>.<\/p>\n","protected":false},"excerpt":{"rendered":"Par Cl\u00e9mence Pays Publi\u00e9 le 7 janv. 2026 \u00e0 12h58 Le CHU de Rennes fait face \u00e0 \u00ab\u2009une&hellip;\n","protected":false},"author":2,"featured_media":647144,"comment_status":"","ping_status":"","sticky":false,"template":"","format":"standard","meta":{"footnotes":""},"categories":[2821],"tags":[1111,11,829,1777,674,1011,27,100,10584,12,584,25,71,104],"class_list":{"0":"post-647143","1":"post","2":"type-post","3":"status-publish","4":"format-standard","5":"has-post-thumbnail","7":"category-rennes","8":"tag-actu","9":"tag-actualites","10":"tag-bretagne","11":"tag-eu","12":"tag-europe","13":"tag-fr","14":"tag-france","15":"tag-hopital","16":"tag-neige","17":"tag-news","18":"tag-rennes","19":"tag-republique-francaise","20":"tag-sante","21":"tag-societe"},"share_on_mastodon":{"url":"https:\/\/pubeurope.com\/@fr\/115854020680022387","error":""},"_links":{"self":[{"href":"https:\/\/www.europesays.com\/fr\/wp-json\/wp\/v2\/posts\/647143","targetHints":{"allow":["GET"]}}],"collection":[{"href":"https:\/\/www.europesays.com\/fr\/wp-json\/wp\/v2\/posts"}],"about":[{"href":"https:\/\/www.europesays.com\/fr\/wp-json\/wp\/v2\/types\/post"}],"author":[{"embeddable":true,"href":"https:\/\/www.europesays.com\/fr\/wp-json\/wp\/v2\/users\/2"}],"replies":[{"embeddable":true,"href":"https:\/\/www.europesays.com\/fr\/wp-json\/wp\/v2\/comments?post=647143"}],"version-history":[{"count":0,"href":"https:\/\/www.europesays.com\/fr\/wp-json\/wp\/v2\/posts\/647143\/revisions"}],"wp:featuredmedia":[{"embeddable":true,"href":"https:\/\/www.europesays.com\/fr\/wp-json\/wp\/v2\/media\/647144"}],"wp:attachment":[{"href":"https:\/\/www.europesays.com\/fr\/wp-json\/wp\/v2\/media?parent=647143"}],"wp:term":[{"taxonomy":"category","embeddable":true,"href":"https:\/\/www.europesays.com\/fr\/wp-json\/wp\/v2\/categories?post=647143"},{"taxonomy":"post_tag","embeddable":true,"href":"https:\/\/www.europesays.com\/fr\/wp-json\/wp\/v2\/tags?post=647143"}],"curies":[{"name":"wp","href":"https:\/\/api.w.org\/{rel}","templated":true}]}}