{"id":64715,"date":"2025-04-30T15:51:09","date_gmt":"2025-04-30T15:51:09","guid":{"rendered":"https:\/\/www.europesays.com\/fr\/64715\/"},"modified":"2025-04-30T15:51:09","modified_gmt":"2025-04-30T15:51:09","slug":"bfmtv-recrute-nicolas-poincare-pour-ses-longs-formats-ligne-rouge-actualites","status":"publish","type":"post","link":"https:\/\/www.europesays.com\/fr\/64715\/","title":{"rendered":"BFMTV recrute Nicolas Poincar\u00e9 pour ses longs formats \u00ab\u00a0Ligne rouge\u00a0\u00bb : Actualit\u00e9s"},"content":{"rendered":"<p class=\"lead \">Le journaliste Nicolas Poincar\u00e9, ancien pr\u00e9sentateur de \u00ab\u00a0Compl\u00e9ment d&rsquo;enqu\u00eate\u00a0\u00bb sur France 2, va rejoindre la cha\u00eene info BFMTV pour superviser son service d&rsquo;investigation et de longs formats \u00ab\u00a0Ligne rouge\u00a0\u00bb, a-t-elle annonc\u00e9 mercredi.<\/p>\n<p class=\"lead \">A partir de la rentr\u00e9e, \u00ab\u00a0il incarnera\u00a0\u00bb \u00e0 l&rsquo;antenne \u00ab\u00a0la pr\u00e9sentation des sujets\u00a0\u00bb de Ligne rouge, dont il rejoint la r\u00e9daction en chef, a indiqu\u00e9 BFMTV.<\/p>\n<p class=\"lead \">M. Poincar\u00e9, 63 ans, a une longue carri\u00e8re \u00e0 la radio et \u00e0 la t\u00e9l\u00e9vision. Il a notamment anim\u00e9 le magazine d&rsquo;investigation de France 2, \u00ab\u00a0Compl\u00e9ment d&rsquo;enqu\u00eate\u00a0\u00bb, apr\u00e8s la mort de son cr\u00e9ateur Beno\u00eet Duquesne en 2014 et jusqu&rsquo;\u00e0 2017.<\/p>\n<p class=\"lead \">Son arriv\u00e9e \u00e0 BFMTV est un retour, puisqu&rsquo;il a travaill\u00e9 dans ce groupe comme chroniqueur de 2019 \u00e0 2024, que ce soit sur la cha\u00eene info elle-m\u00eame, sur sa petite soeur BFM Business ou sur la radio RMC.<\/p>\n<p class=\"lead \">A la radio, Nicolas Poincar\u00e9 a \u00e9galement pr\u00e9sent\u00e9 la revue de presse de France Inter \u00e0 la fin des ann\u00e9es 1990 et est pass\u00e9 par franceinfo, RTL et Europe 1.<\/p>\n<p class=\"lead \">BFMTV est d\u00e9tenue depuis juillet 2024 par l&rsquo;armateur CMA CGM, contr\u00f4l\u00e9 par le milliardaire Rodolphe Saad\u00e9. La cha\u00eene est dirig\u00e9e depuis octobre par Fabien Namias (ex-LCI), qui a succ\u00e9d\u00e9 \u00e0 l&#8217;embl\u00e9matique Marc-Olivier Fogiel.<\/p>\n<p class=\"lead \">Face \u00e0 la concurrence de CNews pour la place de premi\u00e8re cha\u00eene info de France, BFMTV compte attirer de nouvelles recrues. Elle a d\u00e9j\u00e0 officialis\u00e9 en mars l&rsquo;arriv\u00e9e prochaine du directeur de l&rsquo;information de France Inter, Marc Fauvelle, pour pr\u00e9senter un rendez-vous d&rsquo;information.<\/p>\n<p class=\"small font-weight-bold text-gray3 \"> publi\u00e9 le 30 avril \u00e0 16h30, AFP<\/p>\n<p>                             Partager<\/p>\n","protected":false},"excerpt":{"rendered":"Le journaliste Nicolas Poincar\u00e9, ancien pr\u00e9sentateur de \u00ab\u00a0Compl\u00e9ment d&rsquo;enqu\u00eate\u00a0\u00bb sur France 2, va rejoindre la cha\u00eene info BFMTV&hellip;\n","protected":false},"author":2,"featured_media":64716,"comment_status":"","ping_status":"","sticky":false,"template":"","format":"standard","meta":{"footnotes":""},"categories":[1356],"tags":[58,59,1011,27,9555,9556,252,1364],"class_list":{"0":"post-64715","1":"post","2":"type-post","3":"status-publish","4":"format-standard","5":"has-post-thumbnail","7":"category-television","8":"tag-divertissement","9":"tag-entertainment","10":"tag-fr","11":"tag-france","12":"tag-mdias","13":"tag-tlvision","14":"tag-television","15":"tag-tv"},"share_on_mastodon":{"url":"https:\/\/pubeurope.com\/@fr\/114427716208717803","error":""},"_links":{"self":[{"href":"https:\/\/www.europesays.com\/fr\/wp-json\/wp\/v2\/posts\/64715","targetHints":{"allow":["GET"]}}],"collection":[{"href":"https:\/\/www.europesays.com\/fr\/wp-json\/wp\/v2\/posts"}],"about":[{"href":"https:\/\/www.europesays.com\/fr\/wp-json\/wp\/v2\/types\/post"}],"author":[{"embeddable":true,"href":"https:\/\/www.europesays.com\/fr\/wp-json\/wp\/v2\/users\/2"}],"replies":[{"embeddable":true,"href":"https:\/\/www.europesays.com\/fr\/wp-json\/wp\/v2\/comments?post=64715"}],"version-history":[{"count":0,"href":"https:\/\/www.europesays.com\/fr\/wp-json\/wp\/v2\/posts\/64715\/revisions"}],"wp:featuredmedia":[{"embeddable":true,"href":"https:\/\/www.europesays.com\/fr\/wp-json\/wp\/v2\/media\/64716"}],"wp:attachment":[{"href":"https:\/\/www.europesays.com\/fr\/wp-json\/wp\/v2\/media?parent=64715"}],"wp:term":[{"taxonomy":"category","embeddable":true,"href":"https:\/\/www.europesays.com\/fr\/wp-json\/wp\/v2\/categories?post=64715"},{"taxonomy":"post_tag","embeddable":true,"href":"https:\/\/www.europesays.com\/fr\/wp-json\/wp\/v2\/tags?post=64715"}],"curies":[{"name":"wp","href":"https:\/\/api.w.org\/{rel}","templated":true}]}}