{"id":647165,"date":"2026-01-07T13:31:14","date_gmt":"2026-01-07T13:31:14","guid":{"rendered":"https:\/\/www.europesays.com\/fr\/647165\/"},"modified":"2026-01-07T13:31:14","modified_gmt":"2026-01-07T13:31:14","slug":"les-chantiers-poussent-a-concorde-actualites","status":"publish","type":"post","link":"https:\/\/www.europesays.com\/fr\/647165\/","title":{"rendered":"Les chantiers poussent \u00e0 Concorde \/ Actualit\u00e9s"},"content":{"rendered":"<p>Travaux du boulevard de Metz, agrandissement de la ferme urbaine, construction d\u2019un premier immeuble et de la cit\u00e9 des \u00e9quipements\u00a0: cet hiver 2025\/2026, de nombreux projets d\u00e9marrent et pr\u00e9figurent le nouveau visage du quartier<\/p>\n<p>            <img loading=\"lazy\" decoding=\"async\" src=\"\/var\/www\/storage\/images\/mediatheque\/mairie-de-lille\/actualites\/images\/2026\/janvier-2026\/concorde-vue-generale\/3917570-1-fre-FR\/Concorde-vue-generale_news_image_top.jpg\" width=\"779\" height=\"518\" alt=\"\"\/><br \/>\n    \tConcorde en chantier<\/p>\n<p>La ferme urbaine, la cr\u00e8che Madeleine Br\u00e8s et le square Concorde achev\u00e9 l\u2019\u00e9t\u00e9 dernier en donnaient un avant-go\u00fbt. Les chantiers se multiplient dans le secteur Concorde \u00e0 pr\u00e9sent que les relogements s\u2019ach\u00e8vent et que les immeubles vides sont d\u00e9construits.<\/p>\n<p>Le plus visible est celui qui a d\u00e9marr\u00e9<strong>\u00a0boulevard de Metz<\/strong> cet automne 2025. La pose de r\u00e9seaux d\u2019assainissement et de chaleur souterrains pr\u00e9c\u00e8de le chantier d\u2019am\u00e9nagement attendu en 2026 et 2027.<strong>\u00a0Objectif, comme dans le reste de la ville : favoriser une circulation apais\u00e9e en laissant plus d\u2019espace aux pi\u00e9tons et aux v\u00e9los<\/strong>.\u00a0C\u2019est aussi sur le boulevard que la future ligne de tramway sera am\u00e9nag\u00e9e d\u2019ici quelques ann\u00e9es.<\/p>\n<p>C\u2019est \u00e9galement boulevard de Metz, \u00e0 l\u2019angle avec l\u2019avenue Beethoven, que sortira le premier immeuble. <strong>Cent soixante-dix logements locatifs sociaux et libres seront construits<\/strong> et les travaux d\u00e9marrent au printemps 2026. <strong>L\u2019espace seniors y sera \u00e9galement install\u00e9<\/strong>. Non loin de l\u00e0, au 26-28 boulevard de Metz vid\u00e9 de ses locataires, la d\u00e9construction de l\u2018immeuble LMH devrait \u00eatre achev\u00e9e \u00e0 la m\u00eame \u00e9poque.<\/p>\n<p>M\u00e9diath\u00e8que, groupe scolaire, p\u00f4le ressource sant\u00e9&#8230;<\/p>\n<p><strong>En 2026 d\u00e9bute aussi le chantier de l\u2019\u00e9quipement mutualis\u00e9, toujours sur le boulevard de Metz<\/strong>. C\u2019est une \u00e9tape importante puisqu\u2019elle marquera la fin d\u2019une p\u00e9riode transitoire qui avait contraint les services publics \u00e0 se d\u00e9placer le temps des d\u00e9constructions.<\/p>\n<p><strong>La cit\u00e9 des \u00e9quipements int\u00e9grera la m\u00e9diath\u00e8que, un groupe scolaire de 12 classes et un centre petite enfance h\u00e9bergeant une halte-garderie, le p\u00f4le ressource sant\u00e9 et la Protection Maternelle et Infantile<\/strong>. Ces \u00e9quipements r\u00e9pondent aux meilleures normes de performance \u00e9nerg\u00e9tique. L\u2019installation du chantier est pr\u00e9vue au printemps 2026.<\/p>\n<p>2026 verra aussi la poursuite des relogements. Soixante-six familles (sur 860 au d\u00e9but) cherchaient encore un nouveau logement en octobre 2025, accompagn\u00e9es par leur bailleur LMH et la META. Enfin, rue L\u00e9on Blum, ce sont les travaux d\u2019agrandissement de la ferme urbaine Concorde qui d\u00e9marrent cet hiver 2025\/2026. Sa surface va presque doubler et passer \u00e0 plus de 9 .000\u00a0 m2. Le d\u00e9veloppement de ce projet est l\u2019une des premi\u00e8res concr\u00e9tisations du quartier \u00e0 sant\u00e9 positive. Cela passe par l\u2019alimentation mais aussi par la qualit\u00e9 environnementale des futures constructions.<\/p>\n<p>L\u2019Agence nationale de r\u00e9novation urbaine, qui cofinance le projet Concorde, a notamment salu\u00e9 la qualit\u00e9 du projet de restructuration de la r\u00e9sidence Renoir port\u00e9 par LMH qui devrait d\u00e9marrer en 2026. Les projets poussent et certains habitants du Faubourg imaginent d\u00e9j\u00e0 comment ils occuperont ces nouveaux espaces. Ainsi, les am\u00e9nagements du futur parc situ\u00e9 entre la ferme urbaine et le square Concorde, ont \u00e9t\u00e9 concert\u00e9s avec le coll\u00e8ge Nina Simone, l\u2019\u00e9cole Ch\u00e9nier, le centre social. Le projet a \u00e9t\u00e9 pr\u00e9sent\u00e9 au conseil de quartier le 3 d\u00e9cembre 2025.<\/p>\n<p>&gt; Venez d\u00e9couvrir les projets et poser vos questions \u00e0 la Maison du projet au 84-86 boulevard de Metz, t\u00e9l. 03\u00a062\u00a026\u00a008\u00a031.<\/p>\n","protected":false},"excerpt":{"rendered":"Travaux du boulevard de Metz, agrandissement de la ferme urbaine, construction d\u2019un premier immeuble et de la cit\u00e9&hellip;\n","protected":false},"author":2,"featured_media":647166,"comment_status":"","ping_status":"","sticky":false,"template":"","format":"standard","meta":{"footnotes":""},"categories":[2815],"tags":[1111,11,4763,1777,674,1011,27,811,1307,5415,12,25],"class_list":{"0":"post-647165","1":"post","2":"type-post","3":"status-publish","4":"format-standard","5":"has-post-thumbnail","7":"category-lille","8":"tag-actu","9":"tag-actualites","10":"tag-agenda","11":"tag-eu","12":"tag-europe","13":"tag-fr","14":"tag-france","15":"tag-hauts-de-france","16":"tag-lille","17":"tag-mairie","18":"tag-news","19":"tag-republique-francaise"},"share_on_mastodon":{"url":"https:\/\/pubeurope.com\/@fr\/115854067928037269","error":""},"_links":{"self":[{"href":"https:\/\/www.europesays.com\/fr\/wp-json\/wp\/v2\/posts\/647165","targetHints":{"allow":["GET"]}}],"collection":[{"href":"https:\/\/www.europesays.com\/fr\/wp-json\/wp\/v2\/posts"}],"about":[{"href":"https:\/\/www.europesays.com\/fr\/wp-json\/wp\/v2\/types\/post"}],"author":[{"embeddable":true,"href":"https:\/\/www.europesays.com\/fr\/wp-json\/wp\/v2\/users\/2"}],"replies":[{"embeddable":true,"href":"https:\/\/www.europesays.com\/fr\/wp-json\/wp\/v2\/comments?post=647165"}],"version-history":[{"count":0,"href":"https:\/\/www.europesays.com\/fr\/wp-json\/wp\/v2\/posts\/647165\/revisions"}],"wp:featuredmedia":[{"embeddable":true,"href":"https:\/\/www.europesays.com\/fr\/wp-json\/wp\/v2\/media\/647166"}],"wp:attachment":[{"href":"https:\/\/www.europesays.com\/fr\/wp-json\/wp\/v2\/media?parent=647165"}],"wp:term":[{"taxonomy":"category","embeddable":true,"href":"https:\/\/www.europesays.com\/fr\/wp-json\/wp\/v2\/categories?post=647165"},{"taxonomy":"post_tag","embeddable":true,"href":"https:\/\/www.europesays.com\/fr\/wp-json\/wp\/v2\/tags?post=647165"}],"curies":[{"name":"wp","href":"https:\/\/api.w.org\/{rel}","templated":true}]}}