{"id":647167,"date":"2026-01-07T13:32:11","date_gmt":"2026-01-07T13:32:11","guid":{"rendered":"https:\/\/www.europesays.com\/fr\/647167\/"},"modified":"2026-01-07T13:32:11","modified_gmt":"2026-01-07T13:32:11","slug":"marine-le-pen-a-marseille-pour-les-voeux-de-franck-allisio","status":"publish","type":"post","link":"https:\/\/www.europesays.com\/fr\/647167\/","title":{"rendered":"Marine Le Pen \u00e0 Marseille pour les v\u0153ux de Franck Allisio"},"content":{"rendered":"<p>Il \u00e9tait question d&rsquo;un invit\u00e9 surprise \u00e0 la c\u00e9r\u00e9monie des v\u0153ux du candidat RN \u00e0 la mairie de Marseille&#8230; Ce sera <strong>Marine Le Pen qui sera pr\u00e9sente \u00e0 Marseille<\/strong> vendredi 16 janvier pour ce qui est annonc\u00e9 comme \u00ab\u00a0un grand meeting populaire\u00a0\u00bb autour de Franck Allisio au parc Chanot.\u00a0<\/p>\n<p>\u00ab\u00a0Notre ville a toujours eu une place bien particuli\u00e8re dans le c\u0153ur de Marine, qui sait que le devenir de Marseille pr\u00e9sage l&rsquo;avenir de la France<strong>\u00ab\u00a0<\/strong>, dit <a href=\"https:\/\/www.laprovence.com\/article\/politique\/1988468555601814\/etat-durgence-narco-a-marseille-franck-allisio-sestime-conforte-par-edouard-philippe\" target=\"_blank\" rel=\"noopener\">Franck Allisio<\/a> dans son invitation aux militants. Le candidat r\u00eave en effet d&rsquo;arracher la mairie de la deuxi\u00e8me ville de France, un an avant l&rsquo;\u00e9lection pr\u00e9sidentielle. Entr\u00e9 en campagne en juin dernier, Franck Allisio \u00e9tait cr\u00e9dit\u00e9 de 27% des intentions de vote dans un sondage Ifop d\u00e9but d\u00e9cembre(1),\u00a0<\/p>\n<p>(1) Enqu\u00eate Ifop-Fiducial pour La Provence et Sud Radio, men\u00e9e aupr\u00e8s d&rsquo;un \u00e9chantillon de 829 personnes inscrites sur les listes \u00e9lectorales, repr\u00e9sentatif de la population marseillaise \u00e2g\u00e9e de 18 ans et plus, selon la m\u00e9thode des quotas apr\u00e8<\/p>\n","protected":false},"excerpt":{"rendered":"Il \u00e9tait question d&rsquo;un invit\u00e9 surprise \u00e0 la c\u00e9r\u00e9monie des v\u0153ux du candidat RN \u00e0 la mairie de&hellip;\n","protected":false},"author":2,"featured_media":647168,"comment_status":"","ping_status":"","sticky":false,"template":"","format":"standard","meta":{"footnotes":""},"categories":[2814],"tags":[5734,1111,11,1777,674,1011,27,12182,151,6128,884,12,13187,316,471,882,25,74173],"class_list":{"0":"post-647167","1":"post","2":"type-post","3":"status-publish","4":"format-standard","5":"has-post-thumbnail","7":"category-marseille","8":"tag-5734","9":"tag-actu","10":"tag-actualites","11":"tag-eu","12":"tag-europe","13":"tag-fr","14":"tag-france","15":"tag-franck","16":"tag-les","17":"tag-marine","18":"tag-marseille","19":"tag-news","20":"tag-pen","21":"tag-politique","22":"tag-pour","23":"tag-provence-alpes-cote-dazur","24":"tag-republique-francaise","25":"tag-voeux"},"share_on_mastodon":{"url":"https:\/\/pubeurope.com\/@fr\/115854071842290557","error":""},"_links":{"self":[{"href":"https:\/\/www.europesays.com\/fr\/wp-json\/wp\/v2\/posts\/647167","targetHints":{"allow":["GET"]}}],"collection":[{"href":"https:\/\/www.europesays.com\/fr\/wp-json\/wp\/v2\/posts"}],"about":[{"href":"https:\/\/www.europesays.com\/fr\/wp-json\/wp\/v2\/types\/post"}],"author":[{"embeddable":true,"href":"https:\/\/www.europesays.com\/fr\/wp-json\/wp\/v2\/users\/2"}],"replies":[{"embeddable":true,"href":"https:\/\/www.europesays.com\/fr\/wp-json\/wp\/v2\/comments?post=647167"}],"version-history":[{"count":0,"href":"https:\/\/www.europesays.com\/fr\/wp-json\/wp\/v2\/posts\/647167\/revisions"}],"wp:featuredmedia":[{"embeddable":true,"href":"https:\/\/www.europesays.com\/fr\/wp-json\/wp\/v2\/media\/647168"}],"wp:attachment":[{"href":"https:\/\/www.europesays.com\/fr\/wp-json\/wp\/v2\/media?parent=647167"}],"wp:term":[{"taxonomy":"category","embeddable":true,"href":"https:\/\/www.europesays.com\/fr\/wp-json\/wp\/v2\/categories?post=647167"},{"taxonomy":"post_tag","embeddable":true,"href":"https:\/\/www.europesays.com\/fr\/wp-json\/wp\/v2\/tags?post=647167"}],"curies":[{"name":"wp","href":"https:\/\/api.w.org\/{rel}","templated":true}]}}