{"id":647169,"date":"2026-01-07T13:33:11","date_gmt":"2026-01-07T13:33:11","guid":{"rendered":"https:\/\/www.europesays.com\/fr\/647169\/"},"modified":"2026-01-07T13:33:11","modified_gmt":"2026-01-07T13:33:11","slug":"marseille-previsions-meteo-du-mercredi-07-janvier-2026","status":"publish","type":"post","link":"https:\/\/www.europesays.com\/fr\/647169\/","title":{"rendered":"Marseille : pr\u00e9visions m\u00e9t\u00e9o du mercredi 07 janvier 2026"},"content":{"rendered":"<p>Marseille conna\u00eet une journ\u00e9e hivernale avec un ciel d\u00e9gag\u00e9 le matin et un mistral soutenu l\u2019apr\u00e8s-midi, accentuant la fra\u00eecheur. En soir\u00e9e, une bruine l\u00e9g\u00e8re appara\u00eet sous un ciel plus couvert.<\/p>\n<p>    Alerte en cours<\/p>\n<p>Le d\u00e9partement des Bouches-du-Rh\u00f4ne est plac\u00e9 aujourd\u2019hui en vigilance <b>Jaune Grand froid<\/b> et <b>Jaune Neige \/ Verglas<\/b>. Ces ph\u00e9nom\u00e8nes, bien que courants, peuvent perturber la circulation et l\u2019activit\u00e9 portuaire.<\/p>\n<p>Adoptez les bons r\u00e9flexes : limitez les d\u00e9placements non indispensables, prot\u00e9gez les canalisations expos\u00e9es et pr\u00e9voyez des \u00e9quipements hiver si vous devez rejoindre l\u2019int\u00e9rieur des terres. Retrouvez toutes les mises \u00e0 jour sur notre <a href=\"https:\/\/www.meteocity.com\/france\/alertes\" target=\"_blank\" rel=\"noopener\">page d\u00e9di\u00e9e aux alertes m\u00e9t\u00e9orologiques<\/a>.<\/p>\n<p>Matin : soleil glac\u00e9, lever \u00e0 08 h 10<\/p>\n<p>\u00c0 9 h, Marseille profite d\u2019un ciel parfaitement d\u00e9gag\u00e9. Le thermom\u00e8tre affiche seulement <b>-1 \u00b0C<\/b>, avec un ressenti qui chute \u00e0 <b>-6 \u00b0C<\/b> sous l\u2019effet d\u2019une brise de Nord-Nord-Ouest soufflant \u00e0 13 km\/h.<\/p>\n<ul>\n<li>Humidit\u00e9 : 56 %<\/li>\n<li>Pression : 1 014 hPa<\/li>\n<li>Risque de pr\u00e9cipitation nul<\/li>\n<\/ul>\n<p>Les surfaces expos\u00e9es peuvent blanchir localement ; la prudence reste de mise sur les ponts et trottoirs encore \u00e0 l\u2019ombre.<\/p>\n<p>Apr\u00e8s-midi : mistral mod\u00e9r\u00e9 et fra\u00eecheur<\/p>\n<p>Le soleil domine toujours \u00e0 15 h, mais la temp\u00e9rature plafonne \u00e0 <b>5 \u00b0C<\/b>. Le vent de Nord-Ouest se renforce, atteignant 21 km\/h en moyenne, avec des <b>rafales jusqu\u2019\u00e0 43 km\/h<\/b> sur le littoral.<\/p>\n<ul>\n<li>Humidit\u00e9 en baisse : 35 %<\/li>\n<li>Ressenti voisin de <b>-1 \u00b0C<\/b><\/li>\n<li>Probabilit\u00e9 de pluie : 8 %<\/li>\n<\/ul>\n<p>Le mistral accentue la sensation de froid ; gants et v\u00eatements coupe-vent sont recommand\u00e9s pour les sorties en bord de mer.<\/p>\n<p>Soir : arriv\u00e9e d\u2019une bruine \u00e9parse, coucher \u00e0 17 h 18<\/p>\n<p>\u00c0 21 h, le ciel se couvre : une bruine l\u00e9g\u00e8re est observ\u00e9e. Le thermom\u00e8tre indique <b>4 \u00b0C<\/b>, avec un ressenti de <b>-1 \u00b0C<\/b>. Le vent faiblit \u00e0 11 km\/h, toujours orient\u00e9 Nord-Nord-Ouest.<\/p>\n<ul>\n<li>Humidit\u00e9 : 50 %<\/li>\n<li>Pression remontant \u00e0 1 015 hPa<\/li>\n<li>Risque de pr\u00e9cipitation faible : 5 %<\/li>\n<\/ul>\n<p>Les quantit\u00e9s d\u2019eau attendues restent faibles, mais l\u2019association humidit\u00e9 et froid peut favoriser la formation d\u2019un l\u00e9ger verglas sur les hauteurs de la ville.<\/p>\n<p>Tendance g\u00e9n\u00e9rale pour le lendemain<\/p>\n<p>Durant la nuit, la couverture nuageuse s\u2019\u00e9paissit (ciel tr\u00e8s nuageux pr\u00e9vu vers 0 h, <b>6 \u00b0C<\/b>, vent quasi nul). Ce r\u00e9pit \u00e9olien limitera la sensation imm\u00e9diate de froid.<\/p>\n<p>Jeudi 8 janvier conservera un contexte perturb\u00e9 : ciel souvent gris, <b>3 \u00b0C<\/b> au lever puis <b>11 \u00b0C<\/b> l\u2019apr\u00e8s-midi, avec un risque persistant de bruine faible. Le vent de Nord-Ouest soufflera autour de 20 km\/h, avec des rafales possibles \u00e0 43 km\/h.<\/p>\n<p>Pour organiser vos activit\u00e9s ou balades sur le Vieux-Port, consultez \u00e9galement <a href=\"https:\/\/www.meteocity.com\/france\/marseille-v2995469\" target=\"_blank\" rel=\"noopener\">nos pr\u00e9visions d\u00e9taill\u00e9es heure par heure<\/a> et adaptez votre tenue en cons\u00e9quence.<\/p>\n","protected":false},"excerpt":{"rendered":"Marseille conna\u00eet une journ\u00e9e hivernale avec un ciel d\u00e9gag\u00e9 le matin et un mistral soutenu l\u2019apr\u00e8s-midi, accentuant la&hellip;\n","protected":false},"author":2,"featured_media":647170,"comment_status":"","ping_status":"","sticky":false,"template":"","format":"standard","meta":{"footnotes":""},"categories":[2814],"tags":[1111,11,1777,674,1011,27,884,12,882,25],"class_list":{"0":"post-647169","1":"post","2":"type-post","3":"status-publish","4":"format-standard","5":"has-post-thumbnail","7":"category-marseille","8":"tag-actu","9":"tag-actualites","10":"tag-eu","11":"tag-europe","12":"tag-fr","13":"tag-france","14":"tag-marseille","15":"tag-news","16":"tag-provence-alpes-cote-dazur","17":"tag-republique-francaise"},"share_on_mastodon":{"url":"https:\/\/pubeurope.com\/@fr\/115854075852553946","error":""},"_links":{"self":[{"href":"https:\/\/www.europesays.com\/fr\/wp-json\/wp\/v2\/posts\/647169","targetHints":{"allow":["GET"]}}],"collection":[{"href":"https:\/\/www.europesays.com\/fr\/wp-json\/wp\/v2\/posts"}],"about":[{"href":"https:\/\/www.europesays.com\/fr\/wp-json\/wp\/v2\/types\/post"}],"author":[{"embeddable":true,"href":"https:\/\/www.europesays.com\/fr\/wp-json\/wp\/v2\/users\/2"}],"replies":[{"embeddable":true,"href":"https:\/\/www.europesays.com\/fr\/wp-json\/wp\/v2\/comments?post=647169"}],"version-history":[{"count":0,"href":"https:\/\/www.europesays.com\/fr\/wp-json\/wp\/v2\/posts\/647169\/revisions"}],"wp:featuredmedia":[{"embeddable":true,"href":"https:\/\/www.europesays.com\/fr\/wp-json\/wp\/v2\/media\/647170"}],"wp:attachment":[{"href":"https:\/\/www.europesays.com\/fr\/wp-json\/wp\/v2\/media?parent=647169"}],"wp:term":[{"taxonomy":"category","embeddable":true,"href":"https:\/\/www.europesays.com\/fr\/wp-json\/wp\/v2\/categories?post=647169"},{"taxonomy":"post_tag","embeddable":true,"href":"https:\/\/www.europesays.com\/fr\/wp-json\/wp\/v2\/tags?post=647169"}],"curies":[{"name":"wp","href":"https:\/\/api.w.org\/{rel}","templated":true}]}}