{"id":64717,"date":"2025-04-30T15:52:12","date_gmt":"2025-04-30T15:52:12","guid":{"rendered":"https:\/\/www.europesays.com\/fr\/64717\/"},"modified":"2025-04-30T15:52:12","modified_gmt":"2025-04-30T15:52:12","slug":"katy-perry-repond-a-la-haine-recue-en-ligne-depuis-son-voyage-dans-lespace","status":"publish","type":"post","link":"https:\/\/www.europesays.com\/fr\/64717\/","title":{"rendered":"Katy Perry r\u00e9pond \u00e0 la haine re\u00e7ue en ligne depuis son voyage dans l\u2019espace"},"content":{"rendered":"<p>Katy Perry a essuy\u00e9 de nombreuses critiques depuis ses 11 minutes, trajet compris, dans l\u2019espace. La chanteuse a re\u00e7u des remarques plus ou moins acerbes, de la part d\u2019inconnus <a href=\"https:\/\/www.20minutes.fr\/arts-stars\/people\/4149123-20250419-emily-ratajkowski-clashe-violemment-katy-perry-voyage-espace\" rel=\"nofollow noopener\" target=\"_blank\" class=\"color-ultramarine c-link\">comme de c\u00e9l\u00e9brit\u00e9s<\/a>. Il faut dire que <a href=\"https:\/\/www.20minutes.fr\/high-tech\/4148596-20250414-assez-planant-katy-perry-confie-apres-tres-bref-sejour-espace\" target=\"_blank\" class=\"color-ultramarine c-link\" rel=\"nofollow noopener\">cette sortie de l\u2019atmosph\u00e8re avec Blue Origin<\/a>, la flotte du milliardaire <a href=\"https:\/\/www.20minutes.fr\/dossier\/jeff_bezos\" class=\"color-ultramarine c-link\" rel=\"nofollow noopener\" target=\"_blank\">Jeff Bezos<\/a>, a rejet\u00e9 429 tonnes de CO2, soit 200 fois plus que le budget carbone annuel d\u2019une personne, selon des scientifiques comme le <a href=\"https:\/\/www.letemps.ch\/sciences\/sept-ans-d-emission-de-co2-pour-11-minutes-de-vol-l-empreinte-carbone-aberrante-du-vol-blue-origin\" rel=\"nofollow noopener\" target=\"_blank\" class=\"color-ultramarine c-link\">relaye<\/a> Le Temps.<\/p>\n<p>Blue Origin affirme de son c\u00f4t\u00e9 que sa navette ne rejette \u00ab\u00a0que de l\u2019eau et de la vapeur d\u2019eau\u00a0\u00bb. Une affirmation qui a fait rire (jaune) les scientifiques. \u00ab\u00a0Un chimiste m\u2019a expliqu\u00e9 que tout ce qui se consume \u00e0 une temp\u00e9rature \u00e9lev\u00e9e convertit l\u2019azote, qui est d\u00e9j\u00e0 pr\u00e9sent dans l\u2019atmosph\u00e8re, en gaz d\u2019oxyde d\u2019azote qui endommage la couche d\u2019ozone\u00a0\u00bb, <a href=\"https:\/\/www.bbc.co.uk\/news\/videos\/cr5dr518zmpo\" rel=\"nofollow noopener\" target=\"_blank\" class=\"color-ultramarine c-link\">d\u00e9clare<\/a> une journaliste de la BBC. Les scientifiques ont par ailleurs rappel\u00e9 que la vapeur d\u2019eau est un gaz \u00e0 effet de serre qui n\u2019a rien \u00e0 faire dans la couche sup\u00e9rieure de l\u2019atmosph\u00e8re en temps normal. Peu importe pour <a href=\"https:\/\/www.20minutes.fr\/high-tech\/4148596-20250414-assez-planant-katy-perry-confie-apres-tres-bref-sejour-espace\" rel=\"nofollow noopener\" target=\"_blank\" class=\"color-ultramarine c-link\">Katy Perry<\/a>, qui poursuit ses r\u00eaves malgr\u00e9 les rageux d\u00e9fenseurs de l\u2019environnement et du bon sens.<\/p>\n<p>\u00ab\u00a0Un d\u00e9potoir pour les d\u00e9s\u00e9quilibr\u00e9s\u00a0\u00bb<\/p>\n<p>C\u2019est ce que la chanteuse de Roar explique dans un message adress\u00e9 \u00e0 ses fans sur Instagram, qu\u2019elle remercie de continuer \u00e0 la suivre dans sa \u00ab\u00a0folle aventure\u00a0\u00bb, un \u00ab\u00a0lien\u00a0\u00bb qui lui permet de \u00ab\u00a0rester vraie\u00a0\u00bb. Actuellement en tourn\u00e9e, Katy Perry se r\u00e9jouit aussi de ressentir \u00ab\u00a0la chaleur\u00a0\u00bb de son public, qui est bien r\u00e9el, contrairement au \u00ab\u00a0monde en ligne\u00a0\u00bb.<\/p>\n<p>\u00ab\u00a0Quand le monde en ligne essaye de faire de moi une Pi\u00f1ata humaine, je le prends avec gr\u00e2ce et je lui envoie de l\u2019amour, parce que je sais qu\u2019il existe tellement de gens qui souffrent de tellement de fa\u00e7ons diff\u00e9rentes, et Internet n\u2019est qu\u2019un d\u00e9potoir pour les d\u00e9s\u00e9quilibr\u00e9s et les personnes qui auraient besoin de se faire soigner\u00a0\u00bb, <a href=\"https:\/\/www.instagram.com\/p\/DJCPC7SOyjw\/c\/18499012462011832\/\" rel=\"nofollow noopener\" target=\"_blank\" class=\"color-ultramarine c-link\">\u00e9crit-elle<\/a> en commentaire d\u2019une publication de fan en son honneur.<\/p>\n<p>Si elle admet qu\u2019elle n\u2019est \u00ab\u00a0<a href=\"https:\/\/www.20minutes.fr\/arts-stars\/people\/4150395-20250425-espace-comment-katy-perry-fait-taire-detracteurs-scene-apres-vol-express\" rel=\"nofollow noopener\" target=\"_blank\" class=\"color-ultramarine c-link\">pas parfaite<\/a>\u00a0\u00bb, Katy Perry garde cette m\u00eame effusion de joie qu\u2019elle a montr\u00e9 en embrassant le sol apr\u00e8s ses 11 minutes dans l\u2019espace en touriste. \u00ab\u00a0Parfois je tombe, mais je me rel\u00e8ve et continue de jouer \u00e0 ce jeu de la vie, et, malgr\u00e9 tout, \u00e0 travers les coups et les bleus, je regarde la lumi\u00e8re et cette lumi\u00e8re d\u00e9bloque un nouveau niveau\u00a0\u00bb, ajoute Katy Perry, \u00e0 qui on souhaite, malgr\u00e9 tout, de ne pas finir Game Over comme il peut advenir dans les jeux vid\u00e9o auxquels elle emprunte sa m\u00e9taphore, ni \u00e0 la plan\u00e8te si le tourisme spatial se d\u00e9mocratise.<\/p>\n<p><script async src=\"\/\/www.instagram.com\/embed.js\"><\/script><\/p>\n","protected":false},"excerpt":{"rendered":"Katy Perry a essuy\u00e9 de nombreuses critiques depuis ses 11 minutes, trajet compris, dans l\u2019espace. La chanteuse a&hellip;\n","protected":false},"author":2,"featured_media":64718,"comment_status":"","ping_status":"","sticky":false,"template":"","format":"standard","meta":{"footnotes":""},"categories":[1355],"tags":[9002,58,59,386,1011,27,697,8553,1361,873,973,133],"class_list":{"0":"post-64717","1":"post","2":"type-post","3":"status-publish","4":"format-standard","5":"has-post-thumbnail","7":"category-musique","8":"tag-blue-origin","9":"tag-divertissement","10":"tag-entertainment","11":"tag-espace","12":"tag-fr","13":"tag-france","14":"tag-jeff-bezos","15":"tag-katy-perry","16":"tag-music","17":"tag-musique","18":"tag-people","19":"tag-video"},"share_on_mastodon":{"url":"https:\/\/pubeurope.com\/@fr\/114427720110575253","error":""},"_links":{"self":[{"href":"https:\/\/www.europesays.com\/fr\/wp-json\/wp\/v2\/posts\/64717","targetHints":{"allow":["GET"]}}],"collection":[{"href":"https:\/\/www.europesays.com\/fr\/wp-json\/wp\/v2\/posts"}],"about":[{"href":"https:\/\/www.europesays.com\/fr\/wp-json\/wp\/v2\/types\/post"}],"author":[{"embeddable":true,"href":"https:\/\/www.europesays.com\/fr\/wp-json\/wp\/v2\/users\/2"}],"replies":[{"embeddable":true,"href":"https:\/\/www.europesays.com\/fr\/wp-json\/wp\/v2\/comments?post=64717"}],"version-history":[{"count":0,"href":"https:\/\/www.europesays.com\/fr\/wp-json\/wp\/v2\/posts\/64717\/revisions"}],"wp:featuredmedia":[{"embeddable":true,"href":"https:\/\/www.europesays.com\/fr\/wp-json\/wp\/v2\/media\/64718"}],"wp:attachment":[{"href":"https:\/\/www.europesays.com\/fr\/wp-json\/wp\/v2\/media?parent=64717"}],"wp:term":[{"taxonomy":"category","embeddable":true,"href":"https:\/\/www.europesays.com\/fr\/wp-json\/wp\/v2\/categories?post=64717"},{"taxonomy":"post_tag","embeddable":true,"href":"https:\/\/www.europesays.com\/fr\/wp-json\/wp\/v2\/tags?post=64717"}],"curies":[{"name":"wp","href":"https:\/\/api.w.org\/{rel}","templated":true}]}}