{"id":647173,"date":"2026-01-07T13:35:14","date_gmt":"2026-01-07T13:35:14","guid":{"rendered":"https:\/\/www.europesays.com\/fr\/647173\/"},"modified":"2026-01-07T13:35:14","modified_gmt":"2026-01-07T13:35:14","slug":"a-lyon-aulas-se-place-sur-limmigration-et-la-securite","status":"publish","type":"post","link":"https:\/\/www.europesays.com\/fr\/647173\/","title":{"rendered":"\u00e0 Lyon, Aulas se place sur l&rsquo;immigration et la s\u00e9curit\u00e9"},"content":{"rendered":"<p>                            <img loading=\"lazy\" width=\"1200\" height=\"750\" class=\"attachment-article size-article wp-post-image lazyload\" alt=\"\" decoding=\"async\" src=\"https:\/\/www.europesays.com\/fr\/wp-content\/uploads\/2025\/12\/AFP__20230911__DPPI_40623022_114__v1__HighRes__FootballEuro2024QualifyingFranceVRepu-e1761647494883..jpeg\" data-eio-rwidth=\"1200\" data-eio-rheight=\"750\"\/><\/p>\n<p>Jean-Michel Aulas, ancien pr\u00e9sident de l\u2019Olympique Lyonnais et aujourd\u2019hui candidat aux Municipales de 2026 \u00e0 Lyon. (Photo by Matthieu Mirville \/ DPPI via AFP)<\/p>\n<p class=\"content\" style=\"font-size:1.2em;font-weight:700\">Candidat aux \u00e9lections municipales \u00e0 Lyon, Jean-Michel Aulas promet une \u00ab\u00a0reprise en main ferme mais respectueuse de l&rsquo;espace public\u00a0\u00bb. Il veut aussi \u00ab\u00a0mettre fin aux situations d&rsquo;ill\u00e9galit\u00e9 durable\u00a0\u00bb.<\/p>\n<p>C&rsquo;est une prise de position plut\u00f4t inattendue, alors que le candidat cherchait jusqu&rsquo;\u00e0 pr\u00e9sent \u00e0 repositionner sa campagne \u00e0 gauche. Dans un entretien accord\u00e9 \u00e0 nos confr\u00e8res de <a href=\"https:\/\/tribunedelyon.fr\/politique\/jean-michel-aulas-interview-propositions\/\" target=\"_blank\" rel=\"noreferrer noopener nofollow\">Tribune de Lyon<\/a>, Jean-Michel Aulas a choisi de s&rsquo;exprimer longuement sur la s\u00e9curit\u00e9 (ou l&rsquo;ins\u00e9curit\u00e9) et sur ce qu&rsquo;il consid\u00e8re en \u00eatre \u00ab\u00a0les causes\u00a0\u00bb. En assurant dans le m\u00eame temps ne faire aucun lien entre immigration et s\u00e9curit\u00e9.<\/p>\n<p><strong>Lire aussi :<\/strong> <a href=\"https:\/\/www.lyoncapitale.fr\/politique\/jean-michel-aulas-veut-doubler-le-nombre-de-cameras-de-videosurveillance-a-lyon\" target=\"_blank\" rel=\"noreferrer noopener\">Jean-Michel Aulas veut doubler le nombre de cam\u00e9ras de vid\u00e9osurveillance \u00e0 Lyon<\/a><\/p>\n<p>\u00c9vacuation des \u00e9coles, des campements et des \u00e9glises<\/p>\n<p>Un \u00ab\u00a0sujet tr\u00e8s sensible\u00a0\u00bb, juge-t-il, qui ne doit pas \u00eatre \u00ab\u00a0confisqu\u00e9 par les extr\u00eames\u00a0\u00bb, dit l&rsquo;ancien patron de l&rsquo;OL. Aulas promet ainsi que \u00ab\u00a0Lyon ne sera pas complice des fili\u00e8res clandestines et des passeurs de l\u2019immigration ill\u00e9gale\u00a0\u00bb. Le patron de Coeur Lyonnais indique qu&rsquo;il proposera une \u00ab\u00a0doctrine\u00a0\u00bb consistant \u00e0 \u00ab\u00a0prot\u00e9ger les personnes r\u00e9ellement \u00e9ligibles \u00e0 l&rsquo;accueil et mettre fin aux situations d&rsquo;ill\u00e9galit\u00e9 durable\u00a0\u00bb. <\/p>\n<p>\u00ab\u00a0Cela passera par l\u2019organisation d\u2019Assises locales de l\u2019accueil et de la s\u00e9curit\u00e9, par l\u2019ex\u00e9cution des d\u00e9cisions de justice, et par une reprise en main ferme mais respectueuse de l\u2019espace public\u00a0\u00bb, assure-t-il. JMA compte ainsi mettre fin aux occupations d&rsquo;\u00e9coles et d&rsquo;\u00e9glises notamment. <\/p>\n<p>L&rsquo;ancien pr\u00e9sident de l&rsquo;OL pr\u00e9cise que cette doctrine sera accompagn\u00e9e notamment de la cr\u00e9ation d&rsquo;une \u00ab\u00a0police m\u00e9tropolitaine des transports de 200 agents\u00a0\u00bb. \u00ab\u00a0C\u2019est ainsi que Lyon restera une ville ouverte, solidaire et fid\u00e8le \u00e0 ses valeurs r\u00e9publicaines, une ville humaine, mais jamais na\u00efve\u00a0\u00bb, poursuit-il en affichant un objectif : \u00ab\u00a0Qu\u2019au 31\u00a0d\u00e9cembre 2026, il n\u2019y ait plus de situations d\u2019immigration ill\u00e9gale durablement tol\u00e9r\u00e9es \u00e0 Lyon.\u00a0\u00bb<\/p>\n<p class=\"has-text-align-center has-cyan-bluish-gray-background-color has-background\"><strong>Aulas se positionne sur une nouvelle gratuit\u00e9<br \/><\/strong>Jean-Michel Aulas annonce \u00e9galement aupr\u00e8s de nos confr\u00e8res vouloir rendre les cantines scolaires enti\u00e8rement gratuites. Une mesure \u00e9galement port\u00e9e par la candidate insoumise Ana\u00efs Belouassa Cherifi. Le patron de Coeur Lyonnais va plus loin et propose \u00e9galement la gratuit\u00e9 du temps p\u00e9riscolaire. Il r\u00e9affirme par ailleurs sa mesure de gratuit\u00e9 du r\u00e9seau TCL pour les personnes gagnant moins de 2 500 \u20ac par mois. Il estime le manque \u00e0 gagner concernant la restauration scolaire \u00e0 13,8 millions d&rsquo;euros et celui concernant le p\u00e9riscolaire entre 4 et 6 millions d&rsquo;euros. Ses \u00e9quipes estiment la gratuit\u00e9 des TCL \u00e0 environ 30 millions d&rsquo;euros, tandis que le co\u00fbt r\u00e9el d&rsquo;une telle mesure serait plut\u00f4t situ\u00e9 autour de 60 \u00e0 80 millions d&rsquo;euros. Soit entre 80 et 100 millions d&rsquo;euros \u00e0 trouver sur le budget de fonctionnement pour financer ces trois mesures.<\/p>\n<p><strong>Lire aussi :<\/strong> <a href=\"https:\/\/www.lyoncapitale.fr\/politique\/lyon-anais-belouassa-cherifi-promet-la-gratuite-complete-des-cantines-scolaires\" target=\"_blank\" rel=\"noreferrer noopener\">Lyon : Ana\u00efs Belouassa Cherifi promet la gratuit\u00e9 compl\u00e8te des cantines scolaires<\/a><\/p>\n","protected":false},"excerpt":{"rendered":"Jean-Michel Aulas, ancien pr\u00e9sident de l\u2019Olympique Lyonnais et aujourd\u2019hui candidat aux Municipales de 2026 \u00e0 Lyon. (Photo by&hellip;\n","protected":false},"author":2,"featured_media":599913,"comment_status":"","ping_status":"","sticky":false,"template":"","format":"standard","meta":{"footnotes":""},"categories":[1889],"tags":[1111,11,2430,1777,674,1011,27,2428,12,25],"class_list":{"0":"post-647173","1":"post","2":"type-post","3":"status-publish","4":"format-standard","5":"has-post-thumbnail","7":"category-lyon","8":"tag-actu","9":"tag-actualites","10":"tag-auvergne-rhone-alpes","11":"tag-eu","12":"tag-europe","13":"tag-fr","14":"tag-france","15":"tag-lyon","16":"tag-news","17":"tag-republique-francaise"},"share_on_mastodon":{"url":"https:\/\/pubeurope.com\/@fr\/115854083582194439","error":""},"_links":{"self":[{"href":"https:\/\/www.europesays.com\/fr\/wp-json\/wp\/v2\/posts\/647173","targetHints":{"allow":["GET"]}}],"collection":[{"href":"https:\/\/www.europesays.com\/fr\/wp-json\/wp\/v2\/posts"}],"about":[{"href":"https:\/\/www.europesays.com\/fr\/wp-json\/wp\/v2\/types\/post"}],"author":[{"embeddable":true,"href":"https:\/\/www.europesays.com\/fr\/wp-json\/wp\/v2\/users\/2"}],"replies":[{"embeddable":true,"href":"https:\/\/www.europesays.com\/fr\/wp-json\/wp\/v2\/comments?post=647173"}],"version-history":[{"count":0,"href":"https:\/\/www.europesays.com\/fr\/wp-json\/wp\/v2\/posts\/647173\/revisions"}],"wp:featuredmedia":[{"embeddable":true,"href":"https:\/\/www.europesays.com\/fr\/wp-json\/wp\/v2\/media\/599913"}],"wp:attachment":[{"href":"https:\/\/www.europesays.com\/fr\/wp-json\/wp\/v2\/media?parent=647173"}],"wp:term":[{"taxonomy":"category","embeddable":true,"href":"https:\/\/www.europesays.com\/fr\/wp-json\/wp\/v2\/categories?post=647173"},{"taxonomy":"post_tag","embeddable":true,"href":"https:\/\/www.europesays.com\/fr\/wp-json\/wp\/v2\/tags?post=647173"}],"curies":[{"name":"wp","href":"https:\/\/api.w.org\/{rel}","templated":true}]}}