{"id":647174,"date":"2026-01-07T13:37:11","date_gmt":"2026-01-07T13:37:11","guid":{"rendered":"https:\/\/www.europesays.com\/fr\/647174\/"},"modified":"2026-01-07T13:37:11","modified_gmt":"2026-01-07T13:37:11","slug":"il-est-probable-quune-grande-partie-des-bus-ne-circulent-pas-ce-soir-annonce-le-directeur-general-dile-de-france-mobilites","status":"publish","type":"post","link":"https:\/\/www.europesays.com\/fr\/647174\/","title":{"rendered":"\u00ab\u00a0Il est probable qu&rsquo;une grande partie des bus ne circulent pas ce soir\u00a0\u00bb, annonce le directeur g\u00e9n\u00e9ral d&rsquo;\u00cele-de-France Mobilit\u00e9s"},"content":{"rendered":"<p>\u00ab\u00a0Il est probable qu&rsquo;une grande partie des bus ne circulent pas ce soir\u00a0\u00bb, annonce le directeur g\u00e9n\u00e9ral d&rsquo;\u00cele-de-France Mobilit\u00e9sSur le m\u00eame sujet<a href=\"https:\/\/www.bfmtv.com\/meteo\/neige\/video-neige-verglas-12-departements-desormais-en-vigilance-orange-meteo-france_VN-202601070613.html\" title=\"Neige-verglas: 12 d\u00e9partements d\u00e9sormais en vigilance orange (M\u00e9t\u00e9o-France)\" target=\"_blank\" rel=\"noopener\"><img width=\"16\" height=\"9\" class=\"lozad\"  alt=\"Neige-verglas: 12 d\u00e9partements d\u00e9sormais en vigilance orange (M\u00e9t\u00e9o-France)\"\/>0:56Neige-verglas: 12 d\u00e9partements d\u00e9sormais en vigilance orange (M\u00e9t\u00e9o-France)<\/a><a href=\"https:\/\/www.bfmtv.com\/meteo\/neige\/video-neige-verglas-ce-soir-ca-va-etre-sportif-craint-ce-depanneur-dans-l-aisne_VN-202601070602.html\" title=\"Neige-verglas: &quot;Ce soir, \u00e7a va \u00eatre sportif&quot;, craint ce d\u00e9panneur dans l&#039;Aisne\" target=\"_blank\" rel=\"noopener\"><img width=\"16\" height=\"9\" class=\"lozad\"  alt=\"Neige-verglas: &quot;Ce soir, \u00e7a va \u00eatre sportif&quot;, craint ce d\u00e9panneur dans l'Aisne\"\/>1:40Neige-verglas: \u00ab\u00a0Ce soir, \u00e7a va \u00eatre sportif\u00a0\u00bb, craint ce d\u00e9panneur dans l&rsquo;Aisne<\/a><a href=\"https:\/\/www.bfmtv.com\/meteo\/neige\/video-neige-verglas-sur-l-a1-dans-le-pas-de-calais-des-camions-bloques-sur-l-autoroute_VN-202601070593.html\" title=\"Neige-verglas: sur l&#039;A1 dans le Pas-de-Calais, des camions bloqu\u00e9s sur l&#039;autoroute\" target=\"_blank\" rel=\"noopener\"><img width=\"16\" height=\"9\" class=\"lozad\"  alt=\"Neige-verglas: sur l'A1 dans le Pas-de-Calais, des camions bloqu\u00e9s sur l'autoroute\"\/>1:49Neige-verglas: sur l&rsquo;A1 dans le Pas-de-Calais, des camions bloqu\u00e9s sur l&rsquo;autoroute<\/a><a href=\"https:\/\/www.bfmtv.com\/politique\/video-rendre-les-pneus-4-saisons-obligatoires-la-question-peut-se-poser-affirme-le-ministre-des-transports_VN-202601070591.html\" title=\"Rendre les pneus 4 saisons obligatoires: &quot;La question peut se poser&quot;, affirme le ministre des Transports\" target=\"_blank\" rel=\"noopener\"><img width=\"16\" height=\"9\" class=\"lozad\"  alt=\"Rendre les pneus 4 saisons obligatoires: &quot;La question peut se poser&quot;, affirme le ministre des Transports\"\/>1:12Rendre les pneus 4 saisons obligatoires: \u00ab\u00a0La question peut se poser\u00a0\u00bb, affirme le ministre des Transports<\/a><a href=\"https:\/\/www.bfmtv.com\/politique\/video-neige-verglas-on-a-besoin-d-investir-4-5-milliards-d-euros-par-an-sur-notre-reseau-ferroviaire-assure-le-ministre-des-transports_VN-202601070583.html\" title=\"Neige-verglas: &quot;On a besoin d&#039;investir 4,5 milliards d&#039;euros par an sur notre r\u00e9seau ferroviaire&quot;, assure le ministre des Transports\" target=\"_blank\" rel=\"noopener\"><img width=\"16\" height=\"9\" class=\"lozad\"  alt=\"Neige-verglas: &quot;On a besoin d'investir 4,5 milliards d'euros par an sur notre r\u00e9seau ferroviaire&quot;, assure le ministre des Transports\"\/>0:48Neige-verglas: \u00ab\u00a0On a besoin d&rsquo;investir 4,5 milliards d&rsquo;euros par an sur notre r\u00e9seau ferroviaire\u00a0\u00bb, assure le ministre des Transports<\/a><a href=\"https:\/\/www.bfmtv.com\/politique\/video-neige-verglas-l-a8-rouvre-a-15h-affirme-le-ministre-des-transports-qui-ignore-lorsque-la-n118-va-rouvrir_VN-202601070581.html\" title=\"Neige-verglas: &quot;L&#039;A8 rouvre \u00e0 15h&quot; affirme le ministre des Transports qui ignore lorsque la N118 va rouvrir\" target=\"_blank\" rel=\"noopener\"><img width=\"16\" height=\"9\" class=\"lozad\"  alt=\"Neige-verglas: &quot;L'A8 rouvre \u00e0 15h&quot; affirme le ministre des Transports qui ignore lorsque la N118 va rouvrir\"\/>1:49Neige-verglas: \u00ab\u00a0L&rsquo;A8 rouvre \u00e0 15h\u00a0\u00bb affirme le ministre des Transports qui ignore lorsque la N118 va rouvrir<\/a><a href=\"https:\/\/www.bfmtv.com\/politique\/video-neige-verglas-je-n-ai-jamais-critique-meteo-france-assure-le-ministre-des-transports_VN-202601070578.html\" title=\"Neige-verglas: &quot;Je n&#039;ai jamais critiqu\u00e9 M\u00e9t\u00e9o-France&quot;, assure le ministre des Transports\" target=\"_blank\" rel=\"noopener\"><img width=\"16\" height=\"9\" class=\"lozad\"  alt=\"Neige-verglas: &quot;Je n'ai jamais critiqu\u00e9 M\u00e9t\u00e9o-France&quot;, assure le ministre des Transports\"\/>1:59Neige-verglas: \u00ab\u00a0Je n&rsquo;ai jamais critiqu\u00e9 M\u00e9t\u00e9o-France\u00a0\u00bb, assure le ministre des Transports<\/a><a href=\"https:\/\/www.bfmtv.com\/meteo\/neige\/video-neige-verglas-dans-le-nord-les-trains-circulent-au-ralenti_VN-202601070566.html\" title=\"\u2744\ufe0f Neige-verglas: dans le Nord, les trains circulent au ralenti\" target=\"_blank\" rel=\"noopener\"><img width=\"16\" height=\"9\" class=\"lozad\"  alt=\"\u2744\ufe0f Neige-verglas: dans le Nord, les trains circulent au ralenti\"\/>0:38\u2744\ufe0f Neige-verglas: dans le Nord, les trains circulent au ralenti<\/a><a href=\"https:\/\/www.bfmtv.com\/meteo\/neige\/video-il-est-probable-qu-une-grande-partie-des-bus-ne-circulent-pas-ce-soir-annonce-le-directeur-general-d-ile-de-france-mobilites_VN-202601070564.html\" title=\"&quot;Il est probable qu&#039;une grande partie des bus ne circulent pas ce soir&quot;, annonce le directeur g\u00e9n\u00e9ral d&#039;\u00cele-de-France Mobilit\u00e9s\" target=\"_blank\" rel=\"noopener\"><img width=\"16\" height=\"9\" class=\"lozad\"  alt=\"&quot;Il est probable qu'une grande partie des bus ne circulent pas ce soir&quot;, annonce le directeur g\u00e9n\u00e9ral d'\u00cele-de-France Mobilit\u00e9s\"\/>en lecture\u00a0\u00bbIl est probable qu&rsquo;une grande partie des bus ne circulent pas ce soir\u00a0\u00bb, annonce le directeur g\u00e9n\u00e9ral d&rsquo;\u00cele-de-France Mobilit\u00e9s<\/a><a href=\"https:\/\/www.bfmtv.com\/meteo\/neige\/video-jusqu-a-10cm-de-neige-la-pagaille-dans-les-rues-de-la-capitale_VN-202601070562.html\" title=\"Jusqu&#039;\u00e0 10cm de neige: la pagaille dans les rues de la capitale\" target=\"_blank\" rel=\"noopener\"><img width=\"16\" height=\"9\" class=\"lozad\"  alt=\"Jusqu'\u00e0 10cm de neige: la pagaille dans les rues de la capitale\"\/>2:20Jusqu&rsquo;\u00e0 10cm de neige: la pagaille dans les rues de la capitale<\/a><a href=\"https:\/\/www.bfmtv.com\/societe\/video-on-n-a-pas-le-choix-il-faut-tenir-300-mineurs-isoles-luttent-contre-le-froid-en-plein-paris_VN-202601070554.html\" title=\" &quot;On n&#039;a pas le choix, il faut tenir&quot;: 300 mineurs isol\u00e9s luttent contre le froid en plein Paris\" target=\"_blank\" rel=\"noopener\"><img width=\"16\" height=\"9\" class=\"lozad\"  alt=\" &quot;On n'a pas le choix, il faut tenir&quot;: 300 mineurs isol\u00e9s luttent contre le froid en plein Paris\"\/>1:39&Prime;On n&rsquo;a pas le choix, il faut tenir\u00a0\u00bb: 300 mineurs isol\u00e9s luttent contre le froid en plein Paris<\/a><a href=\"https:\/\/www.bfmtv.com\/grand-lille\/replay-emissions\/bonjour-lille\/video-les-deneigeuses-sur-le-pont-dans-le-nord_VN-202601070526.html\" title=\"Les d\u00e9neigeuses sur le pont dans le Nord.\" target=\"_blank\" rel=\"noopener\"><img width=\"16\" height=\"9\" class=\"lozad\"  alt=\"Les d\u00e9neigeuses sur le pont dans le Nord.\"\/>2:16Les d\u00e9neigeuses sur le pont dans le Nord.<\/a><a href=\"https:\/\/www.bfmtv.com\/meteo\/neige\/video-neige-verglas-c-est-une-situation-de-crise-pour-les-sans-abris-alerte-le-porte-parole-de-la-protection-civile-paris-seine_VN-202601070435.html\" title=\"Neige-verglas: &quot;C&#039;est une situation de crise pour les sans-abris&quot;, alerte le porte-parole de la Protection Civile Paris Seine\" target=\"_blank\" rel=\"noopener\"><img width=\"16\" height=\"9\" class=\"lozad\"  alt=\"Neige-verglas: &quot;C'est une situation de crise pour les sans-abris&quot;, alerte le porte-parole de la Protection Civile Paris Seine\"\/>1:29Neige-verglas: \u00ab\u00a0C&rsquo;est une situation de crise pour les sans-abris\u00a0\u00bb, alerte le porte-parole de la Protection Civile Paris Seine<\/a><a href=\"https:\/\/www.bfmtv.com\/meteo\/neige\/video-neige-verglas-il-y-a-certaines-attitudes-qui-ne-sont-pas-raisonnables-lance-christian-poiret-president-du-conseil-departemental-du-nord_VN-202601070431.html\" title=\"Neige-verglas: &quot;Il y a certaines attitudes qui ne sont pas raisonnables&quot;, lance Christian Poiret, pr\u00e9sident du conseil d\u00e9partemental du Nord\" target=\"_blank\" rel=\"noopener\"><img width=\"16\" height=\"9\" class=\"lozad\"  alt=\"Neige-verglas: &quot;Il y a certaines attitudes qui ne sont pas raisonnables&quot;, lance Christian Poiret, pr\u00e9sident du conseil d\u00e9partemental du Nord\"\/>1:58Neige-verglas: \u00ab\u00a0Il y a certaines attitudes qui ne sont pas raisonnables\u00a0\u00bb, lance Christian Poiret, pr\u00e9sident du conseil d\u00e9partemental du Nord<\/a><a class=\"jumpToVideo\" target=\"_blank\"><img class=\"thumbnailPreview\"\/><\/a><\/p>\n","protected":false},"excerpt":{"rendered":"\u00ab\u00a0Il est probable qu&rsquo;une grande partie des bus ne circulent pas ce soir\u00a0\u00bb, annonce le directeur g\u00e9n\u00e9ral d&rsquo;\u00cele-de-France&hellip;\n","protected":false},"author":2,"featured_media":647175,"comment_status":"","ping_status":"","sticky":false,"template":"","format":"standard","meta":{"footnotes":""},"categories":[1592],"tags":[1111,11,1777,674,1011,27,662,12,626,25],"class_list":{"0":"post-647174","1":"post","2":"type-post","3":"status-publish","4":"format-standard","5":"has-post-thumbnail","7":"category-ile-de-france","8":"tag-actu","9":"tag-actualites","10":"tag-eu","11":"tag-europe","12":"tag-fr","13":"tag-france","14":"tag-ile-de-france","15":"tag-news","16":"tag-paris","17":"tag-republique-francaise"},"share_on_mastodon":{"url":"https:\/\/pubeurope.com\/@fr\/115854091525881455","error":""},"_links":{"self":[{"href":"https:\/\/www.europesays.com\/fr\/wp-json\/wp\/v2\/posts\/647174","targetHints":{"allow":["GET"]}}],"collection":[{"href":"https:\/\/www.europesays.com\/fr\/wp-json\/wp\/v2\/posts"}],"about":[{"href":"https:\/\/www.europesays.com\/fr\/wp-json\/wp\/v2\/types\/post"}],"author":[{"embeddable":true,"href":"https:\/\/www.europesays.com\/fr\/wp-json\/wp\/v2\/users\/2"}],"replies":[{"embeddable":true,"href":"https:\/\/www.europesays.com\/fr\/wp-json\/wp\/v2\/comments?post=647174"}],"version-history":[{"count":0,"href":"https:\/\/www.europesays.com\/fr\/wp-json\/wp\/v2\/posts\/647174\/revisions"}],"wp:featuredmedia":[{"embeddable":true,"href":"https:\/\/www.europesays.com\/fr\/wp-json\/wp\/v2\/media\/647175"}],"wp:attachment":[{"href":"https:\/\/www.europesays.com\/fr\/wp-json\/wp\/v2\/media?parent=647174"}],"wp:term":[{"taxonomy":"category","embeddable":true,"href":"https:\/\/www.europesays.com\/fr\/wp-json\/wp\/v2\/categories?post=647174"},{"taxonomy":"post_tag","embeddable":true,"href":"https:\/\/www.europesays.com\/fr\/wp-json\/wp\/v2\/tags?post=647174"}],"curies":[{"name":"wp","href":"https:\/\/api.w.org\/{rel}","templated":true}]}}