{"id":647178,"date":"2026-01-07T13:39:11","date_gmt":"2026-01-07T13:39:11","guid":{"rendered":"https:\/\/www.europesays.com\/fr\/647178\/"},"modified":"2026-01-07T13:39:11","modified_gmt":"2026-01-07T13:39:11","slug":"qatar-news-agency-4","status":"publish","type":"post","link":"https:\/\/www.europesays.com\/fr\/647178\/","title":{"rendered":"Qatar news agency"},"content":{"rendered":"<p>                                                Environ 140 vols annul\u00e9s \u00e0 Paris en raison des chutes de neige<\/p>\n<p>                                                                    <a href=\"https:\/\/qna.org.qa\/fr-FR\/News-Area\/News\/2026-1\/7\/javascript:void(0)\" class=\"main-news-link detail-bg\" target=\"_blank\" rel=\"noopener\"><br \/>\n                                                                        <img decoding=\"async\" src=\"https:\/\/cdn.qna.org.qa\/media\/w0fnx1i0\/qna_france.jpg?width=1200&amp;height=900&amp;v=1dc7fea489e9720\" onerror=\"this.onerror=null; this.src=\" https:=\"\" this.setattribute=\"\" class=\"img-fluid\" alt=\"news\" loading=\"lazy\"\/><br \/>\n                                                                    <\/a><\/p>\n<p style=\"text-align: justify;\">Paris, le 7 janvier \/QNA\/ Environ 140 vols ont \u00e9t\u00e9 annul\u00e9s dans les a\u00e9roports parisiens en raison des chutes de neige, a annonc\u00e9 aujourd\u2019hui le ministre fran\u00e7ais des Transports, Philippe Tabarro, pr\u00e9cisant qu\u2019une centaine de vols ont \u00e9t\u00e9 supprim\u00e9s \u00e0 l\u2019a\u00e9roport de Roissy-Charles de Gaulle et une quarantaine \u00e0 l\u2019a\u00e9roport d\u2019Orly.<br \/>Dans un communiqu\u00e9 de presse, le ministre a exprim\u00e9 l\u2019espoir que \u00ab la situation revienne \u00e0 la normale cet apr\u00e8s-midi \u00bb, appelant toutefois les Parisiens \u00e0 la prudence \u00ab sur l\u2019ensemble du territoire \u00bb.<br \/>Selon M\u00e9t\u00e9o-France, la neige et le verglas affectent le nord et l\u2019ouest de la France, un ph\u00e9nom\u00e8ne qualifi\u00e9 de \u00ab rare compte tenu des conditions m\u00e9t\u00e9orologiques actuelles \u00bb.<br \/>Les bus ne circulent plus \u00e0 Paris et en banlieue en raison du verglas, tandis que la majorit\u00e9 des lignes de m\u00e9tro et de RER continuent de fonctionner, ont indiqu\u00e9 les autorit\u00e9s des transports.<br \/>M\u00e9t\u00e9o-France a pr\u00e9cis\u00e9 que 38 des 96 d\u00e9partements de m\u00e9tropole sont plac\u00e9s en vigilance neige et verglas, avec des accumulations pouvant atteindre entre trois et sept centim\u00e8tres. Le ministre a, pour sa part, soulign\u00e9 que cette vague de froid est \u00ab exceptionnellement intense pour la saison \u00bb.<br \/>Les autorit\u00e9s fran\u00e7aises ont appel\u00e9 les habitants de la r\u00e9gion parisienne \u00e0 \u00e9viter tout d\u00e9placement non essentiel et \u00e0 privil\u00e9gier le t\u00e9l\u00e9travail aujourd\u2019hui.<br \/>Six personnes ont trouv\u00e9 la mort en France dans des incidents li\u00e9s aux intemp\u00e9ries au cours de cette vague de froid intense qui touche l\u2019Europe cet hiver.<\/p>\n","protected":false},"excerpt":{"rendered":"Environ 140 vols annul\u00e9s \u00e0 Paris en raison des chutes de neige Paris, le 7 janvier \/QNA\/ Environ&hellip;\n","protected":false},"author":2,"featured_media":647179,"comment_status":"","ping_status":"","sticky":false,"template":"","format":"standard","meta":{"footnotes":""},"categories":[1888],"tags":[1111,1928,11,1927,1777,674,1011,27,75250,12,1926,626,1925,25],"class_list":{"0":"post-647178","1":"post","2":"type-post","3":"status-publish","4":"format-standard","5":"has-post-thumbnail","7":"category-paris","8":"tag-actu","9":"tag-actu-paris","10":"tag-actualites","11":"tag-actualites-paris","12":"tag-eu","13":"tag-europe","14":"tag-fr","15":"tag-france","16":"tag-france-aroports-annulations","17":"tag-news","18":"tag-news-paris","19":"tag-paris","20":"tag-paris-news","21":"tag-republique-francaise"},"share_on_mastodon":{"url":"https:\/\/pubeurope.com\/@fr\/115854099449533208","error":""},"_links":{"self":[{"href":"https:\/\/www.europesays.com\/fr\/wp-json\/wp\/v2\/posts\/647178","targetHints":{"allow":["GET"]}}],"collection":[{"href":"https:\/\/www.europesays.com\/fr\/wp-json\/wp\/v2\/posts"}],"about":[{"href":"https:\/\/www.europesays.com\/fr\/wp-json\/wp\/v2\/types\/post"}],"author":[{"embeddable":true,"href":"https:\/\/www.europesays.com\/fr\/wp-json\/wp\/v2\/users\/2"}],"replies":[{"embeddable":true,"href":"https:\/\/www.europesays.com\/fr\/wp-json\/wp\/v2\/comments?post=647178"}],"version-history":[{"count":0,"href":"https:\/\/www.europesays.com\/fr\/wp-json\/wp\/v2\/posts\/647178\/revisions"}],"wp:featuredmedia":[{"embeddable":true,"href":"https:\/\/www.europesays.com\/fr\/wp-json\/wp\/v2\/media\/647179"}],"wp:attachment":[{"href":"https:\/\/www.europesays.com\/fr\/wp-json\/wp\/v2\/media?parent=647178"}],"wp:term":[{"taxonomy":"category","embeddable":true,"href":"https:\/\/www.europesays.com\/fr\/wp-json\/wp\/v2\/categories?post=647178"},{"taxonomy":"post_tag","embeddable":true,"href":"https:\/\/www.europesays.com\/fr\/wp-json\/wp\/v2\/tags?post=647178"}],"curies":[{"name":"wp","href":"https:\/\/api.w.org\/{rel}","templated":true}]}}