{"id":647180,"date":"2026-01-07T13:40:18","date_gmt":"2026-01-07T13:40:18","guid":{"rendered":"https:\/\/www.europesays.com\/fr\/647180\/"},"modified":"2026-01-07T13:40:18","modified_gmt":"2026-01-07T13:40:18","slug":"6-lieux-culturels-parisiens-qui-reouvrent-leurs-portes-en-2026","status":"publish","type":"post","link":"https:\/\/www.europesays.com\/fr\/647180\/","title":{"rendered":"6 lieux culturels parisiens qui (re)ouvrent leurs portes en 2026"},"content":{"rendered":"<p><strong>La Main Jaune\u00a0<\/strong><\/p>\n<p>Le club mythique fait son grand retour : concerts, DJ sets fa\u00e7on Boiler Room, bars et studios feront vibrer ce lieu culte revisit\u00e9 en hub cr\u00e9atif.<\/p>\n<p><img decoding=\"async\" src=\"https:\/\/www.europesays.com\/fr\/wp-content\/uploads\/2026\/01\/695ce9d915a3e0ccc83bec87_main jaune.jpg\" loading=\"lazy\" alt=\"\"\/><strong>Le Centre Pompidou Francilien<\/strong><\/p>\n<p>Le mus\u00e9e s\u2019exporte \u00e0 Massy avec une fabrique de l\u2019art XXL qui abritera les r\u00e9serves de plusieurs mus\u00e9es parisiens, enrichis d\u2019expos, ateliers, et \u00e9v\u00e9nements.<\/p>\n<p><img decoding=\"async\" src=\"https:\/\/www.europesays.com\/fr\/wp-content\/uploads\/2026\/01\/695cea0cec43c87eada9b640_F3E877A8-C59C-487D-B681-04EE48580D7E_1_201_a.jpeg\" loading=\"lazy\" alt=\"\"\/><strong>Central Chapelle<\/strong><\/p>\n<p>Un nouveau spot hybride qui prendra place au c\u0153ur de l\u2019Adidas Arena. Un espace \u00e9colo de 3 500 m\u00b2 qui accueillera concerts, soir\u00e9es club, sport et expos.\u00a0<\/p>\n<p><img decoding=\"async\" src=\"https:\/\/www.europesays.com\/fr\/wp-content\/uploads\/2026\/01\/695cea22619090c542a18cd6_central chappelle.jpeg\" loading=\"lazy\" alt=\"\"\/><strong>Le Palace\u00a0<\/strong><\/p>\n<p>Apr\u00e8s 3 ans d\u2019absence, le lieu qui a fait danser Mick Jagger et Yves Saint Laurent rena\u00eet, m\u00ealant musique, mode et f\u00eate pour faire vibrer \u00e0 nouveau cette adresse l\u00e9gendaire.<\/p>\n<p><img decoding=\"async\" src=\"https:\/\/www.europesays.com\/fr\/wp-content\/uploads\/2026\/01\/695ce97aa897630b5327a0de_00B0B99C-5414-4CEE-B382-9C14F8A4C8B4_1_201_a.jpeg\" loading=\"lazy\" alt=\"\"\/><strong>La Ga\u00eet\u00e9-Lyrique\u00a0<\/strong><\/p>\n<p>L\u2019espace culte rouvre ses portes et renoue avec son ADN profond proposant un programme engag\u00e9 et inclusif, o\u00f9 se tiendront conf\u00e9rences, d\u00e9bats, concerts et actions solidaires.<\/p>\n<p><img decoding=\"async\" src=\"https:\/\/www.europesays.com\/fr\/wp-content\/uploads\/2026\/01\/695cea373df5ad29182b0251_grande-salle-concert-1_cover.jpg\" loading=\"lazy\" alt=\"\"\/><strong>Nanna<\/strong>\u00a0<\/p>\n<p>Elle sera la toute premi\u00e8re p\u00e9niche litt\u00e9raire de Paris et jettera l\u2019ancre face \u00e0 Notre-Dame, accueillant des lectures, d\u00e9dicaces, ventes de livres de seconde main et divers \u00e9v\u00e9nements litt\u00e9raires.<\/p>\n<p><img decoding=\"async\" src=\"https:\/\/www.europesays.com\/fr\/wp-content\/uploads\/2026\/01\/695ceb73e225701db2f1c1ff_nanna.png\" loading=\"lazy\" alt=\"\"\/><\/p>\n","protected":false},"excerpt":{"rendered":"La Main Jaune\u00a0 Le club mythique fait son grand retour : concerts, DJ sets fa\u00e7on Boiler Room, bars&hellip;\n","protected":false},"author":2,"featured_media":647181,"comment_status":"","ping_status":"","sticky":false,"template":"","format":"standard","meta":{"footnotes":""},"categories":[1888],"tags":[11,1777,674,1011,27,12,626,25],"class_list":{"0":"post-647180","1":"post","2":"type-post","3":"status-publish","4":"format-standard","5":"has-post-thumbnail","7":"category-paris","8":"tag-actualites","9":"tag-eu","10":"tag-europe","11":"tag-fr","12":"tag-france","13":"tag-news","14":"tag-paris","15":"tag-republique-francaise"},"share_on_mastodon":{"url":"https:\/\/pubeurope.com\/@fr\/115854103569951678","error":""},"_links":{"self":[{"href":"https:\/\/www.europesays.com\/fr\/wp-json\/wp\/v2\/posts\/647180","targetHints":{"allow":["GET"]}}],"collection":[{"href":"https:\/\/www.europesays.com\/fr\/wp-json\/wp\/v2\/posts"}],"about":[{"href":"https:\/\/www.europesays.com\/fr\/wp-json\/wp\/v2\/types\/post"}],"author":[{"embeddable":true,"href":"https:\/\/www.europesays.com\/fr\/wp-json\/wp\/v2\/users\/2"}],"replies":[{"embeddable":true,"href":"https:\/\/www.europesays.com\/fr\/wp-json\/wp\/v2\/comments?post=647180"}],"version-history":[{"count":0,"href":"https:\/\/www.europesays.com\/fr\/wp-json\/wp\/v2\/posts\/647180\/revisions"}],"wp:featuredmedia":[{"embeddable":true,"href":"https:\/\/www.europesays.com\/fr\/wp-json\/wp\/v2\/media\/647181"}],"wp:attachment":[{"href":"https:\/\/www.europesays.com\/fr\/wp-json\/wp\/v2\/media?parent=647180"}],"wp:term":[{"taxonomy":"category","embeddable":true,"href":"https:\/\/www.europesays.com\/fr\/wp-json\/wp\/v2\/categories?post=647180"},{"taxonomy":"post_tag","embeddable":true,"href":"https:\/\/www.europesays.com\/fr\/wp-json\/wp\/v2\/tags?post=647180"}],"curies":[{"name":"wp","href":"https:\/\/api.w.org\/{rel}","templated":true}]}}