{"id":647184,"date":"2026-01-07T13:42:12","date_gmt":"2026-01-07T13:42:12","guid":{"rendered":"https:\/\/www.europesays.com\/fr\/647184\/"},"modified":"2026-01-07T13:42:12","modified_gmt":"2026-01-07T13:42:12","slug":"la-russie-deploie-un-sous-marin-pour-proteger-un-petrolier-contre-les-sanctions","status":"publish","type":"post","link":"https:\/\/www.europesays.com\/fr\/647184\/","title":{"rendered":"La Russie d\u00e9ploie un sous-marin pour prot\u00e9ger un p\u00e9trolier contre les sanctions &#8211;"},"content":{"rendered":"<p>La Russie aurait envoy\u00e9 un sous-marin et d&rsquo;autres moyens navals pour escorter un p\u00e9trolier frapp\u00e9 par les sanctions et suivi par les \u00c9tats-Unis, ce qui accro\u00eet fortement les tensions concernant l&rsquo;application des sanctions occidentales sur l&rsquo;\u00e9nergie.<\/p>\n<p>Le p\u00e9trolier, d\u00e9sormais appel\u00e9 <strong>Marinera<\/strong> (anciennement connu sous le nom de Bella 1), a pass\u00e9 des semaines \u00e0 \u00e9chapper \u00e0 un blocus des \u00c9tats-Unis apr\u00e8s avoir quitt\u00e9 les eaux iraniennes et tent\u00e9 d&rsquo;atteindre le Venezuela pour charger du p\u00e9trole. Selon les donn\u00e9es de suivi des navires, il s&rsquo;approche maintenant des eaux du nord de l&rsquo;Europe, un itin\u00e9raire inhabituel qui, selon les analystes, sugg\u00e8re des efforts d\u00e9lib\u00e9r\u00e9s pour \u00e9viter l&rsquo;interception.<\/p>\n<p>Les avions de surveillance et les navires des garde-c\u00f4tes am\u00e9ricains ont surveill\u00e9 de pr\u00e8s le navire, qui a d\u00e9j\u00e0 \u00e9t\u00e9 accus\u00e9 par Washington de transporter des marchandises illicites li\u00e9es au Hezbollah. Moscou a r\u00e9agi en changeant le pavillon du navire, en \u00e9mettant des protestations diplomatiques et, selon certaines sources, en d\u00e9ployant des escortes navales.<\/p>\n<p>Cet \u00e9pisode met en \u00e9vidence les risques croissants de confrontation en mer, alors que la Russie, l&rsquo;Iran et le Venezuela s&rsquo;appuient sur des \u00ab\u00a0flottes fant\u00f4mes\u00a0\u00bb pour transporter le p\u00e9trole dans le cadre des sanctions, et que les \u00c9tats-Unis redoublent d&rsquo;efforts pour \u00e9touffer ces flux dans un contexte de tensions g\u00e9opolitiques plus larges.<\/p>\n<p><img loading=\"lazy\" decoding=\"async\" id=\"img-2011783-4776983\" data-fullsize=\"\/media\/69\/russiadeployssubmarine_4776983b.png\" data-lazy=\"\" src=\"https:\/\/www.gamereactor.frhttps:\/\/www.gamereactor.fr\/media\/69\/russiadeployssubmarine_4776983_650x.png\" width=\"650\" onclick=\"if (!window.__cfRLUnblockHandlers) return false; gallery_openmodal('2011783','4776983',false,'c556184b3fe2087834850b68fa435cee');\" height=\"416\" alt=\"La Russie d\u00e9ploie un sous-marin pour prot\u00e9ger un p\u00e9trolier contre les sanctions\" class=\"rwd_col_content lazy\" data-cf-modified-ffed06b6e9e50bc893cfab35-=\"\"\/>Marinera (anciennement connu sous le nom de Bella 1) \/\/ Shutterstock<\/p>\n","protected":false},"excerpt":{"rendered":"La Russie aurait envoy\u00e9 un sous-marin et d&rsquo;autres moyens navals pour escorter un p\u00e9trolier frapp\u00e9 par les sanctions&hellip;\n","protected":false},"author":2,"featured_media":647185,"comment_status":"","ping_status":"","sticky":false,"template":"","format":"standard","meta":{"footnotes":""},"categories":[1591],"tags":[11,1887,12,1885,1886,132],"class_list":{"0":"post-647184","1":"post","2":"type-post","3":"status-publish","4":"format-standard","5":"has-post-thumbnail","7":"category-russie","8":"tag-actualites","9":"tag-federation-de-russie","10":"tag-news","11":"tag-russia","12":"tag-russian-federation","13":"tag-russie"},"share_on_mastodon":{"url":"https:\/\/pubeurope.com\/@fr\/115854111192219983","error":""},"_links":{"self":[{"href":"https:\/\/www.europesays.com\/fr\/wp-json\/wp\/v2\/posts\/647184","targetHints":{"allow":["GET"]}}],"collection":[{"href":"https:\/\/www.europesays.com\/fr\/wp-json\/wp\/v2\/posts"}],"about":[{"href":"https:\/\/www.europesays.com\/fr\/wp-json\/wp\/v2\/types\/post"}],"author":[{"embeddable":true,"href":"https:\/\/www.europesays.com\/fr\/wp-json\/wp\/v2\/users\/2"}],"replies":[{"embeddable":true,"href":"https:\/\/www.europesays.com\/fr\/wp-json\/wp\/v2\/comments?post=647184"}],"version-history":[{"count":0,"href":"https:\/\/www.europesays.com\/fr\/wp-json\/wp\/v2\/posts\/647184\/revisions"}],"wp:featuredmedia":[{"embeddable":true,"href":"https:\/\/www.europesays.com\/fr\/wp-json\/wp\/v2\/media\/647185"}],"wp:attachment":[{"href":"https:\/\/www.europesays.com\/fr\/wp-json\/wp\/v2\/media?parent=647184"}],"wp:term":[{"taxonomy":"category","embeddable":true,"href":"https:\/\/www.europesays.com\/fr\/wp-json\/wp\/v2\/categories?post=647184"},{"taxonomy":"post_tag","embeddable":true,"href":"https:\/\/www.europesays.com\/fr\/wp-json\/wp\/v2\/tags?post=647184"}],"curies":[{"name":"wp","href":"https:\/\/api.w.org\/{rel}","templated":true}]}}